{"id":10120,"date":"2022-02-07T13:35:58","date_gmt":"2022-02-07T12:35:58","guid":{"rendered":"https:\/\/van-beek.nl\/?p=10120"},"modified":"2022-02-07T13:35:58","modified_gmt":"2022-02-07T12:35:58","slug":"jubilaeum-johan-van-drongelen-es-ist-immer-wieder-ein-phantastischer-moment-wenn-eine-maschine-unsere-fabrik-verlaesst","status":"publish","type":"post","link":"https:\/\/www.van-beek.nl\/de\/jubilaeum-johan-van-drongelen-es-ist-immer-wieder-ein-phantastischer-moment-wenn-eine-maschine-unsere-fabrik-verlaesst\/","title":{"rendered":"Jubil\u00e4um Johan van Drongelen: \u201eEs ist immer wieder ein phantastischer Moment, wenn eine Maschine unsere Fabrik verl\u00e4sst.\u201c"},"content":{"rendered":"<p><strong>Angefangen hat er in der Fabrik, jetzt ist sein Platz im B\u00fcro: die nicht allt\u00e4gliche Entwicklung hat daf\u00fcr gesorgt, dass Johan van Drongelen (52) mit beiden Welten vertraut ist. Der Maschinenbauer begann seine Karriere bei Van Beek im Juni 1991 als Stahlbauschlosser und Schwei\u00dfer. Nach fast zehn Jahren stieg er in das Konstruktionsb\u00fcro um. \u201eDadurch kann ich auf andere Erfahrungen zur\u00fcckgreifen als die Maschinenbauer, die nie in der Produktionshalle gearbeitet haben\u201c, sagte der Jubilar Van Drongelen.<\/strong><\/p>\n<p><strong>\u00a0<\/strong>Der Maschinenbauer hat fr\u00fcher selbst Schneckenf\u00f6rderer gebaut, kennt sich mit unterschiedlichen Schwei\u00dfverfahren aus und wei\u00df daher, was beim Schwei\u00dfen m\u00f6glich ist. Dennoch hat es Van Drongelen nie bereut, dass er seinen Schwei\u00dfbrenner gegen einen (digitalen) Stift eingetauscht hat. Er konnte gleich nach dem Schulabschluss bei Van Beek anfangen, wo er schon als Praktikant von der Fachoberschule f\u00fcr Technik Werkstattluft schnuppern konnte. \u201eNach dem Schulabschluss wollte ich am liebsten in das Konstruktionsb\u00fcro, aber es gab keine freie Stelle. Ich habe fast zehn Jahre in der Produktion gearbeitet, bis endlich eine Stelle frei wurde und der damalige Gesch\u00e4ftsf\u00fchrer mir die Chance bot, meinen Traum zu verwirklichen.\u201c<\/p>\n<p><strong>Erstes Konstruktionsprojekt<br \/>\n<\/strong>Dass es ihm auch nach 20 Jahren in der Arbeitsvorbereitung nicht langweilig ist, zeigt sich an der Energie und Erf\u00fcllung, die ihm die Arbeit noch t\u00e4glich bietet. Dazu tragen auch das lebenslange Lernen, die Technik, die sich st\u00e4ndig weiterentwickelt, und die Projektleitung bei. \u201eAlles, was wir herstellen, ist auf den Kunden zugeschnitten. \u00dcber jede Maschine, die wir liefern, haben wir gr\u00fcndlich nachgedacht. Es ist jedes Mal wieder unglaublich sch\u00f6n, zu sehen, wie eine individuell gefertigte Maschine unsere Fabrik verl\u00e4sst\u201c, sagte Van Drongelen l\u00e4chelnd. Der engagierte Maschinenbauer erinnert sich noch lebhaft an sein erstes Konstruktionsprojekt: Es ging um eine Kombination eines Schneckenw\u00e4rmetauschers mit einem klassischen Schneckenf\u00f6rderer, der Granulat abk\u00fchlen sollte. \u201eDiese Kombination ist immer noch etwas Besonderes f\u00fcr mich. Es geht dabei um viel mehr als Engineering\u201c, sagte Van Drongelen, der seinen wissbegierigen Geist st\u00e4ndig durch Kurse, Webinars und Fachmessen mit neuen Informationen speist. Seine Freizeit verbringt er aber am liebsten mit seiner Frau und seinen beiden Kindern. \u201eMeine Familie ist sehr wichtig f\u00fcr mich, f\u00fcr sie tue ich schlie\u00dflich das alles. Wir machen gerne Radtouren, gehen mit dem Hund spazieren und ich treffe mich gerne mal mit Freunden auf ein Bier.\u201c<\/p>\n<p><strong>Lebensgro\u00dfe Zeichnung<br \/>\n<\/strong>L\u00e4chelnd denkt er an eine Begebenheit zur\u00fcck. Als die Digitalisierung der Produktionsumgebung noch in den Kinderschuhen steckte, hat ein Kollege notgedrungenerma\u00dfen eine Zeichnung auf dem Boden der Fabrikhalle gemacht. \u201eEin Au\u00dfendienstmitarbeiter hat die Produkte, die er brauchte, auf einem Block skizziert, aber die Zeichnung war sehr undeutlich. Da hat er ein St\u00fcck Kreide genommen und seinen Entwurf in Originalgr\u00f6\u00dfe auf den Hallenboden gezeichnet. Einige Bleche aus dem Lagerregal verdeutlichten das Ganze\u201c, berichtete Van Drongelen. Er ist dankbar, dass Van Beek mit der Zeit mitging und die Arbeitsvorbereiter jetzt ein Grafiktablett benutzen.<\/p>\n<p><strong>Verwurzelt<br \/>\n<\/strong>Dass der Jubilar sich bei Van Beek komplett zu Hause f\u00fchlt, steht fest. Die Zusammenarbeit mit Leuten in einer guten Atmosph\u00e4re, die er in- und auswendig kennt, in einem Betrieb mit einer soliden Basis, das alles sorgt daf\u00fcr, dass Van Drongelen kein Bed\u00fcrfnis f\u00fchlt, sich woanders umzusehen. Im Gegenteil, seine Arbeit ist noch lange nicht getan. \u201eVan Beek wird sich st\u00e4ndig weiterentwickeln, neue Technologien adaptieren und sich auf dem Markt manifestieren.\u201c<\/p>\n","protected":false},"excerpt":{"rendered":"<p>Angefangen hat er in der Fabrik, jetzt ist sein Platz im B\u00fcro: die nicht allt\u00e4gliche Entwicklung hat daf\u00fcr gesorgt, dass Johan van Drongelen (52) mit beiden Welten vertraut ist. Der Maschinenbauer begann seine Karriere bei Van Beek im Juni 1991 als Stahlbauschlosser und Schwei\u00dfer. Nach fast zehn Jahren stieg er in das Konstruktionsb\u00fcro um. \u201eDadurch [&hellip;]<\/p>\n","protected":false},"author":5,"featured_media":10121,"comment_status":"open","ping_status":"closed","sticky":false,"template":"","format":"standard","meta":{"_acf_changed":false,"content-type":"","inline_featured_image":false,"footnotes":""},"categories":[29],"tags":[],"class_list":["post-10120","post","type-post","status-publish","format-standard","has-post-thumbnail","hentry","category-beek-de"],"acf":[],"yoast_head":"<!-- This site is optimized with the Yoast SEO plugin v27.5 - https:\/\/yoast.com\/product\/yoast-seo-wordpress\/ -->\n<title>Jubil\u00e4um Johan van Drongelen: \u201eEs ist immer wieder ein phantastischer Moment, wenn eine Maschine unsere Fabrik verl\u00e4sst.\u201c - Van Beek Schroeftransport<\/title>\n<meta name=\"robots\" content=\"index, follow, max-snippet:-1, max-image-preview:large, max-video-preview:-1\" \/>\n<link rel=\"canonical\" href=\"https:\/\/www.van-beek.nl\/de\/jubilaeum-johan-van-drongelen-es-ist-immer-wieder-ein-phantastischer-moment-wenn-eine-maschine-unsere-fabrik-verlaesst\/\" \/>\n<meta property=\"og:locale\" content=\"de_DE\" \/>\n<meta property=\"og:type\" content=\"article\" \/>\n<meta property=\"og:title\" content=\"Jubil\u00e4um Johan van Drongelen: \u201eEs ist immer wieder ein phantastischer Moment, wenn eine Maschine unsere Fabrik verl\u00e4sst.\u201c - Van Beek Schroeftransport\" \/>\n<meta property=\"og:description\" content=\"Angefangen hat er in der Fabrik, jetzt ist sein Platz im B\u00fcro: die nicht allt\u00e4gliche Entwicklung hat daf\u00fcr gesorgt, dass Johan van Drongelen (52) mit beiden Welten vertraut ist. Der Maschinenbauer begann seine Karriere bei Van Beek im Juni 1991 als Stahlbauschlosser und Schwei\u00dfer. Nach fast zehn Jahren stieg er in das Konstruktionsb\u00fcro um. \u201eDadurch [&hellip;]\" \/>\n<meta property=\"og:url\" content=\"https:\/\/www.van-beek.nl\/de\/jubilaeum-johan-van-drongelen-es-ist-immer-wieder-ein-phantastischer-moment-wenn-eine-maschine-unsere-fabrik-verlaesst\/\" \/>\n<meta property=\"og:site_name\" content=\"Van Beek Schroeftransport\" \/>\n<meta property=\"article:published_time\" content=\"2022-02-07T12:35:58+00:00\" \/>\n<meta property=\"og:image\" content=\"https:\/\/www.van-beek.nl\/wp-content\/uploads\/2022\/02\/20220202_103428-1-scaled.jpg\" \/>\n\t<meta property=\"og:image:width\" content=\"1920\" \/>\n\t<meta property=\"og:image:height\" content=\"2560\" \/>\n\t<meta property=\"og:image:type\" content=\"image\/jpeg\" \/>\n<meta name=\"author\" content=\"Birgit\" \/>\n<meta name=\"twitter:card\" content=\"summary_large_image\" \/>\n<meta name=\"twitter:label1\" content=\"Verfasst von\" \/>\n\t<meta name=\"twitter:data1\" content=\"Birgit\" \/>\n\t<meta name=\"twitter:label2\" content=\"Gesch\u00e4tzte Lesezeit\" \/>\n\t<meta name=\"twitter:data2\" content=\"3\u00a0Minuten\" \/>\n<script type=\"application\/ld+json\" class=\"yoast-schema-graph\">{\"@context\":\"https:\\\/\\\/schema.org\",\"@graph\":[{\"@type\":\"Article\",\"@id\":\"https:\\\/\\\/www.van-beek.nl\\\/de\\\/jubilaeum-johan-van-drongelen-es-ist-immer-wieder-ein-phantastischer-moment-wenn-eine-maschine-unsere-fabrik-verlaesst\\\/#article\",\"isPartOf\":{\"@id\":\"https:\\\/\\\/www.van-beek.nl\\\/de\\\/jubilaeum-johan-van-drongelen-es-ist-immer-wieder-ein-phantastischer-moment-wenn-eine-maschine-unsere-fabrik-verlaesst\\\/\"},\"author\":{\"name\":\"Birgit\",\"@id\":\"https:\\\/\\\/www.van-beek.nl\\\/de\\\/#\\\/schema\\\/person\\\/1a0605f4f0a605c2997f2e484e274470\"},\"headline\":\"Jubil\u00e4um Johan van Drongelen: \u201eEs ist immer wieder ein phantastischer Moment, wenn eine Maschine unsere Fabrik verl\u00e4sst.\u201c\",\"datePublished\":\"2022-02-07T12:35:58+00:00\",\"mainEntityOfPage\":{\"@id\":\"https:\\\/\\\/www.van-beek.nl\\\/de\\\/jubilaeum-johan-van-drongelen-es-ist-immer-wieder-ein-phantastischer-moment-wenn-eine-maschine-unsere-fabrik-verlaesst\\\/\"},\"wordCount\":598,\"commentCount\":0,\"publisher\":{\"@id\":\"https:\\\/\\\/www.van-beek.nl\\\/de\\\/#organization\"},\"image\":{\"@id\":\"https:\\\/\\\/www.van-beek.nl\\\/de\\\/jubilaeum-johan-van-drongelen-es-ist-immer-wieder-ein-phantastischer-moment-wenn-eine-maschine-unsere-fabrik-verlaesst\\\/#primaryimage\"},\"thumbnailUrl\":\"https:\\\/\\\/www.van-beek.nl\\\/wp-content\\\/uploads\\\/2022\\\/02\\\/20220202_103428-1-scaled.jpg\",\"articleSection\":[\"Beek\"],\"inLanguage\":\"de\",\"potentialAction\":[{\"@type\":\"CommentAction\",\"name\":\"Comment\",\"target\":[\"https:\\\/\\\/www.van-beek.nl\\\/de\\\/jubilaeum-johan-van-drongelen-es-ist-immer-wieder-ein-phantastischer-moment-wenn-eine-maschine-unsere-fabrik-verlaesst\\\/#respond\"]}]},{\"@type\":\"WebPage\",\"@id\":\"https:\\\/\\\/www.van-beek.nl\\\/de\\\/jubilaeum-johan-van-drongelen-es-ist-immer-wieder-ein-phantastischer-moment-wenn-eine-maschine-unsere-fabrik-verlaesst\\\/\",\"url\":\"https:\\\/\\\/www.van-beek.nl\\\/de\\\/jubilaeum-johan-van-drongelen-es-ist-immer-wieder-ein-phantastischer-moment-wenn-eine-maschine-unsere-fabrik-verlaesst\\\/\",\"name\":\"Jubil\u00e4um Johan van Drongelen: \u201eEs ist immer wieder ein phantastischer Moment, wenn eine Maschine unsere Fabrik verl\u00e4sst.\u201c - Van Beek Schroeftransport\",\"isPartOf\":{\"@id\":\"https:\\\/\\\/www.van-beek.nl\\\/de\\\/#website\"},\"primaryImageOfPage\":{\"@id\":\"https:\\\/\\\/www.van-beek.nl\\\/de\\\/jubilaeum-johan-van-drongelen-es-ist-immer-wieder-ein-phantastischer-moment-wenn-eine-maschine-unsere-fabrik-verlaesst\\\/#primaryimage\"},\"image\":{\"@id\":\"https:\\\/\\\/www.van-beek.nl\\\/de\\\/jubilaeum-johan-van-drongelen-es-ist-immer-wieder-ein-phantastischer-moment-wenn-eine-maschine-unsere-fabrik-verlaesst\\\/#primaryimage\"},\"thumbnailUrl\":\"https:\\\/\\\/www.van-beek.nl\\\/wp-content\\\/uploads\\\/2022\\\/02\\\/20220202_103428-1-scaled.jpg\",\"datePublished\":\"2022-02-07T12:35:58+00:00\",\"breadcrumb\":{\"@id\":\"https:\\\/\\\/www.van-beek.nl\\\/de\\\/jubilaeum-johan-van-drongelen-es-ist-immer-wieder-ein-phantastischer-moment-wenn-eine-maschine-unsere-fabrik-verlaesst\\\/#breadcrumb\"},\"inLanguage\":\"de\",\"potentialAction\":[{\"@type\":\"ReadAction\",\"target\":[\"https:\\\/\\\/www.van-beek.nl\\\/de\\\/jubilaeum-johan-van-drongelen-es-ist-immer-wieder-ein-phantastischer-moment-wenn-eine-maschine-unsere-fabrik-verlaesst\\\/\"]}]},{\"@type\":\"ImageObject\",\"inLanguage\":\"de\",\"@id\":\"https:\\\/\\\/www.van-beek.nl\\\/de\\\/jubilaeum-johan-van-drongelen-es-ist-immer-wieder-ein-phantastischer-moment-wenn-eine-maschine-unsere-fabrik-verlaesst\\\/#primaryimage\",\"url\":\"https:\\\/\\\/www.van-beek.nl\\\/wp-content\\\/uploads\\\/2022\\\/02\\\/20220202_103428-1-scaled.jpg\",\"contentUrl\":\"https:\\\/\\\/www.van-beek.nl\\\/wp-content\\\/uploads\\\/2022\\\/02\\\/20220202_103428-1-scaled.jpg\",\"width\":1920,\"height\":2560},{\"@type\":\"BreadcrumbList\",\"@id\":\"https:\\\/\\\/www.van-beek.nl\\\/de\\\/jubilaeum-johan-van-drongelen-es-ist-immer-wieder-ein-phantastischer-moment-wenn-eine-maschine-unsere-fabrik-verlaesst\\\/#breadcrumb\",\"itemListElement\":[{\"@type\":\"ListItem\",\"position\":1,\"name\":\"Home\",\"item\":\"https:\\\/\\\/www.van-beek.nl\\\/de\\\/\"},{\"@type\":\"ListItem\",\"position\":2,\"name\":\"Jubil\u00e4um Johan van Drongelen: \u201eEs ist immer wieder ein phantastischer Moment, wenn eine Maschine unsere Fabrik verl\u00e4sst.\u201c\"}]},{\"@type\":\"WebSite\",\"@id\":\"https:\\\/\\\/www.van-beek.nl\\\/de\\\/#website\",\"url\":\"https:\\\/\\\/www.van-beek.nl\\\/de\\\/\",\"name\":\"Van Beek Schroeftransport\",\"description\":\"\",\"publisher\":{\"@id\":\"https:\\\/\\\/www.van-beek.nl\\\/de\\\/#organization\"},\"potentialAction\":[{\"@type\":\"SearchAction\",\"target\":{\"@type\":\"EntryPoint\",\"urlTemplate\":\"https:\\\/\\\/www.van-beek.nl\\\/de\\\/?s={search_term_string}\"},\"query-input\":{\"@type\":\"PropertyValueSpecification\",\"valueRequired\":true,\"valueName\":\"search_term_string\"}}],\"inLanguage\":\"de\"},{\"@type\":\"Organization\",\"@id\":\"https:\\\/\\\/www.van-beek.nl\\\/de\\\/#organization\",\"name\":\"Transportschroeven- en machinefabriek Van Beek B.V.\",\"url\":\"https:\\\/\\\/www.van-beek.nl\\\/de\\\/\",\"logo\":{\"@type\":\"ImageObject\",\"inLanguage\":\"de\",\"@id\":\"https:\\\/\\\/www.van-beek.nl\\\/de\\\/#\\\/schema\\\/logo\\\/image\\\/\",\"url\":\"https:\\\/\\\/van-beek.nl\\\/wp-content\\\/uploads\\\/2020\\\/04\\\/VanBeek-logo.png\",\"contentUrl\":\"https:\\\/\\\/van-beek.nl\\\/wp-content\\\/uploads\\\/2020\\\/04\\\/VanBeek-logo.png\",\"width\":116,\"height\":22,\"caption\":\"Transportschroeven- en machinefabriek Van Beek B.V.\"},\"image\":{\"@id\":\"https:\\\/\\\/www.van-beek.nl\\\/de\\\/#\\\/schema\\\/logo\\\/image\\\/\"}},{\"@type\":\"Person\",\"@id\":\"https:\\\/\\\/www.van-beek.nl\\\/de\\\/#\\\/schema\\\/person\\\/1a0605f4f0a605c2997f2e484e274470\",\"name\":\"Birgit\",\"image\":{\"@type\":\"ImageObject\",\"inLanguage\":\"de\",\"@id\":\"https:\\\/\\\/secure.gravatar.com\\\/avatar\\\/02b3dab0a329e4add93a0160a1588896c20ecbe51cf814ca65eb69d16af71b4c?s=96&d=mm&r=g\",\"url\":\"https:\\\/\\\/secure.gravatar.com\\\/avatar\\\/02b3dab0a329e4add93a0160a1588896c20ecbe51cf814ca65eb69d16af71b4c?s=96&d=mm&r=g\",\"contentUrl\":\"https:\\\/\\\/secure.gravatar.com\\\/avatar\\\/02b3dab0a329e4add93a0160a1588896c20ecbe51cf814ca65eb69d16af71b4c?s=96&d=mm&r=g\",\"caption\":\"Birgit\"}}]}<\/script>\n<!-- \/ Yoast SEO plugin. -->","yoast_head_json":{"title":"Jubil\u00e4um Johan van Drongelen: \u201eEs ist immer wieder ein phantastischer Moment, wenn eine Maschine unsere Fabrik verl\u00e4sst.\u201c - Van Beek Schroeftransport","robots":{"index":"index","follow":"follow","max-snippet":"max-snippet:-1","max-image-preview":"max-image-preview:large","max-video-preview":"max-video-preview:-1"},"canonical":"https:\/\/www.van-beek.nl\/de\/jubilaeum-johan-van-drongelen-es-ist-immer-wieder-ein-phantastischer-moment-wenn-eine-maschine-unsere-fabrik-verlaesst\/","og_locale":"de_DE","og_type":"article","og_title":"Jubil\u00e4um Johan van Drongelen: \u201eEs ist immer wieder ein phantastischer Moment, wenn eine Maschine unsere Fabrik verl\u00e4sst.\u201c - Van Beek Schroeftransport","og_description":"Angefangen hat er in der Fabrik, jetzt ist sein Platz im B\u00fcro: die nicht allt\u00e4gliche Entwicklung hat daf\u00fcr gesorgt, dass Johan van Drongelen (52) mit beiden Welten vertraut ist. Der Maschinenbauer begann seine Karriere bei Van Beek im Juni 1991 als Stahlbauschlosser und Schwei\u00dfer. Nach fast zehn Jahren stieg er in das Konstruktionsb\u00fcro um. \u201eDadurch [&hellip;]","og_url":"https:\/\/www.van-beek.nl\/de\/jubilaeum-johan-van-drongelen-es-ist-immer-wieder-ein-phantastischer-moment-wenn-eine-maschine-unsere-fabrik-verlaesst\/","og_site_name":"Van Beek Schroeftransport","article_published_time":"2022-02-07T12:35:58+00:00","og_image":[{"width":1920,"height":2560,"url":"https:\/\/www.van-beek.nl\/wp-content\/uploads\/2022\/02\/20220202_103428-1-scaled.jpg","type":"image\/jpeg"}],"author":"Birgit","twitter_card":"summary_large_image","twitter_misc":{"Verfasst von":"Birgit","Gesch\u00e4tzte Lesezeit":"3\u00a0Minuten"},"schema":{"@context":"https:\/\/schema.org","@graph":[{"@type":"Article","@id":"https:\/\/www.van-beek.nl\/de\/jubilaeum-johan-van-drongelen-es-ist-immer-wieder-ein-phantastischer-moment-wenn-eine-maschine-unsere-fabrik-verlaesst\/#article","isPartOf":{"@id":"https:\/\/www.van-beek.nl\/de\/jubilaeum-johan-van-drongelen-es-ist-immer-wieder-ein-phantastischer-moment-wenn-eine-maschine-unsere-fabrik-verlaesst\/"},"author":{"name":"Birgit","@id":"https:\/\/www.van-beek.nl\/de\/#\/schema\/person\/1a0605f4f0a605c2997f2e484e274470"},"headline":"Jubil\u00e4um Johan van Drongelen: \u201eEs ist immer wieder ein phantastischer Moment, wenn eine Maschine unsere Fabrik verl\u00e4sst.\u201c","datePublished":"2022-02-07T12:35:58+00:00","mainEntityOfPage":{"@id":"https:\/\/www.van-beek.nl\/de\/jubilaeum-johan-van-drongelen-es-ist-immer-wieder-ein-phantastischer-moment-wenn-eine-maschine-unsere-fabrik-verlaesst\/"},"wordCount":598,"commentCount":0,"publisher":{"@id":"https:\/\/www.van-beek.nl\/de\/#organization"},"image":{"@id":"https:\/\/www.van-beek.nl\/de\/jubilaeum-johan-van-drongelen-es-ist-immer-wieder-ein-phantastischer-moment-wenn-eine-maschine-unsere-fabrik-verlaesst\/#primaryimage"},"thumbnailUrl":"https:\/\/www.van-beek.nl\/wp-content\/uploads\/2022\/02\/20220202_103428-1-scaled.jpg","articleSection":["Beek"],"inLanguage":"de","potentialAction":[{"@type":"CommentAction","name":"Comment","target":["https:\/\/www.van-beek.nl\/de\/jubilaeum-johan-van-drongelen-es-ist-immer-wieder-ein-phantastischer-moment-wenn-eine-maschine-unsere-fabrik-verlaesst\/#respond"]}]},{"@type":"WebPage","@id":"https:\/\/www.van-beek.nl\/de\/jubilaeum-johan-van-drongelen-es-ist-immer-wieder-ein-phantastischer-moment-wenn-eine-maschine-unsere-fabrik-verlaesst\/","url":"https:\/\/www.van-beek.nl\/de\/jubilaeum-johan-van-drongelen-es-ist-immer-wieder-ein-phantastischer-moment-wenn-eine-maschine-unsere-fabrik-verlaesst\/","name":"Jubil\u00e4um Johan van Drongelen: \u201eEs ist immer wieder ein phantastischer Moment, wenn eine Maschine unsere Fabrik verl\u00e4sst.\u201c - Van Beek Schroeftransport","isPartOf":{"@id":"https:\/\/www.van-beek.nl\/de\/#website"},"primaryImageOfPage":{"@id":"https:\/\/www.van-beek.nl\/de\/jubilaeum-johan-van-drongelen-es-ist-immer-wieder-ein-phantastischer-moment-wenn-eine-maschine-unsere-fabrik-verlaesst\/#primaryimage"},"image":{"@id":"https:\/\/www.van-beek.nl\/de\/jubilaeum-johan-van-drongelen-es-ist-immer-wieder-ein-phantastischer-moment-wenn-eine-maschine-unsere-fabrik-verlaesst\/#primaryimage"},"thumbnailUrl":"https:\/\/www.van-beek.nl\/wp-content\/uploads\/2022\/02\/20220202_103428-1-scaled.jpg","datePublished":"2022-02-07T12:35:58+00:00","breadcrumb":{"@id":"https:\/\/www.van-beek.nl\/de\/jubilaeum-johan-van-drongelen-es-ist-immer-wieder-ein-phantastischer-moment-wenn-eine-maschine-unsere-fabrik-verlaesst\/#breadcrumb"},"inLanguage":"de","potentialAction":[{"@type":"ReadAction","target":["https:\/\/www.van-beek.nl\/de\/jubilaeum-johan-van-drongelen-es-ist-immer-wieder-ein-phantastischer-moment-wenn-eine-maschine-unsere-fabrik-verlaesst\/"]}]},{"@type":"ImageObject","inLanguage":"de","@id":"https:\/\/www.van-beek.nl\/de\/jubilaeum-johan-van-drongelen-es-ist-immer-wieder-ein-phantastischer-moment-wenn-eine-maschine-unsere-fabrik-verlaesst\/#primaryimage","url":"https:\/\/www.van-beek.nl\/wp-content\/uploads\/2022\/02\/20220202_103428-1-scaled.jpg","contentUrl":"https:\/\/www.van-beek.nl\/wp-content\/uploads\/2022\/02\/20220202_103428-1-scaled.jpg","width":1920,"height":2560},{"@type":"BreadcrumbList","@id":"https:\/\/www.van-beek.nl\/de\/jubilaeum-johan-van-drongelen-es-ist-immer-wieder-ein-phantastischer-moment-wenn-eine-maschine-unsere-fabrik-verlaesst\/#breadcrumb","itemListElement":[{"@type":"ListItem","position":1,"name":"Home","item":"https:\/\/www.van-beek.nl\/de\/"},{"@type":"ListItem","position":2,"name":"Jubil\u00e4um Johan van Drongelen: \u201eEs ist immer wieder ein phantastischer Moment, wenn eine Maschine unsere Fabrik verl\u00e4sst.\u201c"}]},{"@type":"WebSite","@id":"https:\/\/www.van-beek.nl\/de\/#website","url":"https:\/\/www.van-beek.nl\/de\/","name":"Van Beek Schroeftransport","description":"","publisher":{"@id":"https:\/\/www.van-beek.nl\/de\/#organization"},"potentialAction":[{"@type":"SearchAction","target":{"@type":"EntryPoint","urlTemplate":"https:\/\/www.van-beek.nl\/de\/?s={search_term_string}"},"query-input":{"@type":"PropertyValueSpecification","valueRequired":true,"valueName":"search_term_string"}}],"inLanguage":"de"},{"@type":"Organization","@id":"https:\/\/www.van-beek.nl\/de\/#organization","name":"Transportschroeven- en machinefabriek Van Beek B.V.","url":"https:\/\/www.van-beek.nl\/de\/","logo":{"@type":"ImageObject","inLanguage":"de","@id":"https:\/\/www.van-beek.nl\/de\/#\/schema\/logo\/image\/","url":"https:\/\/van-beek.nl\/wp-content\/uploads\/2020\/04\/VanBeek-logo.png","contentUrl":"https:\/\/van-beek.nl\/wp-content\/uploads\/2020\/04\/VanBeek-logo.png","width":116,"height":22,"caption":"Transportschroeven- en machinefabriek Van Beek B.V."},"image":{"@id":"https:\/\/www.van-beek.nl\/de\/#\/schema\/logo\/image\/"}},{"@type":"Person","@id":"https:\/\/www.van-beek.nl\/de\/#\/schema\/person\/1a0605f4f0a605c2997f2e484e274470","name":"Birgit","image":{"@type":"ImageObject","inLanguage":"de","@id":"https:\/\/secure.gravatar.com\/avatar\/02b3dab0a329e4add93a0160a1588896c20ecbe51cf814ca65eb69d16af71b4c?s=96&d=mm&r=g","url":"https:\/\/secure.gravatar.com\/avatar\/02b3dab0a329e4add93a0160a1588896c20ecbe51cf814ca65eb69d16af71b4c?s=96&d=mm&r=g","contentUrl":"https:\/\/secure.gravatar.com\/avatar\/02b3dab0a329e4add93a0160a1588896c20ecbe51cf814ca65eb69d16af71b4c?s=96&d=mm&r=g","caption":"Birgit"}}]}},"_links":{"self":[{"href":"https:\/\/www.van-beek.nl\/de\/wp-json\/wp\/v2\/posts\/10120","targetHints":{"allow":["GET"]}}],"collection":[{"href":"https:\/\/www.van-beek.nl\/de\/wp-json\/wp\/v2\/posts"}],"about":[{"href":"https:\/\/www.van-beek.nl\/de\/wp-json\/wp\/v2\/types\/post"}],"author":[{"embeddable":true,"href":"https:\/\/www.van-beek.nl\/de\/wp-json\/wp\/v2\/users\/5"}],"replies":[{"embeddable":true,"href":"https:\/\/www.van-beek.nl\/de\/wp-json\/wp\/v2\/comments?post=10120"}],"version-history":[{"count":1,"href":"https:\/\/www.van-beek.nl\/de\/wp-json\/wp\/v2\/posts\/10120\/revisions"}],"predecessor-version":[{"id":10124,"href":"https:\/\/www.van-beek.nl\/de\/wp-json\/wp\/v2\/posts\/10120\/revisions\/10124"}],"wp:featuredmedia":[{"embeddable":true,"href":"https:\/\/www.van-beek.nl\/de\/wp-json\/wp\/v2\/media\/10121"}],"wp:attachment":[{"href":"https:\/\/www.van-beek.nl\/de\/wp-json\/wp\/v2\/media?parent=10120"}],"wp:term":[{"taxonomy":"category","embeddable":true,"href":"https:\/\/www.van-beek.nl\/de\/wp-json\/wp\/v2\/categories?post=10120"},{"taxonomy":"post_tag","embeddable":true,"href":"https:\/\/www.van-beek.nl\/de\/wp-json\/wp\/v2\/tags?post=10120"}],"curies":[{"name":"wp","href":"https:\/\/api.w.org\/{rel}","templated":true}]}}