{"id":10125,"date":"2022-02-07T13:39:09","date_gmt":"2022-02-07T12:39:09","guid":{"rendered":"https:\/\/van-beek.nl\/?p=10125"},"modified":"2024-01-18T14:40:36","modified_gmt":"2024-01-18T12:40:36","slug":"jubilaeum-jeroen-van-wijk-ich-blicke-immer-noch-voller-bewunderung-auf-schneckenfoerderer","status":"publish","type":"post","link":"https:\/\/www.van-beek.nl\/de\/jubilaeum-jeroen-van-wijk-ich-blicke-immer-noch-voller-bewunderung-auf-schneckenfoerderer\/","title":{"rendered":"Jubil\u00e4um Jeroen van Wijk: \u201eIch blicke immer noch voller Bewunderung auf Schneckenf\u00f6rderer\u201c"},"content":{"rendered":"<p><strong>W\u00e4hrend der drei Jahrzehnte, die Jeroen van Wijk (58) bereits bei Van Beek arbeitet, hat er miterlebt, wie sich das Unternehmen von einem Handwerksbetrieb zu einem innovativen Akteur von Weltrang entwickelt hat. Warum er dem Spezialisten f\u00fcr Schneckenf\u00f6rderer all die Jahre, seit M\u00e4rz 1991, treu geblieben ist? Der famili\u00e4re Umgang miteinander, die Zusammengeh\u00f6rigkeit und das gemeinsame Engagement mit den Kollegen f\u00fcr den Beruf waren ausschlaggebend. \u201eVan Beek hat sich in den letzten Jahren stark entwickelt. Dass ich dazu beitragen konnte, macht mich stolz!\u201c, erkl\u00e4rte der Jubilar.<\/strong><\/p>\n<p>Der technisch geschulte Stahlbauschlosser Van Wijk war gleich vom am ersten Tag an Feuer und Flamme, als er die quirlige Fabrikhalle in Sprang-Capelle betrat, wo das Unternehmen damals seinen Sitz hatte. Der ehemalige Fahrlehrer fand durch die t\u00e4gliche Besch\u00e4ftigung mit kreativer, fassbarer und pr\u00e4ziser Arbeit mit Gleichgesinnten zur\u00fcck zu seiner alten Liebe: handwerklicher Technik. \u201eIch finde, dass der Schneckenf\u00f6rderer ein unglaublich interessantes Objekt ist. Das dahinterliegende Prinzip ist so sch\u00f6n. Es ist toll, dass jemand diese Technik mal erfunden hat.\u201c<\/p>\n<p><strong>Weitreichende Passion<br \/>\n<\/strong>Die Faszination f\u00fcr das Kernprodukt von Van Beek geht bei Van Wijk so weit, dass er vor f\u00fcnf Jahren sogar ein Tattoo von einem Schneckengewinde auf seinen rechten Unterarm stechen lie\u00df. Manche haben ihn f\u00fcr verr\u00fcckt gehalten, andere verstehen den Mann, der schon \u00f6fters wichtige Ereignisse in seinem Leben mit Tinte verewigt hat. \u201eIch habe Van Beek und den Schneckenf\u00f6rderern viel zu verdanken. Ich kann einen Schneckenf\u00f6rderer immer noch voller Bewunderung anschauen\u201c, sagte Van Wijk.<\/p>\n<p><strong>Kreativit\u00e4t<br \/>\n<\/strong>Der Jubilar erinnert sich an sein erstes Projekt bei Van Beek, als w\u00e4re es gestern gewesen. Es w\u00fcrde ihn nicht erstaunen, wenn die damaligen Schneckenf\u00f6rderer noch heute im Einsatz sind: \u201eEs war ein Auftrag f\u00fcr vier Schneckenf\u00f6rderer aus Stahl in einer Zeit, in der wir drei Tage f\u00fcr die Herstellung von einem brauchten. Jetzt werden die Maschinen in Einzelteilen geliefert und schwei\u00dfen wir alles sorgf\u00e4ltig und fachkundig aneinander.\u201c Der Jubilar versteht, dass das Unternehmen mit der Zeit gehen muss, aber er vermisst die handwerklich-kreative Seite des Berufs. Dieses Manko wird, wie er sagt, im Au\u00dfendienst wieder gutgemacht. \u201eBeim Kunden ist man viel kreativer und selbst\u00e4ndiger als bei der Produktion. Man lernt viel aus den Gespr\u00e4chen mit den Kunden und kann viel selbst regeln. Dort f\u00fchle ich mich echt zu Hause.\u201c<\/p>\n<p><strong>Wissbegier<br \/>\n<\/strong>Der in der niederl\u00e4ndischen Provinz Brabant aufgewachsene Van Wijk beschreibt sich als ehrlichen, fr\u00f6hlichen und positiv gestimmten Gef\u00fchlsmenschen, der auch seine Freizeit kreativ gestaltet. Er t\u00fcftelt gerne im Schuppen, in dem eine Werkbank, Schneidemaschine und ein Schwei\u00dfger\u00e4t stehen. Aber er spielt auch die Gro\u00dfe Trommel in einem geselligen Karnevalsorchester und liest begeistert die niederl\u00e4ndische popul\u00e4rwissenschaftliche Zeitschrift Quest. \u201eDie Artikel in Quest sind unterhaltsam und informativ. Aber ich k\u00f6nnte genauso gut stundenlang in einer Enzyklop\u00e4die bl\u00e4ttern\u201c, sagte der nach eigener Auskunft wissbegierige Van Wijk. Am liebsten aber reist er durch Australien. Er hat das Land schon zweimal besucht. Wenn Corona es zul\u00e4sst, f\u00e4hrt er bald ein drittes Mal. \u201eDas Land ist so sch\u00f6n, so weit, so frei. Man kann stundenlang herumfahren ohne jemanden zu treffen. Die Australier sind au\u00dferdem sehr freundlich und das Wetter ist wunderbar. Ich k\u00f6nnte mich dort sehr wohlf\u00fchlen.\u201c Er m\u00f6chte seine Kinder und Enkel nicht vermissen, ansonsten w\u00e4re Van Wijk schon l\u00e4ngst nach Australien emigriert.<\/p>\n<p>Der Jubilar schaut dankbar und mit einem guten Gef\u00fchl zur\u00fcck auf seine 30 Jahre bei Van Beek. Welchen weisen Rat er dem Jeroen van Wijk von damals geben w\u00fcrde? \u201eDas Leben geht halt, wohin es geht. Du kannst nicht alles beeinflussen. Bleibe positiv und genie\u00dfe das Leben!\u201c<\/p>\n","protected":false},"excerpt":{"rendered":"<p>W\u00e4hrend der drei Jahrzehnte, die Jeroen van Wijk (58) bereits bei Van Beek arbeitet, hat er miterlebt, wie sich das Unternehmen von einem Handwerksbetrieb zu einem innovativen Akteur von Weltrang entwickelt hat. Warum er dem Spezialisten f\u00fcr Schneckenf\u00f6rderer all die Jahre, seit M\u00e4rz 1991, treu geblieben ist? Der famili\u00e4re Umgang miteinander, die Zusammengeh\u00f6rigkeit und das [&hellip;]<\/p>\n","protected":false},"author":5,"featured_media":10101,"comment_status":"open","ping_status":"closed","sticky":false,"template":"","format":"standard","meta":{"_acf_changed":false,"content-type":"","inline_featured_image":false,"footnotes":""},"categories":[29],"tags":[],"class_list":["post-10125","post","type-post","status-publish","format-standard","has-post-thumbnail","hentry","category-beek-de"],"acf":[],"yoast_head":"<!-- This site is optimized with the Yoast SEO plugin v27.5 - https:\/\/yoast.com\/product\/yoast-seo-wordpress\/ -->\n<title>Jubil\u00e4um Jeroen van Wijk: \u201eIch blicke immer noch voller Bewunderung auf Schneckenf\u00f6rderer\u201c - Van Beek Schroeftransport<\/title>\n<meta name=\"robots\" content=\"index, follow, max-snippet:-1, max-image-preview:large, max-video-preview:-1\" \/>\n<link rel=\"canonical\" href=\"https:\/\/www.van-beek.nl\/de\/jubilaeum-jeroen-van-wijk-ich-blicke-immer-noch-voller-bewunderung-auf-schneckenfoerderer\/\" \/>\n<meta property=\"og:locale\" content=\"de_DE\" \/>\n<meta property=\"og:type\" content=\"article\" \/>\n<meta property=\"og:title\" content=\"Jubil\u00e4um Jeroen van Wijk: \u201eIch blicke immer noch voller Bewunderung auf Schneckenf\u00f6rderer\u201c - Van Beek Schroeftransport\" \/>\n<meta property=\"og:description\" content=\"W\u00e4hrend der drei Jahrzehnte, die Jeroen van Wijk (58) bereits bei Van Beek arbeitet, hat er miterlebt, wie sich das Unternehmen von einem Handwerksbetrieb zu einem innovativen Akteur von Weltrang entwickelt hat. Warum er dem Spezialisten f\u00fcr Schneckenf\u00f6rderer all die Jahre, seit M\u00e4rz 1991, treu geblieben ist? Der famili\u00e4re Umgang miteinander, die Zusammengeh\u00f6rigkeit und das [&hellip;]\" \/>\n<meta property=\"og:url\" content=\"https:\/\/www.van-beek.nl\/de\/jubilaeum-jeroen-van-wijk-ich-blicke-immer-noch-voller-bewunderung-auf-schneckenfoerderer\/\" \/>\n<meta property=\"og:site_name\" content=\"Van Beek Schroeftransport\" \/>\n<meta property=\"article:published_time\" content=\"2022-02-07T12:39:09+00:00\" \/>\n<meta property=\"article:modified_time\" content=\"2024-01-18T12:40:36+00:00\" \/>\n<meta property=\"og:image\" content=\"https:\/\/www.van-beek.nl\/wp-content\/uploads\/2022\/02\/20220202_101323-scaled.jpg\" \/>\n\t<meta property=\"og:image:width\" content=\"1920\" \/>\n\t<meta property=\"og:image:height\" content=\"2560\" \/>\n\t<meta property=\"og:image:type\" content=\"image\/jpeg\" \/>\n<meta name=\"author\" content=\"Birgit\" \/>\n<meta name=\"twitter:card\" content=\"summary_large_image\" \/>\n<meta name=\"twitter:label1\" content=\"Verfasst von\" \/>\n\t<meta name=\"twitter:data1\" content=\"Birgit\" \/>\n\t<meta name=\"twitter:label2\" content=\"Gesch\u00e4tzte Lesezeit\" \/>\n\t<meta name=\"twitter:data2\" content=\"3\u00a0Minuten\" \/>\n<script type=\"application\/ld+json\" class=\"yoast-schema-graph\">{\"@context\":\"https:\\\/\\\/schema.org\",\"@graph\":[{\"@type\":\"Article\",\"@id\":\"https:\\\/\\\/www.van-beek.nl\\\/de\\\/jubilaeum-jeroen-van-wijk-ich-blicke-immer-noch-voller-bewunderung-auf-schneckenfoerderer\\\/#article\",\"isPartOf\":{\"@id\":\"https:\\\/\\\/www.van-beek.nl\\\/de\\\/jubilaeum-jeroen-van-wijk-ich-blicke-immer-noch-voller-bewunderung-auf-schneckenfoerderer\\\/\"},\"author\":{\"name\":\"Birgit\",\"@id\":\"https:\\\/\\\/www.van-beek.nl\\\/de\\\/#\\\/schema\\\/person\\\/1a0605f4f0a605c2997f2e484e274470\"},\"headline\":\"Jubil\u00e4um Jeroen van Wijk: \u201eIch blicke immer noch voller Bewunderung auf Schneckenf\u00f6rderer\u201c\",\"datePublished\":\"2022-02-07T12:39:09+00:00\",\"dateModified\":\"2024-01-18T12:40:36+00:00\",\"mainEntityOfPage\":{\"@id\":\"https:\\\/\\\/www.van-beek.nl\\\/de\\\/jubilaeum-jeroen-van-wijk-ich-blicke-immer-noch-voller-bewunderung-auf-schneckenfoerderer\\\/\"},\"wordCount\":649,\"commentCount\":0,\"publisher\":{\"@id\":\"https:\\\/\\\/www.van-beek.nl\\\/de\\\/#organization\"},\"image\":{\"@id\":\"https:\\\/\\\/www.van-beek.nl\\\/de\\\/jubilaeum-jeroen-van-wijk-ich-blicke-immer-noch-voller-bewunderung-auf-schneckenfoerderer\\\/#primaryimage\"},\"thumbnailUrl\":\"https:\\\/\\\/www.van-beek.nl\\\/wp-content\\\/uploads\\\/2022\\\/02\\\/20220202_101323-scaled.jpg\",\"articleSection\":[\"Beek\"],\"inLanguage\":\"de\",\"potentialAction\":[{\"@type\":\"CommentAction\",\"name\":\"Comment\",\"target\":[\"https:\\\/\\\/www.van-beek.nl\\\/de\\\/jubilaeum-jeroen-van-wijk-ich-blicke-immer-noch-voller-bewunderung-auf-schneckenfoerderer\\\/#respond\"]}]},{\"@type\":\"WebPage\",\"@id\":\"https:\\\/\\\/www.van-beek.nl\\\/de\\\/jubilaeum-jeroen-van-wijk-ich-blicke-immer-noch-voller-bewunderung-auf-schneckenfoerderer\\\/\",\"url\":\"https:\\\/\\\/www.van-beek.nl\\\/de\\\/jubilaeum-jeroen-van-wijk-ich-blicke-immer-noch-voller-bewunderung-auf-schneckenfoerderer\\\/\",\"name\":\"Jubil\u00e4um Jeroen van Wijk: \u201eIch blicke immer noch voller Bewunderung auf Schneckenf\u00f6rderer\u201c - Van Beek Schroeftransport\",\"isPartOf\":{\"@id\":\"https:\\\/\\\/www.van-beek.nl\\\/de\\\/#website\"},\"primaryImageOfPage\":{\"@id\":\"https:\\\/\\\/www.van-beek.nl\\\/de\\\/jubilaeum-jeroen-van-wijk-ich-blicke-immer-noch-voller-bewunderung-auf-schneckenfoerderer\\\/#primaryimage\"},\"image\":{\"@id\":\"https:\\\/\\\/www.van-beek.nl\\\/de\\\/jubilaeum-jeroen-van-wijk-ich-blicke-immer-noch-voller-bewunderung-auf-schneckenfoerderer\\\/#primaryimage\"},\"thumbnailUrl\":\"https:\\\/\\\/www.van-beek.nl\\\/wp-content\\\/uploads\\\/2022\\\/02\\\/20220202_101323-scaled.jpg\",\"datePublished\":\"2022-02-07T12:39:09+00:00\",\"dateModified\":\"2024-01-18T12:40:36+00:00\",\"breadcrumb\":{\"@id\":\"https:\\\/\\\/www.van-beek.nl\\\/de\\\/jubilaeum-jeroen-van-wijk-ich-blicke-immer-noch-voller-bewunderung-auf-schneckenfoerderer\\\/#breadcrumb\"},\"inLanguage\":\"de\",\"potentialAction\":[{\"@type\":\"ReadAction\",\"target\":[\"https:\\\/\\\/www.van-beek.nl\\\/de\\\/jubilaeum-jeroen-van-wijk-ich-blicke-immer-noch-voller-bewunderung-auf-schneckenfoerderer\\\/\"]}]},{\"@type\":\"ImageObject\",\"inLanguage\":\"de\",\"@id\":\"https:\\\/\\\/www.van-beek.nl\\\/de\\\/jubilaeum-jeroen-van-wijk-ich-blicke-immer-noch-voller-bewunderung-auf-schneckenfoerderer\\\/#primaryimage\",\"url\":\"https:\\\/\\\/www.van-beek.nl\\\/wp-content\\\/uploads\\\/2022\\\/02\\\/20220202_101323-scaled.jpg\",\"contentUrl\":\"https:\\\/\\\/www.van-beek.nl\\\/wp-content\\\/uploads\\\/2022\\\/02\\\/20220202_101323-scaled.jpg\",\"width\":1920,\"height\":2560},{\"@type\":\"BreadcrumbList\",\"@id\":\"https:\\\/\\\/www.van-beek.nl\\\/de\\\/jubilaeum-jeroen-van-wijk-ich-blicke-immer-noch-voller-bewunderung-auf-schneckenfoerderer\\\/#breadcrumb\",\"itemListElement\":[{\"@type\":\"ListItem\",\"position\":1,\"name\":\"Home\",\"item\":\"https:\\\/\\\/www.van-beek.nl\\\/de\\\/\"},{\"@type\":\"ListItem\",\"position\":2,\"name\":\"Jubil\u00e4um Jeroen van Wijk: \u201eIch blicke immer noch voller Bewunderung auf Schneckenf\u00f6rderer\u201c\"}]},{\"@type\":\"WebSite\",\"@id\":\"https:\\\/\\\/www.van-beek.nl\\\/de\\\/#website\",\"url\":\"https:\\\/\\\/www.van-beek.nl\\\/de\\\/\",\"name\":\"Van Beek Schroeftransport\",\"description\":\"\",\"publisher\":{\"@id\":\"https:\\\/\\\/www.van-beek.nl\\\/de\\\/#organization\"},\"potentialAction\":[{\"@type\":\"SearchAction\",\"target\":{\"@type\":\"EntryPoint\",\"urlTemplate\":\"https:\\\/\\\/www.van-beek.nl\\\/de\\\/?s={search_term_string}\"},\"query-input\":{\"@type\":\"PropertyValueSpecification\",\"valueRequired\":true,\"valueName\":\"search_term_string\"}}],\"inLanguage\":\"de\"},{\"@type\":\"Organization\",\"@id\":\"https:\\\/\\\/www.van-beek.nl\\\/de\\\/#organization\",\"name\":\"Transportschroeven- en machinefabriek Van Beek B.V.\",\"url\":\"https:\\\/\\\/www.van-beek.nl\\\/de\\\/\",\"logo\":{\"@type\":\"ImageObject\",\"inLanguage\":\"de\",\"@id\":\"https:\\\/\\\/www.van-beek.nl\\\/de\\\/#\\\/schema\\\/logo\\\/image\\\/\",\"url\":\"https:\\\/\\\/van-beek.nl\\\/wp-content\\\/uploads\\\/2020\\\/04\\\/VanBeek-logo.png\",\"contentUrl\":\"https:\\\/\\\/van-beek.nl\\\/wp-content\\\/uploads\\\/2020\\\/04\\\/VanBeek-logo.png\",\"width\":116,\"height\":22,\"caption\":\"Transportschroeven- en machinefabriek Van Beek B.V.\"},\"image\":{\"@id\":\"https:\\\/\\\/www.van-beek.nl\\\/de\\\/#\\\/schema\\\/logo\\\/image\\\/\"}},{\"@type\":\"Person\",\"@id\":\"https:\\\/\\\/www.van-beek.nl\\\/de\\\/#\\\/schema\\\/person\\\/1a0605f4f0a605c2997f2e484e274470\",\"name\":\"Birgit\",\"image\":{\"@type\":\"ImageObject\",\"inLanguage\":\"de\",\"@id\":\"https:\\\/\\\/secure.gravatar.com\\\/avatar\\\/02b3dab0a329e4add93a0160a1588896c20ecbe51cf814ca65eb69d16af71b4c?s=96&d=mm&r=g\",\"url\":\"https:\\\/\\\/secure.gravatar.com\\\/avatar\\\/02b3dab0a329e4add93a0160a1588896c20ecbe51cf814ca65eb69d16af71b4c?s=96&d=mm&r=g\",\"contentUrl\":\"https:\\\/\\\/secure.gravatar.com\\\/avatar\\\/02b3dab0a329e4add93a0160a1588896c20ecbe51cf814ca65eb69d16af71b4c?s=96&d=mm&r=g\",\"caption\":\"Birgit\"}}]}<\/script>\n<!-- \/ Yoast SEO plugin. -->","yoast_head_json":{"title":"Jubil\u00e4um Jeroen van Wijk: \u201eIch blicke immer noch voller Bewunderung auf Schneckenf\u00f6rderer\u201c - Van Beek Schroeftransport","robots":{"index":"index","follow":"follow","max-snippet":"max-snippet:-1","max-image-preview":"max-image-preview:large","max-video-preview":"max-video-preview:-1"},"canonical":"https:\/\/www.van-beek.nl\/de\/jubilaeum-jeroen-van-wijk-ich-blicke-immer-noch-voller-bewunderung-auf-schneckenfoerderer\/","og_locale":"de_DE","og_type":"article","og_title":"Jubil\u00e4um Jeroen van Wijk: \u201eIch blicke immer noch voller Bewunderung auf Schneckenf\u00f6rderer\u201c - Van Beek Schroeftransport","og_description":"W\u00e4hrend der drei Jahrzehnte, die Jeroen van Wijk (58) bereits bei Van Beek arbeitet, hat er miterlebt, wie sich das Unternehmen von einem Handwerksbetrieb zu einem innovativen Akteur von Weltrang entwickelt hat. Warum er dem Spezialisten f\u00fcr Schneckenf\u00f6rderer all die Jahre, seit M\u00e4rz 1991, treu geblieben ist? Der famili\u00e4re Umgang miteinander, die Zusammengeh\u00f6rigkeit und das [&hellip;]","og_url":"https:\/\/www.van-beek.nl\/de\/jubilaeum-jeroen-van-wijk-ich-blicke-immer-noch-voller-bewunderung-auf-schneckenfoerderer\/","og_site_name":"Van Beek Schroeftransport","article_published_time":"2022-02-07T12:39:09+00:00","article_modified_time":"2024-01-18T12:40:36+00:00","og_image":[{"width":1920,"height":2560,"url":"https:\/\/www.van-beek.nl\/wp-content\/uploads\/2022\/02\/20220202_101323-scaled.jpg","type":"image\/jpeg"}],"author":"Birgit","twitter_card":"summary_large_image","twitter_misc":{"Verfasst von":"Birgit","Gesch\u00e4tzte Lesezeit":"3\u00a0Minuten"},"schema":{"@context":"https:\/\/schema.org","@graph":[{"@type":"Article","@id":"https:\/\/www.van-beek.nl\/de\/jubilaeum-jeroen-van-wijk-ich-blicke-immer-noch-voller-bewunderung-auf-schneckenfoerderer\/#article","isPartOf":{"@id":"https:\/\/www.van-beek.nl\/de\/jubilaeum-jeroen-van-wijk-ich-blicke-immer-noch-voller-bewunderung-auf-schneckenfoerderer\/"},"author":{"name":"Birgit","@id":"https:\/\/www.van-beek.nl\/de\/#\/schema\/person\/1a0605f4f0a605c2997f2e484e274470"},"headline":"Jubil\u00e4um Jeroen van Wijk: \u201eIch blicke immer noch voller Bewunderung auf Schneckenf\u00f6rderer\u201c","datePublished":"2022-02-07T12:39:09+00:00","dateModified":"2024-01-18T12:40:36+00:00","mainEntityOfPage":{"@id":"https:\/\/www.van-beek.nl\/de\/jubilaeum-jeroen-van-wijk-ich-blicke-immer-noch-voller-bewunderung-auf-schneckenfoerderer\/"},"wordCount":649,"commentCount":0,"publisher":{"@id":"https:\/\/www.van-beek.nl\/de\/#organization"},"image":{"@id":"https:\/\/www.van-beek.nl\/de\/jubilaeum-jeroen-van-wijk-ich-blicke-immer-noch-voller-bewunderung-auf-schneckenfoerderer\/#primaryimage"},"thumbnailUrl":"https:\/\/www.van-beek.nl\/wp-content\/uploads\/2022\/02\/20220202_101323-scaled.jpg","articleSection":["Beek"],"inLanguage":"de","potentialAction":[{"@type":"CommentAction","name":"Comment","target":["https:\/\/www.van-beek.nl\/de\/jubilaeum-jeroen-van-wijk-ich-blicke-immer-noch-voller-bewunderung-auf-schneckenfoerderer\/#respond"]}]},{"@type":"WebPage","@id":"https:\/\/www.van-beek.nl\/de\/jubilaeum-jeroen-van-wijk-ich-blicke-immer-noch-voller-bewunderung-auf-schneckenfoerderer\/","url":"https:\/\/www.van-beek.nl\/de\/jubilaeum-jeroen-van-wijk-ich-blicke-immer-noch-voller-bewunderung-auf-schneckenfoerderer\/","name":"Jubil\u00e4um Jeroen van Wijk: \u201eIch blicke immer noch voller Bewunderung auf Schneckenf\u00f6rderer\u201c - Van Beek Schroeftransport","isPartOf":{"@id":"https:\/\/www.van-beek.nl\/de\/#website"},"primaryImageOfPage":{"@id":"https:\/\/www.van-beek.nl\/de\/jubilaeum-jeroen-van-wijk-ich-blicke-immer-noch-voller-bewunderung-auf-schneckenfoerderer\/#primaryimage"},"image":{"@id":"https:\/\/www.van-beek.nl\/de\/jubilaeum-jeroen-van-wijk-ich-blicke-immer-noch-voller-bewunderung-auf-schneckenfoerderer\/#primaryimage"},"thumbnailUrl":"https:\/\/www.van-beek.nl\/wp-content\/uploads\/2022\/02\/20220202_101323-scaled.jpg","datePublished":"2022-02-07T12:39:09+00:00","dateModified":"2024-01-18T12:40:36+00:00","breadcrumb":{"@id":"https:\/\/www.van-beek.nl\/de\/jubilaeum-jeroen-van-wijk-ich-blicke-immer-noch-voller-bewunderung-auf-schneckenfoerderer\/#breadcrumb"},"inLanguage":"de","potentialAction":[{"@type":"ReadAction","target":["https:\/\/www.van-beek.nl\/de\/jubilaeum-jeroen-van-wijk-ich-blicke-immer-noch-voller-bewunderung-auf-schneckenfoerderer\/"]}]},{"@type":"ImageObject","inLanguage":"de","@id":"https:\/\/www.van-beek.nl\/de\/jubilaeum-jeroen-van-wijk-ich-blicke-immer-noch-voller-bewunderung-auf-schneckenfoerderer\/#primaryimage","url":"https:\/\/www.van-beek.nl\/wp-content\/uploads\/2022\/02\/20220202_101323-scaled.jpg","contentUrl":"https:\/\/www.van-beek.nl\/wp-content\/uploads\/2022\/02\/20220202_101323-scaled.jpg","width":1920,"height":2560},{"@type":"BreadcrumbList","@id":"https:\/\/www.van-beek.nl\/de\/jubilaeum-jeroen-van-wijk-ich-blicke-immer-noch-voller-bewunderung-auf-schneckenfoerderer\/#breadcrumb","itemListElement":[{"@type":"ListItem","position":1,"name":"Home","item":"https:\/\/www.van-beek.nl\/de\/"},{"@type":"ListItem","position":2,"name":"Jubil\u00e4um Jeroen van Wijk: \u201eIch blicke immer noch voller Bewunderung auf Schneckenf\u00f6rderer\u201c"}]},{"@type":"WebSite","@id":"https:\/\/www.van-beek.nl\/de\/#website","url":"https:\/\/www.van-beek.nl\/de\/","name":"Van Beek Schroeftransport","description":"","publisher":{"@id":"https:\/\/www.van-beek.nl\/de\/#organization"},"potentialAction":[{"@type":"SearchAction","target":{"@type":"EntryPoint","urlTemplate":"https:\/\/www.van-beek.nl\/de\/?s={search_term_string}"},"query-input":{"@type":"PropertyValueSpecification","valueRequired":true,"valueName":"search_term_string"}}],"inLanguage":"de"},{"@type":"Organization","@id":"https:\/\/www.van-beek.nl\/de\/#organization","name":"Transportschroeven- en machinefabriek Van Beek B.V.","url":"https:\/\/www.van-beek.nl\/de\/","logo":{"@type":"ImageObject","inLanguage":"de","@id":"https:\/\/www.van-beek.nl\/de\/#\/schema\/logo\/image\/","url":"https:\/\/van-beek.nl\/wp-content\/uploads\/2020\/04\/VanBeek-logo.png","contentUrl":"https:\/\/van-beek.nl\/wp-content\/uploads\/2020\/04\/VanBeek-logo.png","width":116,"height":22,"caption":"Transportschroeven- en machinefabriek Van Beek B.V."},"image":{"@id":"https:\/\/www.van-beek.nl\/de\/#\/schema\/logo\/image\/"}},{"@type":"Person","@id":"https:\/\/www.van-beek.nl\/de\/#\/schema\/person\/1a0605f4f0a605c2997f2e484e274470","name":"Birgit","image":{"@type":"ImageObject","inLanguage":"de","@id":"https:\/\/secure.gravatar.com\/avatar\/02b3dab0a329e4add93a0160a1588896c20ecbe51cf814ca65eb69d16af71b4c?s=96&d=mm&r=g","url":"https:\/\/secure.gravatar.com\/avatar\/02b3dab0a329e4add93a0160a1588896c20ecbe51cf814ca65eb69d16af71b4c?s=96&d=mm&r=g","contentUrl":"https:\/\/secure.gravatar.com\/avatar\/02b3dab0a329e4add93a0160a1588896c20ecbe51cf814ca65eb69d16af71b4c?s=96&d=mm&r=g","caption":"Birgit"}}]}},"_links":{"self":[{"href":"https:\/\/www.van-beek.nl\/de\/wp-json\/wp\/v2\/posts\/10125","targetHints":{"allow":["GET"]}}],"collection":[{"href":"https:\/\/www.van-beek.nl\/de\/wp-json\/wp\/v2\/posts"}],"about":[{"href":"https:\/\/www.van-beek.nl\/de\/wp-json\/wp\/v2\/types\/post"}],"author":[{"embeddable":true,"href":"https:\/\/www.van-beek.nl\/de\/wp-json\/wp\/v2\/users\/5"}],"replies":[{"embeddable":true,"href":"https:\/\/www.van-beek.nl\/de\/wp-json\/wp\/v2\/comments?post=10125"}],"version-history":[{"count":1,"href":"https:\/\/www.van-beek.nl\/de\/wp-json\/wp\/v2\/posts\/10125\/revisions"}],"predecessor-version":[{"id":10126,"href":"https:\/\/www.van-beek.nl\/de\/wp-json\/wp\/v2\/posts\/10125\/revisions\/10126"}],"wp:featuredmedia":[{"embeddable":true,"href":"https:\/\/www.van-beek.nl\/de\/wp-json\/wp\/v2\/media\/10101"}],"wp:attachment":[{"href":"https:\/\/www.van-beek.nl\/de\/wp-json\/wp\/v2\/media?parent=10125"}],"wp:term":[{"taxonomy":"category","embeddable":true,"href":"https:\/\/www.van-beek.nl\/de\/wp-json\/wp\/v2\/categories?post=10125"},{"taxonomy":"post_tag","embeddable":true,"href":"https:\/\/www.van-beek.nl\/de\/wp-json\/wp\/v2\/tags?post=10125"}],"curies":[{"name":"wp","href":"https:\/\/api.w.org\/{rel}","templated":true}]}}