{"id":11270,"date":"2022-11-29T12:07:04","date_gmt":"2022-11-29T10:07:04","guid":{"rendered":"https:\/\/van-beek.nl\/?p=11270"},"modified":"2022-11-29T12:07:39","modified_gmt":"2022-11-29T10:07:39","slug":"bienfait-und-van-beek-partner-fuer-nachhaltige-loesungen","status":"publish","type":"post","link":"https:\/\/www.van-beek.nl\/de\/bienfait-und-van-beek-partner-fuer-nachhaltige-loesungen\/","title":{"rendered":"Bienfait und Van Beek: Partner f\u00fcr nachhaltige L\u00f6sungen"},"content":{"rendered":"<p><strong>In einem Produktionsprozess entsteht durch das Verpackungsmaterial von Rohstoffen ein Abfallstrom, der logistische Herausforderungen bedeutet und Lagerkapazit\u00e4t erfordert. Um diesen Abfallstrom bei dem Lebensmittelhersteller Mora effizient zu kontrollieren, hat sich das technische Handelsunternehmen Bienfait an Van Beek Schroeftransport gewandt, um einen kundenspezifischen Leersackverdichter zu entwickeln.<\/strong><\/p>\n<p>\u201eDer Leersackverdichter von Van Beek ist eine nachhaltige technische L\u00f6sung zur Verdichtung der Verpackungsfolie im Rahmen des Produktionsprozesses unseres Kunden. Bei der Entscheidung f\u00fcr Van Beek als Partner spielten Faktoren wie Flexibilit\u00e4t, proaktive Beteiligung sowie kundenspezifische L\u00f6sungen eine gro\u00dfe Rolle\u201c, erl\u00e4utert Patrick van Heijningen, Account-Manager beim Technik-Gro\u00dfhandelsunternehmen Bienfait in Haarlem.<\/p>\n<p><strong>Weniger Volumen<img loading=\"lazy\" decoding=\"async\" class=\"size-medium wp-image-11267 alignleft\" src=\"https:\/\/van-beek.nl\/wp-content\/uploads\/2022\/11\/2800336_Bienfait_12-300x200.jpg\" alt=\"\" width=\"300\" height=\"200\" srcset=\"https:\/\/www.van-beek.nl\/wp-content\/uploads\/2022\/11\/2800336_Bienfait_12-300x200.jpg 300w, https:\/\/www.van-beek.nl\/wp-content\/uploads\/2022\/11\/2800336_Bienfait_12-1024x683.jpg 1024w, https:\/\/www.van-beek.nl\/wp-content\/uploads\/2022\/11\/2800336_Bienfait_12-768x512.jpg 768w, https:\/\/www.van-beek.nl\/wp-content\/uploads\/2022\/11\/2800336_Bienfait_12-1536x1024.jpg 1536w, https:\/\/www.van-beek.nl\/wp-content\/uploads\/2022\/11\/2800336_Bienfait_12-2048x1365.jpg 2048w\" sizes=\"auto, (max-width: 300px) 100vw, 300px\" \/><\/strong><br \/>\nViele Rohstoffe werden in 25-kg-S\u00e4cken aus Plastik, Papier oder Jute geliefert, die nach dem Entleeren ein bedeutendes Abfallvolumen darstellen. Neben den daf\u00fcr anfallenden Kosten ist damit auch ein erheblicher Lager- und Logistikaufwand verbunden. Durch den Druck der Schnecke des Leersackverdichters von Van Beek werden die leeren S\u00e4cke komprimiert. Die S\u00e4cke werden in einen Endlossack komprimiert. Anschlie\u00dfend wird dieser in einem Schutzk\u00e4fig aufgefangen. \u201eDurch die Reduzierung des Volumens um etwa 80 Prozent k\u00f6nnen das Volumen des Abfallstroms und der Logistikaufwand reduziert werden. Der Leersackverdichter ist au\u00dferdem eine effizientere, umweltfreundlichere und kosteng\u00fcnstigere L\u00f6sung als eine hydraulische Presse\u201c, erkl\u00e4rt Joram van der Heijden, Vertriebsingenieur bei Van Beek Schroeftransport. Die standardisierte Version ist in Edelstahl 304, Edelstahl 316, einer stahlbeschichteten Variante und in einer ATEX-Ausf\u00fchrung erh\u00e4ltlich.<\/p>\n<p><strong>Kundenspezifische L\u00f6sung f\u00fcr den kontinuierlichen Prozess<\/strong><br \/>\nDie Standardausf\u00fchrung des Leersackverdichters ist als Einzelmaschine f\u00fcr einen diskontinuierlichen Prozess konzipiert und kann sowohl station\u00e4r als auch mobil eingesetzt werden. Heijningen: \u201eUnser Kunde, Mora Produktie B.V. in Maastricht, suchte jedoch eine L\u00f6sung f\u00fcr den kontinuierlichen Abfallstrom einzelner 25-kg-S\u00e4cke und deren komprimierte Ausgabe im Rahmen des kontinuierlichen Produktionsprozesses. Nach einer pers\u00f6nlichen Besprechung der Einzelheiten mit Van Beek erhielten wir umgehend ein technisches Angebot mit einer detaillierten Zeichnung.\u201c Der Leersackverdichter wurde f\u00fcr den Betrieb in einem kontinuierlichen Prozess von einer manuellen Beschickung auf eine F\u00f6rderbandbeschickung mit einem oben angeordneten Zuf\u00fchrbeh\u00e4lter umgestellt. Die Anordnung des Bedienungsschalters wurde ge\u00e4ndert und ein Not-Aus-Schalter installiert. Die Maschine ist mechanisch und elektronisch in den gesamten Produktionsprozess eingebunden. Das bedeutet, dass die Kommunikation zwischen den verschiedenen Maschinen gew\u00e4hrleistet sein muss. Die Steuerung des Leersackverdichters ist deshalb mit dem \u00fcbergeordneten Steuerungssystem verbunden. Van der Heijden: \u201eEine letzte Feinabstimmung der Anpassung war kaum erforderlich. Dies ist \u00e4u\u00dferst positiv zu bewerten, da dies darauf hindeutet, dass die vorbereitende Zusammenarbeit mit Bienfait sehr konstruktiv verlaufen ist.\u201c<\/p>\n<p><strong>Kurze Kommunikationswege<img loading=\"lazy\" decoding=\"async\" class=\"size-medium wp-image-11263 alignright\" src=\"https:\/\/van-beek.nl\/wp-content\/uploads\/2022\/11\/800336_Bienfait_01-300x200.jpg\" alt=\"\" width=\"300\" height=\"200\" srcset=\"https:\/\/www.van-beek.nl\/wp-content\/uploads\/2022\/11\/800336_Bienfait_01-300x200.jpg 300w, https:\/\/www.van-beek.nl\/wp-content\/uploads\/2022\/11\/800336_Bienfait_01-1024x683.jpg 1024w, https:\/\/www.van-beek.nl\/wp-content\/uploads\/2022\/11\/800336_Bienfait_01-768x512.jpg 768w, https:\/\/www.van-beek.nl\/wp-content\/uploads\/2022\/11\/800336_Bienfait_01-1536x1024.jpg 1536w, https:\/\/www.van-beek.nl\/wp-content\/uploads\/2022\/11\/800336_Bienfait_01-2048x1365.jpg 2048w\" sizes=\"auto, (max-width: 300px) 100vw, 300px\" \/><\/strong><br \/>\nDank der engen Zusammenarbeit zwischen Bienfait und Van Beek konnte ein den Kundenw\u00fcnschen entsprechender kundenspezifisch gefertigter Leersackverdichter f\u00fcr die Verdichtung von Verpackungsfolien im S\u00fcden der Niederlande realisiert werden. Van der Heijden: \u201eDurch den guten und regelm\u00e4\u00dfigen Kontakt mit Bienfait konnte der Bedarf schnell ermittelt und eine konkrete, technisch fundierte L\u00f6sung angeboten werden.\u201c Bienfait ist mit der Wahl von Van Beek als Partner sehr zufrieden. Van Heijningen: \u201eSchon im Vorfeld hatten wir von Van Beek einen guten Eindruck. Dieser Eindruck hat sich in der Praxis best\u00e4tigt, denn die Kommunikation verlief reibungslos und die Kommunikationswege waren kurz. Au\u00dferdem zeichnete sich Van Beek durch proaktives Verhalten und gro\u00dfe Flexibilit\u00e4t aus. Bienfait ist also sehr zufrieden. Van Beek hat bei uns als Lieferant, aber nat\u00fcrlich auch mit der angebotenen technischen L\u00f6sung einen guten Eindruck hinterlassen.\u201c<\/p>\n<p>Haben Sie nach dem Lesen dieses Artikels noch Fragen und\/oder m\u00f6chten Sie Ihren Verpackungsabfallstrom auf effiziente, kosteng\u00fcnstige und umweltfreundliche Weise kontrollieren? Joram van der Heijden findet gemeinsam mit Ihnen eine geeignete L\u00f6sung. Er ist unter der E-Mail-Adresse <a href=\"mailto:vanderheijden@van-beek.nl\">vanderheijden@van-beek.nl<\/a> oder der Telefonnummer +31 (0) 416-241118 zu erreichen.<\/p>\n","protected":false},"excerpt":{"rendered":"<p>In einem Produktionsprozess entsteht durch das Verpackungsmaterial von Rohstoffen ein Abfallstrom, der logistische Herausforderungen bedeutet und Lagerkapazit\u00e4t erfordert. Um diesen Abfallstrom bei dem Lebensmittelhersteller Mora effizient zu kontrollieren, hat sich das technische Handelsunternehmen Bienfait an Van Beek Schroeftransport gewandt, um einen kundenspezifischen Leersackverdichter zu entwickeln. \u201eDer Leersackverdichter von Van Beek ist eine nachhaltige technische L\u00f6sung [&hellip;]<\/p>\n","protected":false},"author":5,"featured_media":11267,"comment_status":"open","ping_status":"closed","sticky":false,"template":"","format":"standard","meta":{"_acf_changed":false,"content-type":"","inline_featured_image":false,"footnotes":""},"categories":[29],"tags":[],"class_list":["post-11270","post","type-post","status-publish","format-standard","has-post-thumbnail","hentry","category-beek-de"],"acf":[],"yoast_head":"<!-- This site is optimized with the Yoast SEO plugin v27.5 - https:\/\/yoast.com\/product\/yoast-seo-wordpress\/ -->\n<title>Bienfait und Van Beek: Partner f\u00fcr nachhaltige L\u00f6sungen - Van Beek Schroeftransport<\/title>\n<meta name=\"robots\" content=\"index, follow, max-snippet:-1, max-image-preview:large, max-video-preview:-1\" \/>\n<link rel=\"canonical\" href=\"https:\/\/www.van-beek.nl\/de\/bienfait-und-van-beek-partner-fuer-nachhaltige-loesungen\/\" \/>\n<meta property=\"og:locale\" content=\"de_DE\" \/>\n<meta property=\"og:type\" content=\"article\" \/>\n<meta property=\"og:title\" content=\"Bienfait und Van Beek: Partner f\u00fcr nachhaltige L\u00f6sungen - Van Beek Schroeftransport\" \/>\n<meta property=\"og:description\" content=\"In einem Produktionsprozess entsteht durch das Verpackungsmaterial von Rohstoffen ein Abfallstrom, der logistische Herausforderungen bedeutet und Lagerkapazit\u00e4t erfordert. Um diesen Abfallstrom bei dem Lebensmittelhersteller Mora effizient zu kontrollieren, hat sich das technische Handelsunternehmen Bienfait an Van Beek Schroeftransport gewandt, um einen kundenspezifischen Leersackverdichter zu entwickeln. \u201eDer Leersackverdichter von Van Beek ist eine nachhaltige technische L\u00f6sung [&hellip;]\" \/>\n<meta property=\"og:url\" content=\"https:\/\/www.van-beek.nl\/de\/bienfait-und-van-beek-partner-fuer-nachhaltige-loesungen\/\" \/>\n<meta property=\"og:site_name\" content=\"Van Beek Schroeftransport\" \/>\n<meta property=\"article:published_time\" content=\"2022-11-29T10:07:04+00:00\" \/>\n<meta property=\"article:modified_time\" content=\"2022-11-29T10:07:39+00:00\" \/>\n<meta property=\"og:image\" content=\"https:\/\/www.van-beek.nl\/wp-content\/uploads\/2022\/11\/2800336_Bienfait_12.jpg\" \/>\n\t<meta property=\"og:image:width\" content=\"2400\" \/>\n\t<meta property=\"og:image:height\" content=\"1600\" \/>\n\t<meta property=\"og:image:type\" content=\"image\/jpeg\" \/>\n<meta name=\"author\" content=\"Birgit\" \/>\n<meta name=\"twitter:card\" content=\"summary_large_image\" \/>\n<meta name=\"twitter:label1\" content=\"Verfasst von\" \/>\n\t<meta name=\"twitter:data1\" content=\"Birgit\" \/>\n\t<meta name=\"twitter:label2\" content=\"Gesch\u00e4tzte Lesezeit\" \/>\n\t<meta name=\"twitter:data2\" content=\"4\u00a0Minuten\" \/>\n<script type=\"application\/ld+json\" class=\"yoast-schema-graph\">{\"@context\":\"https:\\\/\\\/schema.org\",\"@graph\":[{\"@type\":\"Article\",\"@id\":\"https:\\\/\\\/www.van-beek.nl\\\/de\\\/bienfait-und-van-beek-partner-fuer-nachhaltige-loesungen\\\/#article\",\"isPartOf\":{\"@id\":\"https:\\\/\\\/www.van-beek.nl\\\/de\\\/bienfait-und-van-beek-partner-fuer-nachhaltige-loesungen\\\/\"},\"author\":{\"name\":\"Birgit\",\"@id\":\"https:\\\/\\\/www.van-beek.nl\\\/de\\\/#\\\/schema\\\/person\\\/1a0605f4f0a605c2997f2e484e274470\"},\"headline\":\"Bienfait und Van Beek: Partner f\u00fcr nachhaltige L\u00f6sungen\",\"datePublished\":\"2022-11-29T10:07:04+00:00\",\"dateModified\":\"2022-11-29T10:07:39+00:00\",\"mainEntityOfPage\":{\"@id\":\"https:\\\/\\\/www.van-beek.nl\\\/de\\\/bienfait-und-van-beek-partner-fuer-nachhaltige-loesungen\\\/\"},\"wordCount\":629,\"commentCount\":0,\"publisher\":{\"@id\":\"https:\\\/\\\/www.van-beek.nl\\\/de\\\/#organization\"},\"image\":{\"@id\":\"https:\\\/\\\/www.van-beek.nl\\\/de\\\/bienfait-und-van-beek-partner-fuer-nachhaltige-loesungen\\\/#primaryimage\"},\"thumbnailUrl\":\"https:\\\/\\\/www.van-beek.nl\\\/wp-content\\\/uploads\\\/2022\\\/11\\\/2800336_Bienfait_12.jpg\",\"articleSection\":[\"Beek\"],\"inLanguage\":\"de\",\"potentialAction\":[{\"@type\":\"CommentAction\",\"name\":\"Comment\",\"target\":[\"https:\\\/\\\/www.van-beek.nl\\\/de\\\/bienfait-und-van-beek-partner-fuer-nachhaltige-loesungen\\\/#respond\"]}]},{\"@type\":\"WebPage\",\"@id\":\"https:\\\/\\\/www.van-beek.nl\\\/de\\\/bienfait-und-van-beek-partner-fuer-nachhaltige-loesungen\\\/\",\"url\":\"https:\\\/\\\/www.van-beek.nl\\\/de\\\/bienfait-und-van-beek-partner-fuer-nachhaltige-loesungen\\\/\",\"name\":\"Bienfait und Van Beek: Partner f\u00fcr nachhaltige L\u00f6sungen - Van Beek Schroeftransport\",\"isPartOf\":{\"@id\":\"https:\\\/\\\/www.van-beek.nl\\\/de\\\/#website\"},\"primaryImageOfPage\":{\"@id\":\"https:\\\/\\\/www.van-beek.nl\\\/de\\\/bienfait-und-van-beek-partner-fuer-nachhaltige-loesungen\\\/#primaryimage\"},\"image\":{\"@id\":\"https:\\\/\\\/www.van-beek.nl\\\/de\\\/bienfait-und-van-beek-partner-fuer-nachhaltige-loesungen\\\/#primaryimage\"},\"thumbnailUrl\":\"https:\\\/\\\/www.van-beek.nl\\\/wp-content\\\/uploads\\\/2022\\\/11\\\/2800336_Bienfait_12.jpg\",\"datePublished\":\"2022-11-29T10:07:04+00:00\",\"dateModified\":\"2022-11-29T10:07:39+00:00\",\"breadcrumb\":{\"@id\":\"https:\\\/\\\/www.van-beek.nl\\\/de\\\/bienfait-und-van-beek-partner-fuer-nachhaltige-loesungen\\\/#breadcrumb\"},\"inLanguage\":\"de\",\"potentialAction\":[{\"@type\":\"ReadAction\",\"target\":[\"https:\\\/\\\/www.van-beek.nl\\\/de\\\/bienfait-und-van-beek-partner-fuer-nachhaltige-loesungen\\\/\"]}]},{\"@type\":\"ImageObject\",\"inLanguage\":\"de\",\"@id\":\"https:\\\/\\\/www.van-beek.nl\\\/de\\\/bienfait-und-van-beek-partner-fuer-nachhaltige-loesungen\\\/#primaryimage\",\"url\":\"https:\\\/\\\/www.van-beek.nl\\\/wp-content\\\/uploads\\\/2022\\\/11\\\/2800336_Bienfait_12.jpg\",\"contentUrl\":\"https:\\\/\\\/www.van-beek.nl\\\/wp-content\\\/uploads\\\/2022\\\/11\\\/2800336_Bienfait_12.jpg\",\"width\":2400,\"height\":1600},{\"@type\":\"BreadcrumbList\",\"@id\":\"https:\\\/\\\/www.van-beek.nl\\\/de\\\/bienfait-und-van-beek-partner-fuer-nachhaltige-loesungen\\\/#breadcrumb\",\"itemListElement\":[{\"@type\":\"ListItem\",\"position\":1,\"name\":\"Home\",\"item\":\"https:\\\/\\\/www.van-beek.nl\\\/de\\\/\"},{\"@type\":\"ListItem\",\"position\":2,\"name\":\"Bienfait und Van Beek: Partner f\u00fcr nachhaltige L\u00f6sungen\"}]},{\"@type\":\"WebSite\",\"@id\":\"https:\\\/\\\/www.van-beek.nl\\\/de\\\/#website\",\"url\":\"https:\\\/\\\/www.van-beek.nl\\\/de\\\/\",\"name\":\"Van Beek Schroeftransport\",\"description\":\"\",\"publisher\":{\"@id\":\"https:\\\/\\\/www.van-beek.nl\\\/de\\\/#organization\"},\"potentialAction\":[{\"@type\":\"SearchAction\",\"target\":{\"@type\":\"EntryPoint\",\"urlTemplate\":\"https:\\\/\\\/www.van-beek.nl\\\/de\\\/?s={search_term_string}\"},\"query-input\":{\"@type\":\"PropertyValueSpecification\",\"valueRequired\":true,\"valueName\":\"search_term_string\"}}],\"inLanguage\":\"de\"},{\"@type\":\"Organization\",\"@id\":\"https:\\\/\\\/www.van-beek.nl\\\/de\\\/#organization\",\"name\":\"Transportschroeven- en machinefabriek Van Beek B.V.\",\"url\":\"https:\\\/\\\/www.van-beek.nl\\\/de\\\/\",\"logo\":{\"@type\":\"ImageObject\",\"inLanguage\":\"de\",\"@id\":\"https:\\\/\\\/www.van-beek.nl\\\/de\\\/#\\\/schema\\\/logo\\\/image\\\/\",\"url\":\"https:\\\/\\\/van-beek.nl\\\/wp-content\\\/uploads\\\/2020\\\/04\\\/VanBeek-logo.png\",\"contentUrl\":\"https:\\\/\\\/van-beek.nl\\\/wp-content\\\/uploads\\\/2020\\\/04\\\/VanBeek-logo.png\",\"width\":116,\"height\":22,\"caption\":\"Transportschroeven- en machinefabriek Van Beek B.V.\"},\"image\":{\"@id\":\"https:\\\/\\\/www.van-beek.nl\\\/de\\\/#\\\/schema\\\/logo\\\/image\\\/\"}},{\"@type\":\"Person\",\"@id\":\"https:\\\/\\\/www.van-beek.nl\\\/de\\\/#\\\/schema\\\/person\\\/1a0605f4f0a605c2997f2e484e274470\",\"name\":\"Birgit\",\"image\":{\"@type\":\"ImageObject\",\"inLanguage\":\"de\",\"@id\":\"https:\\\/\\\/secure.gravatar.com\\\/avatar\\\/02b3dab0a329e4add93a0160a1588896c20ecbe51cf814ca65eb69d16af71b4c?s=96&d=mm&r=g\",\"url\":\"https:\\\/\\\/secure.gravatar.com\\\/avatar\\\/02b3dab0a329e4add93a0160a1588896c20ecbe51cf814ca65eb69d16af71b4c?s=96&d=mm&r=g\",\"contentUrl\":\"https:\\\/\\\/secure.gravatar.com\\\/avatar\\\/02b3dab0a329e4add93a0160a1588896c20ecbe51cf814ca65eb69d16af71b4c?s=96&d=mm&r=g\",\"caption\":\"Birgit\"}}]}<\/script>\n<!-- \/ Yoast SEO plugin. -->","yoast_head_json":{"title":"Bienfait und Van Beek: Partner f\u00fcr nachhaltige L\u00f6sungen - Van Beek Schroeftransport","robots":{"index":"index","follow":"follow","max-snippet":"max-snippet:-1","max-image-preview":"max-image-preview:large","max-video-preview":"max-video-preview:-1"},"canonical":"https:\/\/www.van-beek.nl\/de\/bienfait-und-van-beek-partner-fuer-nachhaltige-loesungen\/","og_locale":"de_DE","og_type":"article","og_title":"Bienfait und Van Beek: Partner f\u00fcr nachhaltige L\u00f6sungen - Van Beek Schroeftransport","og_description":"In einem Produktionsprozess entsteht durch das Verpackungsmaterial von Rohstoffen ein Abfallstrom, der logistische Herausforderungen bedeutet und Lagerkapazit\u00e4t erfordert. Um diesen Abfallstrom bei dem Lebensmittelhersteller Mora effizient zu kontrollieren, hat sich das technische Handelsunternehmen Bienfait an Van Beek Schroeftransport gewandt, um einen kundenspezifischen Leersackverdichter zu entwickeln. \u201eDer Leersackverdichter von Van Beek ist eine nachhaltige technische L\u00f6sung [&hellip;]","og_url":"https:\/\/www.van-beek.nl\/de\/bienfait-und-van-beek-partner-fuer-nachhaltige-loesungen\/","og_site_name":"Van Beek Schroeftransport","article_published_time":"2022-11-29T10:07:04+00:00","article_modified_time":"2022-11-29T10:07:39+00:00","og_image":[{"width":2400,"height":1600,"url":"https:\/\/www.van-beek.nl\/wp-content\/uploads\/2022\/11\/2800336_Bienfait_12.jpg","type":"image\/jpeg"}],"author":"Birgit","twitter_card":"summary_large_image","twitter_misc":{"Verfasst von":"Birgit","Gesch\u00e4tzte Lesezeit":"4\u00a0Minuten"},"schema":{"@context":"https:\/\/schema.org","@graph":[{"@type":"Article","@id":"https:\/\/www.van-beek.nl\/de\/bienfait-und-van-beek-partner-fuer-nachhaltige-loesungen\/#article","isPartOf":{"@id":"https:\/\/www.van-beek.nl\/de\/bienfait-und-van-beek-partner-fuer-nachhaltige-loesungen\/"},"author":{"name":"Birgit","@id":"https:\/\/www.van-beek.nl\/de\/#\/schema\/person\/1a0605f4f0a605c2997f2e484e274470"},"headline":"Bienfait und Van Beek: Partner f\u00fcr nachhaltige L\u00f6sungen","datePublished":"2022-11-29T10:07:04+00:00","dateModified":"2022-11-29T10:07:39+00:00","mainEntityOfPage":{"@id":"https:\/\/www.van-beek.nl\/de\/bienfait-und-van-beek-partner-fuer-nachhaltige-loesungen\/"},"wordCount":629,"commentCount":0,"publisher":{"@id":"https:\/\/www.van-beek.nl\/de\/#organization"},"image":{"@id":"https:\/\/www.van-beek.nl\/de\/bienfait-und-van-beek-partner-fuer-nachhaltige-loesungen\/#primaryimage"},"thumbnailUrl":"https:\/\/www.van-beek.nl\/wp-content\/uploads\/2022\/11\/2800336_Bienfait_12.jpg","articleSection":["Beek"],"inLanguage":"de","potentialAction":[{"@type":"CommentAction","name":"Comment","target":["https:\/\/www.van-beek.nl\/de\/bienfait-und-van-beek-partner-fuer-nachhaltige-loesungen\/#respond"]}]},{"@type":"WebPage","@id":"https:\/\/www.van-beek.nl\/de\/bienfait-und-van-beek-partner-fuer-nachhaltige-loesungen\/","url":"https:\/\/www.van-beek.nl\/de\/bienfait-und-van-beek-partner-fuer-nachhaltige-loesungen\/","name":"Bienfait und Van Beek: Partner f\u00fcr nachhaltige L\u00f6sungen - Van Beek Schroeftransport","isPartOf":{"@id":"https:\/\/www.van-beek.nl\/de\/#website"},"primaryImageOfPage":{"@id":"https:\/\/www.van-beek.nl\/de\/bienfait-und-van-beek-partner-fuer-nachhaltige-loesungen\/#primaryimage"},"image":{"@id":"https:\/\/www.van-beek.nl\/de\/bienfait-und-van-beek-partner-fuer-nachhaltige-loesungen\/#primaryimage"},"thumbnailUrl":"https:\/\/www.van-beek.nl\/wp-content\/uploads\/2022\/11\/2800336_Bienfait_12.jpg","datePublished":"2022-11-29T10:07:04+00:00","dateModified":"2022-11-29T10:07:39+00:00","breadcrumb":{"@id":"https:\/\/www.van-beek.nl\/de\/bienfait-und-van-beek-partner-fuer-nachhaltige-loesungen\/#breadcrumb"},"inLanguage":"de","potentialAction":[{"@type":"ReadAction","target":["https:\/\/www.van-beek.nl\/de\/bienfait-und-van-beek-partner-fuer-nachhaltige-loesungen\/"]}]},{"@type":"ImageObject","inLanguage":"de","@id":"https:\/\/www.van-beek.nl\/de\/bienfait-und-van-beek-partner-fuer-nachhaltige-loesungen\/#primaryimage","url":"https:\/\/www.van-beek.nl\/wp-content\/uploads\/2022\/11\/2800336_Bienfait_12.jpg","contentUrl":"https:\/\/www.van-beek.nl\/wp-content\/uploads\/2022\/11\/2800336_Bienfait_12.jpg","width":2400,"height":1600},{"@type":"BreadcrumbList","@id":"https:\/\/www.van-beek.nl\/de\/bienfait-und-van-beek-partner-fuer-nachhaltige-loesungen\/#breadcrumb","itemListElement":[{"@type":"ListItem","position":1,"name":"Home","item":"https:\/\/www.van-beek.nl\/de\/"},{"@type":"ListItem","position":2,"name":"Bienfait und Van Beek: Partner f\u00fcr nachhaltige L\u00f6sungen"}]},{"@type":"WebSite","@id":"https:\/\/www.van-beek.nl\/de\/#website","url":"https:\/\/www.van-beek.nl\/de\/","name":"Van Beek Schroeftransport","description":"","publisher":{"@id":"https:\/\/www.van-beek.nl\/de\/#organization"},"potentialAction":[{"@type":"SearchAction","target":{"@type":"EntryPoint","urlTemplate":"https:\/\/www.van-beek.nl\/de\/?s={search_term_string}"},"query-input":{"@type":"PropertyValueSpecification","valueRequired":true,"valueName":"search_term_string"}}],"inLanguage":"de"},{"@type":"Organization","@id":"https:\/\/www.van-beek.nl\/de\/#organization","name":"Transportschroeven- en machinefabriek Van Beek B.V.","url":"https:\/\/www.van-beek.nl\/de\/","logo":{"@type":"ImageObject","inLanguage":"de","@id":"https:\/\/www.van-beek.nl\/de\/#\/schema\/logo\/image\/","url":"https:\/\/van-beek.nl\/wp-content\/uploads\/2020\/04\/VanBeek-logo.png","contentUrl":"https:\/\/van-beek.nl\/wp-content\/uploads\/2020\/04\/VanBeek-logo.png","width":116,"height":22,"caption":"Transportschroeven- en machinefabriek Van Beek B.V."},"image":{"@id":"https:\/\/www.van-beek.nl\/de\/#\/schema\/logo\/image\/"}},{"@type":"Person","@id":"https:\/\/www.van-beek.nl\/de\/#\/schema\/person\/1a0605f4f0a605c2997f2e484e274470","name":"Birgit","image":{"@type":"ImageObject","inLanguage":"de","@id":"https:\/\/secure.gravatar.com\/avatar\/02b3dab0a329e4add93a0160a1588896c20ecbe51cf814ca65eb69d16af71b4c?s=96&d=mm&r=g","url":"https:\/\/secure.gravatar.com\/avatar\/02b3dab0a329e4add93a0160a1588896c20ecbe51cf814ca65eb69d16af71b4c?s=96&d=mm&r=g","contentUrl":"https:\/\/secure.gravatar.com\/avatar\/02b3dab0a329e4add93a0160a1588896c20ecbe51cf814ca65eb69d16af71b4c?s=96&d=mm&r=g","caption":"Birgit"}}]}},"_links":{"self":[{"href":"https:\/\/www.van-beek.nl\/de\/wp-json\/wp\/v2\/posts\/11270","targetHints":{"allow":["GET"]}}],"collection":[{"href":"https:\/\/www.van-beek.nl\/de\/wp-json\/wp\/v2\/posts"}],"about":[{"href":"https:\/\/www.van-beek.nl\/de\/wp-json\/wp\/v2\/types\/post"}],"author":[{"embeddable":true,"href":"https:\/\/www.van-beek.nl\/de\/wp-json\/wp\/v2\/users\/5"}],"replies":[{"embeddable":true,"href":"https:\/\/www.van-beek.nl\/de\/wp-json\/wp\/v2\/comments?post=11270"}],"version-history":[{"count":1,"href":"https:\/\/www.van-beek.nl\/de\/wp-json\/wp\/v2\/posts\/11270\/revisions"}],"predecessor-version":[{"id":11272,"href":"https:\/\/www.van-beek.nl\/de\/wp-json\/wp\/v2\/posts\/11270\/revisions\/11272"}],"wp:featuredmedia":[{"embeddable":true,"href":"https:\/\/www.van-beek.nl\/de\/wp-json\/wp\/v2\/media\/11267"}],"wp:attachment":[{"href":"https:\/\/www.van-beek.nl\/de\/wp-json\/wp\/v2\/media?parent=11270"}],"wp:term":[{"taxonomy":"category","embeddable":true,"href":"https:\/\/www.van-beek.nl\/de\/wp-json\/wp\/v2\/categories?post=11270"},{"taxonomy":"post_tag","embeddable":true,"href":"https:\/\/www.van-beek.nl\/de\/wp-json\/wp\/v2\/tags?post=11270"}],"curies":[{"name":"wp","href":"https:\/\/api.w.org\/{rel}","templated":true}]}}