{"id":11288,"date":"2022-11-29T12:43:17","date_gmt":"2022-11-29T10:43:17","guid":{"rendered":"https:\/\/van-beek.nl\/?p=11288"},"modified":"2024-10-02T13:42:53","modified_gmt":"2024-10-02T11:42:53","slug":"internationale-ausstrahlung-von-van-beek-durch-lokale-vertriebspartner","status":"publish","type":"post","link":"https:\/\/www.van-beek.nl\/de\/internationale-ausstrahlung-von-van-beek-durch-lokale-vertriebspartner\/","title":{"rendered":"Internationale Ausstrahlung von Van Beek durch lokale Vertriebspartner"},"content":{"rendered":"<p><strong>Die Dino Silowagenf\u00fcllanlagen, Schneckenf\u00f6rderer, Schneckenw\u00e4rmetauscher und das damit verbundene Know-how von Van Beek Schroeftransport sind weltweit bekannt. Ob in Europa oder Asien, Van Beek pflegt eine intensive Zusammenarbeit mit lokalen Vertriebspartnern weltweit. Dabei handeln es sich um wertvolle Fachkr\u00e4fte, die \u00fcber das richtige Know-how verf\u00fcgen und mit dem lokalen Markt vertraut sind. \u201eDamit eine solche Partnerschaft erfolgreich ist, muss die Zusammenarbeit nicht nur in gesch\u00e4ftlicher Hinsicht passen, sondern die Vertriebspartner m\u00fcssen auch technisch etwas zu bieten haben\u201c, sagt Roel Kneepkens, Vertriebsingenieur bei Van Beek. H\u00f6chste Zeit also, diese internationalen Leistungstr\u00e4ger in den Mittelpunkt zu r\u00fccken.<\/strong><\/p>\n<p><strong><img loading=\"lazy\" decoding=\"async\" class=\" wp-image-11295 alignleft\" src=\"https:\/\/van-beek.nl\/wp-content\/uploads\/2022\/11\/logo-tripette-et-renaud-01.png\" alt=\"\" width=\"175\" height=\"88\" \/>St\u00e9phane Doucet, kaufm\u00e4nnischer Leiter bei Tripette &amp; Renaud (Frankreich)<br \/>\n<\/strong>Das franz\u00f6sische Unternehmen Tripette &amp; Renaud blickt auf eine lange Geschichte zur\u00fcck. Der bekannte und renommierte Anbieter von M\u00fchlenprodukten wurde 1836 gegr\u00fcndet und expandierte Jahre sp\u00e4ter mit seiner Sparte Industrieausr\u00fcstung in den Bereich der Sch\u00fcttgutindustrie. Das Unternehmen verf\u00fcgt \u00fcber Verk\u00e4ufer in allen Regionen, sodass die Kunden besser und schneller erreicht werden k\u00f6nnen. Doucet: \u201eDie seit 2019 bestehende Zusammenarbeit mit Van Beek hat uns viele T\u00fcren ge\u00f6ffnet. Der Dino ist eine gute Erg\u00e4nzung unseres bisherigen Sortiments und bot somit eine gute Gelegenheit, unser Angebot zu erweitern. Au\u00dferdem erhielt Van Beek Zugang zum franz\u00f6sischen Markt &#8211; eine Win-Win-Situation. Die Zusammenarbeit ist ein gro\u00dfer Erfolg! Van Beek ist immer bereit, uns zu bei der Auswahl der richtigen Produkte f\u00fcr unsere Kunden zu unterst\u00fctzen.\u201c<\/p>\n<p><strong>Oscar Bonet, Generaldirektor von Envisolid (Spanien und Portugal)<img loading=\"lazy\" decoding=\"async\" class=\"size-medium wp-image-11299 alignright\" src=\"https:\/\/van-beek.nl\/wp-content\/uploads\/2022\/11\/logo_envisolid1-300x70.jpg\" alt=\"\" width=\"300\" height=\"70\" srcset=\"https:\/\/www.van-beek.nl\/wp-content\/uploads\/2022\/11\/logo_envisolid1-300x70.jpg 300w, https:\/\/www.van-beek.nl\/wp-content\/uploads\/2022\/11\/logo_envisolid1.jpg 428w\" sizes=\"auto, (max-width: 300px) 100vw, 300px\" \/><br \/>\n<\/strong>Die spanische Agentur Envisolid vertritt Van Beek seit 2017 als Vermittler zwischen spanischen Endverbrauchern und den von Envisolid vertretenen niederl\u00e4ndischen\/italienischen Lieferanten. Der Schwerpunkt liegt dabei auf dem Vertrieb von Dino Silowagenf\u00fcllanlagen, Siebmaschinen, Schleusen und Ventilen anderer Agenturen. Bonet: \u201eVan Beek verf\u00fcgt \u00fcber ein hervorragendes Sortiment. Die Dino Silowagenf\u00fcllanlage zum Beispiel ist ein einzigartiges Ger\u00e4t, das sowohl von Unternehmen in der Logistikbranche als auch der Chemie- und Kunststoffindustrie gesch\u00e4tzt wird. Wir sch\u00e4tzen die Kundenorientierung, die Kompromissbereitschaft sowie die qualit\u00e4tsorientierte Ausrichtung. W\u00e4hrend unserer Zusammenarbeit in den letzten f\u00fcnf Jahren hat sich gezeigt, wie strukturiert, unterst\u00fctzend und kooperativ Van Beek ausgerichtet ist.<\/p>\n<p><strong><img loading=\"lazy\" decoding=\"async\" class=\"size-full wp-image-11302 alignleft\" src=\"https:\/\/van-beek.nl\/wp-content\/uploads\/2022\/11\/Compass.jpg\" alt=\"\" width=\"160\" height=\"87\" \/>George Lee, Direktor von Compass Bulk Handling System (China)<br \/>\n<\/strong>Das in China ans\u00e4ssige Unternehmen Compass erweiterte Anfang 2000 seine Gesch\u00e4ftsaktivit\u00e4ten mit dem neuen Gesch\u00e4ftsbereich Bulk Handling. Seitdem arbeitet das Unternehmen direkt mit Van Beek zusammen, eine Zusammenarbeit, die sich nach eigenen Angaben langfristig als sehr wertvoll erwiesen hat. Lee: \u201eVan Beek ist haupts\u00e4chlich im High-End-Markt t\u00e4tig, in dem auch Compass operiert. Obwohl die Nachfrage auf diesem Markt recht begrenzt ist, bleibt diese dennoch j\u00e4hrlich stabil. Dar\u00fcber hinaus ist das Produktportfolio von Van Beek pers\u00f6nlich auf unsere Kunden zugeschnitten, was bei anderen europ\u00e4ischen Anbietern oft nicht der Fall ist. Das macht sie zu einem unserer wichtigsten Gesch\u00e4ftspartner.\u201c<\/p>\n<p><strong>Frank M\u00fcller, Inhaber von M\u00fcller Consulting and Trading (Deutschland, \u00d6sterreich und Schweiz)<br \/>\n<\/strong>M\u00fcller und Van Beek verbindet eine lange gemeinsame Geschichte. Vor \u00fcber 17 Jahren arbeitete der Inhaber des deutschen Unternehmens M\u00fcller Consulting and Trading als Verk\u00e4ufer f\u00fcr Van Beek auf dem deutschen Markt. M\u00fcller: \u201e2020 ergab sich f\u00fcr mich die M\u00f6glichkeit, mein eigenes Unternehmen auszubauen, und ich erinnerte mich daran, dass Van Beek mich einmal gebeten hatte, sie auf dem deutschen Markt zu vertreten. Ein wunderbares Angebot, das sich damals leider nicht mit meiner Arbeit kombinieren lie\u00df. Deshalb war ich erleichtert, als ich h\u00f6rte, dass sie immer noch an mir interessiert waren. Neben Deutschland betreue ich jetzt auch den \u00f6sterreichischen und den schweizerischen Markt, in denen ich gro\u00dfe Chancen f\u00fcr die Dino Silowagenf\u00fcllanlage sehe. Auch in diesen L\u00e4ndern wollen Unternehmen zunehmend Aufgaben im Bereich der Lagerung und des Umschlags f\u00fcr ihre Kunden \u00fcbernehmen, Aufgaben, f\u00fcr die der Dino hervorragend geeignet ist.\u201c<\/p>\n<p><strong><img loading=\"lazy\" decoding=\"async\" class=\" wp-image-11308 alignleft\" src=\"https:\/\/van-beek.nl\/wp-content\/uploads\/2022\/11\/cropped-okeanos-300x91.png\" alt=\"\" width=\"237\" height=\"72\" srcset=\"https:\/\/www.van-beek.nl\/wp-content\/uploads\/2022\/11\/cropped-okeanos-300x91.png 300w, https:\/\/www.van-beek.nl\/wp-content\/uploads\/2022\/11\/cropped-okeanos-1024x311.png 1024w, https:\/\/www.van-beek.nl\/wp-content\/uploads\/2022\/11\/cropped-okeanos-768x233.png 768w, https:\/\/www.van-beek.nl\/wp-content\/uploads\/2022\/11\/cropped-okeanos.png 1304w\" sizes=\"auto, (max-width: 237px) 100vw, 237px\" \/>Ain Adamson, Unternehmensberater f\u00fcr Hafenlogistik bei Okeanos (Estland)<br \/>\n<\/strong>Das in Estland ans\u00e4ssige Unternehmen Okeanos wurde 2004 gegr\u00fcndet und hat sich auf L\u00f6sungen f\u00fcr die logistische Hafenwirtschaft im Ostseeraum spezialisiert. Der erste Kontakt zwischen Van Beek und Okeanos kam vor \u00fcber drei Jahren durch einen gemeinsamen Partner zustande. Das Motto des estnischen Unternehmens lautet \u201eGlobal denken und lokal handeln\u201c. Nicht zuletzt aufgrund dieser Einstellung ist es dem Unternehmen bereits gelungen, mehrere Dinos im Ostseeraum zu verkaufen. Adamson: \u201eWir sind sehr kundenorientiert, und was wir anbieten, muss f\u00fcr unsere Kunden die beste L\u00f6sung sein. Aus diesem Grund entscheiden wir uns oft f\u00fcr Van Beek, denn die Dino Silowagenf\u00fcllanlage ist eine fantastische autonome Anlage f\u00fcr sich. Die Anschaffungskosten sind relativ hoch, aber ein Dino ist so solide und zuverl\u00e4ssig, dass wir nur zufriedene Kunden haben. Weltweit wurde versucht, einen g\u00fcnstigeren Dino nachzubauen, aber bemerkenswerterweise reichen diese Nachahmungen nicht an das Original heran. In dieser Hinsicht ist der Dino wirklich einzigartig!\u201c<\/p>\n<p><strong>Harry Yoo, Gesch\u00e4ftsf\u00fchrer von TOSOLtec (S\u00fcdkorea)<img loading=\"lazy\" decoding=\"async\" class=\" wp-image-11311 alignright\" src=\"https:\/\/van-beek.nl\/wp-content\/uploads\/2022\/11\/Tosoltec.jpg\" alt=\"\" width=\"93\" height=\"79\" \/><br \/>\n<\/strong>TOSOLtec wurde im Februar 2001 gegr\u00fcndet, um Kunden in der Kunststoff-Extrusions-, Verpackungs- und Peripherieger\u00e4te-Industrie Komplettl\u00f6sungen anzubieten und verf\u00fcgt \u00fcber mehrere Vertretungen, darunter auch die der Dino Silowagenf\u00fcllanlage. Yoo: \u201eEs gibt viele petrochemische Unternehmen in S\u00fcdkorea, und jedes dieser Unternehmen stellt unterschiedliche Harze in unterschiedlicher Qualit\u00e4t her. Besonders gefragte Harze werden nach der Produktion in Silos gelagert und direkt zu Tankwagen transportiert. Diese Silos haben jedoch eine begrenzte Kapazit\u00e4t, sodass der Rest der Harze in Bigbags gelagert werden muss. F\u00fcr den Transport hebt ein Gabelstapler zwei Bigbags \u00fcber einen Tankwagen. Anschlie\u00dfend \u00f6ffnet ein Mitarbeiter den unteren Teil des Bigbags. Die meisten dieser Arbeiten finden im Freien statt und sind f\u00fcr die Besch\u00e4ftigten gef\u00e4hrlich, vor allem in den hei\u00dfen Sommermonaten, was zu h\u00e4ufigen Unf\u00e4llen f\u00fchrt. Nur mit dem Dino kann dieses Risiko beseitigt werden. Weil unsere Kunden aber nicht f\u00fcr alle Harzarten einen Dino zur Verf\u00fcgung haben, m\u00fcssen sie diesen nach dem Gebrauch gr\u00fcndlich reinigen. Bei einer schlechten Reinigung k\u00f6nnen sich verschiedene Harze vermischen, was ein gro\u00dfes Problem darstellt. F\u00fcr eine schnelle und einfache Reinigung stellt Van Beek F\u00f6rderschnecken mit einer Oberfl\u00e4chenrauheit Ra von weniger als 0,05 \u00b5m (spiegelglatt) her, um den Dino gr\u00fcndlich mit Druckluft oder Wasser reinigen zu k\u00f6nnen.\u201c<\/p>\n<p><strong><img loading=\"lazy\" decoding=\"async\" class=\"size-full wp-image-11322 alignleft\" src=\"https:\/\/van-beek.nl\/wp-content\/uploads\/2022\/11\/Tekemas1.jpg\" alt=\"\" width=\"244\" height=\"54\" \/>Hans T\u00f8nnesen, Verkaufsleiter bei Tekemas (Schweden und D\u00e4nemark)<br \/>\n<\/strong>Tekemas wurde 1971 in Kopenhagen gegr\u00fcndet und bietet kundenspezifische L\u00f6sungen f\u00fcr die Handhabung von Pulvern in der Nahrungsmittel-, Pharma- und Futtermittelindustrie sowie in der Chemie- und Metallpulverindustrie. Die L\u00f6sungen von Tekemas zeichnen sich durch fortschrittliche Technologie, Pr\u00e4zision, Zuverl\u00e4ssigkeit und hohe Qualit\u00e4t aus. T\u00f8nnesen: \u201eWir sind wie Van Beek sehr kundenorientiert und legen Wert auf die Zusammenarbeit mit den Kunden und das Verst\u00e4ndnis ihrer Bed\u00fcrfnisse als Grundlage f\u00fcr eine gut funktionierende Partnerschaft, die L\u00f6sungen bietet, die eine Win-Win-Situation schaffen. Die Partnerschaft zwischen Tekemas und Van Beek besteht seit nunmehr zehn Jahren und wir haben nichts als Lob f\u00fcr ein so gut organisiertes Unternehmen \u00fcbrig, das \u00fcber so viel Know-how in seinem Gebiet verf\u00fcgt und dies bereitwillig mit seinen Partnern teilt.<\/p>\n<p><strong>Remigiusz Buchowski, Miteigent\u00fcmer der PHU OZB (Polen)<img loading=\"lazy\" decoding=\"async\" class=\"size-full wp-image-11317 alignright\" src=\"https:\/\/van-beek.nl\/wp-content\/uploads\/2022\/11\/OZB.webp\" alt=\"\" width=\"146\" height=\"50\" \/><br \/>\n<\/strong>PHU OZB wurde 2011 gegr\u00fcndet und liefert eine Vielzahl von Ausr\u00fcstungen f\u00fcr den Sch\u00fcttgutsektor f\u00fcr den polnischen Markt. Buchowski: &#8222;Die Zusammenarbeit mit Van Beek begann erst vor ein paar Jahren. Die L\u00f6sungen von Van Beek sind von h\u00f6chster Qualit\u00e4t, die auf dem Markt erh\u00e4ltlich ist. Das hat verst\u00e4ndlicherweise auch einen anderen Preis, aber wenn der Kunde die Qualit\u00e4t, mit der er es zu tun hat, einmal &#8222;sp\u00fcrt&#8220; und erlebt, fragt er nie wieder nach einem anderen Anbieter. Um einen letzten &#8222;Endverbraucher&#8220; von DINO zu zitieren: &#8222;Es ist jeden Euro wert, der f\u00fcr diese gro\u00dfartige Maschine ausgegeben wird &#8211; die Arbeit mit ihr ist ein reines Vergn\u00fcgen&#8220;.<\/p>\n<p><strong>Sind Sie daran interessiert, auch ein internationaler Vertragsh\u00e4ndler oder Vertreter f\u00fcr die Dino Silowagenf\u00fcllanlage von Van Beek Schroeftransport zu werden?<\/strong> Wir suchen noch nach Partnern in u. a. Italien, der T\u00fcrkei und England, aber auch Interessenten aus anderen potenziellen L\u00e4ndern k\u00f6nnen gerne an uns herantreten. Ihr Ansprechpartner ist Roel Kneepkens. Kontaktieren Sie ihn bitte per E-Mail unter <a href=\"mailto:kneepkens@van-beek.nl\">kneepkens@van-beek.nl<\/a> oder unter der Telefonnummer +31 (0)416 37 52 25.<\/p>\n","protected":false},"excerpt":{"rendered":"<p>Die Dino Silowagenf\u00fcllanlagen, Schneckenf\u00f6rderer, Schneckenw\u00e4rmetauscher und das damit verbundene Know-how von Van Beek Schroeftransport sind weltweit bekannt. Ob in Europa oder Asien, Van Beek pflegt eine intensive Zusammenarbeit mit lokalen Vertriebspartnern weltweit. Dabei handeln es sich um wertvolle Fachkr\u00e4fte, die \u00fcber das richtige Know-how verf\u00fcgen und mit dem lokalen Markt vertraut sind. \u201eDamit eine solche [&hellip;]<\/p>\n","protected":false},"author":5,"featured_media":11286,"comment_status":"open","ping_status":"closed","sticky":false,"template":"","format":"standard","meta":{"_acf_changed":false,"content-type":"","inline_featured_image":false,"footnotes":""},"categories":[31],"tags":[],"class_list":["post-11288","post","type-post","status-publish","format-standard","has-post-thumbnail","hentry","category-dino-de"],"acf":[],"yoast_head":"<!-- This site is optimized with the Yoast SEO plugin v27.5 - https:\/\/yoast.com\/product\/yoast-seo-wordpress\/ -->\n<title>Internationale Ausstrahlung von Van Beek durch lokale Vertriebspartner - Van Beek Schroeftransport<\/title>\n<meta name=\"robots\" content=\"index, follow, max-snippet:-1, max-image-preview:large, max-video-preview:-1\" \/>\n<link rel=\"canonical\" href=\"https:\/\/www.van-beek.nl\/de\/internationale-ausstrahlung-von-van-beek-durch-lokale-vertriebspartner\/\" \/>\n<meta property=\"og:locale\" content=\"de_DE\" \/>\n<meta property=\"og:type\" content=\"article\" \/>\n<meta property=\"og:title\" content=\"Internationale Ausstrahlung von Van Beek durch lokale Vertriebspartner - Van Beek Schroeftransport\" \/>\n<meta property=\"og:description\" content=\"Die Dino Silowagenf\u00fcllanlagen, Schneckenf\u00f6rderer, Schneckenw\u00e4rmetauscher und das damit verbundene Know-how von Van Beek Schroeftransport sind weltweit bekannt. Ob in Europa oder Asien, Van Beek pflegt eine intensive Zusammenarbeit mit lokalen Vertriebspartnern weltweit. Dabei handeln es sich um wertvolle Fachkr\u00e4fte, die \u00fcber das richtige Know-how verf\u00fcgen und mit dem lokalen Markt vertraut sind. \u201eDamit eine solche [&hellip;]\" \/>\n<meta property=\"og:url\" content=\"https:\/\/www.van-beek.nl\/de\/internationale-ausstrahlung-von-van-beek-durch-lokale-vertriebspartner\/\" \/>\n<meta property=\"og:site_name\" content=\"Van Beek Schroeftransport\" \/>\n<meta property=\"article:published_time\" content=\"2022-11-29T10:43:17+00:00\" \/>\n<meta property=\"article:modified_time\" content=\"2024-10-02T11:42:53+00:00\" \/>\n<meta property=\"og:image\" content=\"https:\/\/www.van-beek.nl\/wp-content\/uploads\/2022\/11\/shutterstock_89422879-agenten-scaled.jpg\" \/>\n\t<meta property=\"og:image:width\" content=\"2560\" \/>\n\t<meta property=\"og:image:height\" content=\"2560\" \/>\n\t<meta property=\"og:image:type\" content=\"image\/jpeg\" \/>\n<meta name=\"author\" content=\"Birgit\" \/>\n<meta name=\"twitter:card\" content=\"summary_large_image\" \/>\n<meta name=\"twitter:label1\" content=\"Verfasst von\" \/>\n\t<meta name=\"twitter:data1\" content=\"Birgit\" \/>\n\t<meta name=\"twitter:label2\" content=\"Gesch\u00e4tzte Lesezeit\" \/>\n\t<meta name=\"twitter:data2\" content=\"8\u00a0Minuten\" \/>\n<script type=\"application\/ld+json\" class=\"yoast-schema-graph\">{\"@context\":\"https:\\\/\\\/schema.org\",\"@graph\":[{\"@type\":\"Article\",\"@id\":\"https:\\\/\\\/www.van-beek.nl\\\/de\\\/internationale-ausstrahlung-von-van-beek-durch-lokale-vertriebspartner\\\/#article\",\"isPartOf\":{\"@id\":\"https:\\\/\\\/www.van-beek.nl\\\/de\\\/internationale-ausstrahlung-von-van-beek-durch-lokale-vertriebspartner\\\/\"},\"author\":{\"name\":\"Birgit\",\"@id\":\"https:\\\/\\\/www.van-beek.nl\\\/de\\\/#\\\/schema\\\/person\\\/1a0605f4f0a605c2997f2e484e274470\"},\"headline\":\"Internationale Ausstrahlung von Van Beek durch lokale Vertriebspartner\",\"datePublished\":\"2022-11-29T10:43:17+00:00\",\"dateModified\":\"2024-10-02T11:42:53+00:00\",\"mainEntityOfPage\":{\"@id\":\"https:\\\/\\\/www.van-beek.nl\\\/de\\\/internationale-ausstrahlung-von-van-beek-durch-lokale-vertriebspartner\\\/\"},\"wordCount\":1402,\"commentCount\":0,\"publisher\":{\"@id\":\"https:\\\/\\\/www.van-beek.nl\\\/de\\\/#organization\"},\"image\":{\"@id\":\"https:\\\/\\\/www.van-beek.nl\\\/de\\\/internationale-ausstrahlung-von-van-beek-durch-lokale-vertriebspartner\\\/#primaryimage\"},\"thumbnailUrl\":\"https:\\\/\\\/www.van-beek.nl\\\/wp-content\\\/uploads\\\/2022\\\/11\\\/shutterstock_89422879-agenten-scaled.jpg\",\"articleSection\":[\"Dino\"],\"inLanguage\":\"de\",\"potentialAction\":[{\"@type\":\"CommentAction\",\"name\":\"Comment\",\"target\":[\"https:\\\/\\\/www.van-beek.nl\\\/de\\\/internationale-ausstrahlung-von-van-beek-durch-lokale-vertriebspartner\\\/#respond\"]}]},{\"@type\":\"WebPage\",\"@id\":\"https:\\\/\\\/www.van-beek.nl\\\/de\\\/internationale-ausstrahlung-von-van-beek-durch-lokale-vertriebspartner\\\/\",\"url\":\"https:\\\/\\\/www.van-beek.nl\\\/de\\\/internationale-ausstrahlung-von-van-beek-durch-lokale-vertriebspartner\\\/\",\"name\":\"Internationale Ausstrahlung von Van Beek durch lokale Vertriebspartner - Van Beek Schroeftransport\",\"isPartOf\":{\"@id\":\"https:\\\/\\\/www.van-beek.nl\\\/de\\\/#website\"},\"primaryImageOfPage\":{\"@id\":\"https:\\\/\\\/www.van-beek.nl\\\/de\\\/internationale-ausstrahlung-von-van-beek-durch-lokale-vertriebspartner\\\/#primaryimage\"},\"image\":{\"@id\":\"https:\\\/\\\/www.van-beek.nl\\\/de\\\/internationale-ausstrahlung-von-van-beek-durch-lokale-vertriebspartner\\\/#primaryimage\"},\"thumbnailUrl\":\"https:\\\/\\\/www.van-beek.nl\\\/wp-content\\\/uploads\\\/2022\\\/11\\\/shutterstock_89422879-agenten-scaled.jpg\",\"datePublished\":\"2022-11-29T10:43:17+00:00\",\"dateModified\":\"2024-10-02T11:42:53+00:00\",\"breadcrumb\":{\"@id\":\"https:\\\/\\\/www.van-beek.nl\\\/de\\\/internationale-ausstrahlung-von-van-beek-durch-lokale-vertriebspartner\\\/#breadcrumb\"},\"inLanguage\":\"de\",\"potentialAction\":[{\"@type\":\"ReadAction\",\"target\":[\"https:\\\/\\\/www.van-beek.nl\\\/de\\\/internationale-ausstrahlung-von-van-beek-durch-lokale-vertriebspartner\\\/\"]}]},{\"@type\":\"ImageObject\",\"inLanguage\":\"de\",\"@id\":\"https:\\\/\\\/www.van-beek.nl\\\/de\\\/internationale-ausstrahlung-von-van-beek-durch-lokale-vertriebspartner\\\/#primaryimage\",\"url\":\"https:\\\/\\\/www.van-beek.nl\\\/wp-content\\\/uploads\\\/2022\\\/11\\\/shutterstock_89422879-agenten-scaled.jpg\",\"contentUrl\":\"https:\\\/\\\/www.van-beek.nl\\\/wp-content\\\/uploads\\\/2022\\\/11\\\/shutterstock_89422879-agenten-scaled.jpg\",\"width\":2560,\"height\":2560},{\"@type\":\"BreadcrumbList\",\"@id\":\"https:\\\/\\\/www.van-beek.nl\\\/de\\\/internationale-ausstrahlung-von-van-beek-durch-lokale-vertriebspartner\\\/#breadcrumb\",\"itemListElement\":[{\"@type\":\"ListItem\",\"position\":1,\"name\":\"Home\",\"item\":\"https:\\\/\\\/www.van-beek.nl\\\/de\\\/\"},{\"@type\":\"ListItem\",\"position\":2,\"name\":\"Internationale Ausstrahlung von Van Beek durch lokale Vertriebspartner\"}]},{\"@type\":\"WebSite\",\"@id\":\"https:\\\/\\\/www.van-beek.nl\\\/de\\\/#website\",\"url\":\"https:\\\/\\\/www.van-beek.nl\\\/de\\\/\",\"name\":\"Van Beek Schroeftransport\",\"description\":\"\",\"publisher\":{\"@id\":\"https:\\\/\\\/www.van-beek.nl\\\/de\\\/#organization\"},\"potentialAction\":[{\"@type\":\"SearchAction\",\"target\":{\"@type\":\"EntryPoint\",\"urlTemplate\":\"https:\\\/\\\/www.van-beek.nl\\\/de\\\/?s={search_term_string}\"},\"query-input\":{\"@type\":\"PropertyValueSpecification\",\"valueRequired\":true,\"valueName\":\"search_term_string\"}}],\"inLanguage\":\"de\"},{\"@type\":\"Organization\",\"@id\":\"https:\\\/\\\/www.van-beek.nl\\\/de\\\/#organization\",\"name\":\"Transportschroeven- en machinefabriek Van Beek B.V.\",\"url\":\"https:\\\/\\\/www.van-beek.nl\\\/de\\\/\",\"logo\":{\"@type\":\"ImageObject\",\"inLanguage\":\"de\",\"@id\":\"https:\\\/\\\/www.van-beek.nl\\\/de\\\/#\\\/schema\\\/logo\\\/image\\\/\",\"url\":\"https:\\\/\\\/van-beek.nl\\\/wp-content\\\/uploads\\\/2020\\\/04\\\/VanBeek-logo.png\",\"contentUrl\":\"https:\\\/\\\/van-beek.nl\\\/wp-content\\\/uploads\\\/2020\\\/04\\\/VanBeek-logo.png\",\"width\":116,\"height\":22,\"caption\":\"Transportschroeven- en machinefabriek Van Beek B.V.\"},\"image\":{\"@id\":\"https:\\\/\\\/www.van-beek.nl\\\/de\\\/#\\\/schema\\\/logo\\\/image\\\/\"}},{\"@type\":\"Person\",\"@id\":\"https:\\\/\\\/www.van-beek.nl\\\/de\\\/#\\\/schema\\\/person\\\/1a0605f4f0a605c2997f2e484e274470\",\"name\":\"Birgit\",\"image\":{\"@type\":\"ImageObject\",\"inLanguage\":\"de\",\"@id\":\"https:\\\/\\\/secure.gravatar.com\\\/avatar\\\/02b3dab0a329e4add93a0160a1588896c20ecbe51cf814ca65eb69d16af71b4c?s=96&d=mm&r=g\",\"url\":\"https:\\\/\\\/secure.gravatar.com\\\/avatar\\\/02b3dab0a329e4add93a0160a1588896c20ecbe51cf814ca65eb69d16af71b4c?s=96&d=mm&r=g\",\"contentUrl\":\"https:\\\/\\\/secure.gravatar.com\\\/avatar\\\/02b3dab0a329e4add93a0160a1588896c20ecbe51cf814ca65eb69d16af71b4c?s=96&d=mm&r=g\",\"caption\":\"Birgit\"}}]}<\/script>\n<!-- \/ Yoast SEO plugin. -->","yoast_head_json":{"title":"Internationale Ausstrahlung von Van Beek durch lokale Vertriebspartner - Van Beek Schroeftransport","robots":{"index":"index","follow":"follow","max-snippet":"max-snippet:-1","max-image-preview":"max-image-preview:large","max-video-preview":"max-video-preview:-1"},"canonical":"https:\/\/www.van-beek.nl\/de\/internationale-ausstrahlung-von-van-beek-durch-lokale-vertriebspartner\/","og_locale":"de_DE","og_type":"article","og_title":"Internationale Ausstrahlung von Van Beek durch lokale Vertriebspartner - Van Beek Schroeftransport","og_description":"Die Dino Silowagenf\u00fcllanlagen, Schneckenf\u00f6rderer, Schneckenw\u00e4rmetauscher und das damit verbundene Know-how von Van Beek Schroeftransport sind weltweit bekannt. Ob in Europa oder Asien, Van Beek pflegt eine intensive Zusammenarbeit mit lokalen Vertriebspartnern weltweit. Dabei handeln es sich um wertvolle Fachkr\u00e4fte, die \u00fcber das richtige Know-how verf\u00fcgen und mit dem lokalen Markt vertraut sind. \u201eDamit eine solche [&hellip;]","og_url":"https:\/\/www.van-beek.nl\/de\/internationale-ausstrahlung-von-van-beek-durch-lokale-vertriebspartner\/","og_site_name":"Van Beek Schroeftransport","article_published_time":"2022-11-29T10:43:17+00:00","article_modified_time":"2024-10-02T11:42:53+00:00","og_image":[{"width":2560,"height":2560,"url":"https:\/\/www.van-beek.nl\/wp-content\/uploads\/2022\/11\/shutterstock_89422879-agenten-scaled.jpg","type":"image\/jpeg"}],"author":"Birgit","twitter_card":"summary_large_image","twitter_misc":{"Verfasst von":"Birgit","Gesch\u00e4tzte Lesezeit":"8\u00a0Minuten"},"schema":{"@context":"https:\/\/schema.org","@graph":[{"@type":"Article","@id":"https:\/\/www.van-beek.nl\/de\/internationale-ausstrahlung-von-van-beek-durch-lokale-vertriebspartner\/#article","isPartOf":{"@id":"https:\/\/www.van-beek.nl\/de\/internationale-ausstrahlung-von-van-beek-durch-lokale-vertriebspartner\/"},"author":{"name":"Birgit","@id":"https:\/\/www.van-beek.nl\/de\/#\/schema\/person\/1a0605f4f0a605c2997f2e484e274470"},"headline":"Internationale Ausstrahlung von Van Beek durch lokale Vertriebspartner","datePublished":"2022-11-29T10:43:17+00:00","dateModified":"2024-10-02T11:42:53+00:00","mainEntityOfPage":{"@id":"https:\/\/www.van-beek.nl\/de\/internationale-ausstrahlung-von-van-beek-durch-lokale-vertriebspartner\/"},"wordCount":1402,"commentCount":0,"publisher":{"@id":"https:\/\/www.van-beek.nl\/de\/#organization"},"image":{"@id":"https:\/\/www.van-beek.nl\/de\/internationale-ausstrahlung-von-van-beek-durch-lokale-vertriebspartner\/#primaryimage"},"thumbnailUrl":"https:\/\/www.van-beek.nl\/wp-content\/uploads\/2022\/11\/shutterstock_89422879-agenten-scaled.jpg","articleSection":["Dino"],"inLanguage":"de","potentialAction":[{"@type":"CommentAction","name":"Comment","target":["https:\/\/www.van-beek.nl\/de\/internationale-ausstrahlung-von-van-beek-durch-lokale-vertriebspartner\/#respond"]}]},{"@type":"WebPage","@id":"https:\/\/www.van-beek.nl\/de\/internationale-ausstrahlung-von-van-beek-durch-lokale-vertriebspartner\/","url":"https:\/\/www.van-beek.nl\/de\/internationale-ausstrahlung-von-van-beek-durch-lokale-vertriebspartner\/","name":"Internationale Ausstrahlung von Van Beek durch lokale Vertriebspartner - Van Beek Schroeftransport","isPartOf":{"@id":"https:\/\/www.van-beek.nl\/de\/#website"},"primaryImageOfPage":{"@id":"https:\/\/www.van-beek.nl\/de\/internationale-ausstrahlung-von-van-beek-durch-lokale-vertriebspartner\/#primaryimage"},"image":{"@id":"https:\/\/www.van-beek.nl\/de\/internationale-ausstrahlung-von-van-beek-durch-lokale-vertriebspartner\/#primaryimage"},"thumbnailUrl":"https:\/\/www.van-beek.nl\/wp-content\/uploads\/2022\/11\/shutterstock_89422879-agenten-scaled.jpg","datePublished":"2022-11-29T10:43:17+00:00","dateModified":"2024-10-02T11:42:53+00:00","breadcrumb":{"@id":"https:\/\/www.van-beek.nl\/de\/internationale-ausstrahlung-von-van-beek-durch-lokale-vertriebspartner\/#breadcrumb"},"inLanguage":"de","potentialAction":[{"@type":"ReadAction","target":["https:\/\/www.van-beek.nl\/de\/internationale-ausstrahlung-von-van-beek-durch-lokale-vertriebspartner\/"]}]},{"@type":"ImageObject","inLanguage":"de","@id":"https:\/\/www.van-beek.nl\/de\/internationale-ausstrahlung-von-van-beek-durch-lokale-vertriebspartner\/#primaryimage","url":"https:\/\/www.van-beek.nl\/wp-content\/uploads\/2022\/11\/shutterstock_89422879-agenten-scaled.jpg","contentUrl":"https:\/\/www.van-beek.nl\/wp-content\/uploads\/2022\/11\/shutterstock_89422879-agenten-scaled.jpg","width":2560,"height":2560},{"@type":"BreadcrumbList","@id":"https:\/\/www.van-beek.nl\/de\/internationale-ausstrahlung-von-van-beek-durch-lokale-vertriebspartner\/#breadcrumb","itemListElement":[{"@type":"ListItem","position":1,"name":"Home","item":"https:\/\/www.van-beek.nl\/de\/"},{"@type":"ListItem","position":2,"name":"Internationale Ausstrahlung von Van Beek durch lokale Vertriebspartner"}]},{"@type":"WebSite","@id":"https:\/\/www.van-beek.nl\/de\/#website","url":"https:\/\/www.van-beek.nl\/de\/","name":"Van Beek Schroeftransport","description":"","publisher":{"@id":"https:\/\/www.van-beek.nl\/de\/#organization"},"potentialAction":[{"@type":"SearchAction","target":{"@type":"EntryPoint","urlTemplate":"https:\/\/www.van-beek.nl\/de\/?s={search_term_string}"},"query-input":{"@type":"PropertyValueSpecification","valueRequired":true,"valueName":"search_term_string"}}],"inLanguage":"de"},{"@type":"Organization","@id":"https:\/\/www.van-beek.nl\/de\/#organization","name":"Transportschroeven- en machinefabriek Van Beek B.V.","url":"https:\/\/www.van-beek.nl\/de\/","logo":{"@type":"ImageObject","inLanguage":"de","@id":"https:\/\/www.van-beek.nl\/de\/#\/schema\/logo\/image\/","url":"https:\/\/van-beek.nl\/wp-content\/uploads\/2020\/04\/VanBeek-logo.png","contentUrl":"https:\/\/van-beek.nl\/wp-content\/uploads\/2020\/04\/VanBeek-logo.png","width":116,"height":22,"caption":"Transportschroeven- en machinefabriek Van Beek B.V."},"image":{"@id":"https:\/\/www.van-beek.nl\/de\/#\/schema\/logo\/image\/"}},{"@type":"Person","@id":"https:\/\/www.van-beek.nl\/de\/#\/schema\/person\/1a0605f4f0a605c2997f2e484e274470","name":"Birgit","image":{"@type":"ImageObject","inLanguage":"de","@id":"https:\/\/secure.gravatar.com\/avatar\/02b3dab0a329e4add93a0160a1588896c20ecbe51cf814ca65eb69d16af71b4c?s=96&d=mm&r=g","url":"https:\/\/secure.gravatar.com\/avatar\/02b3dab0a329e4add93a0160a1588896c20ecbe51cf814ca65eb69d16af71b4c?s=96&d=mm&r=g","contentUrl":"https:\/\/secure.gravatar.com\/avatar\/02b3dab0a329e4add93a0160a1588896c20ecbe51cf814ca65eb69d16af71b4c?s=96&d=mm&r=g","caption":"Birgit"}}]}},"_links":{"self":[{"href":"https:\/\/www.van-beek.nl\/de\/wp-json\/wp\/v2\/posts\/11288","targetHints":{"allow":["GET"]}}],"collection":[{"href":"https:\/\/www.van-beek.nl\/de\/wp-json\/wp\/v2\/posts"}],"about":[{"href":"https:\/\/www.van-beek.nl\/de\/wp-json\/wp\/v2\/types\/post"}],"author":[{"embeddable":true,"href":"https:\/\/www.van-beek.nl\/de\/wp-json\/wp\/v2\/users\/5"}],"replies":[{"embeddable":true,"href":"https:\/\/www.van-beek.nl\/de\/wp-json\/wp\/v2\/comments?post=11288"}],"version-history":[{"count":5,"href":"https:\/\/www.van-beek.nl\/de\/wp-json\/wp\/v2\/posts\/11288\/revisions"}],"predecessor-version":[{"id":12834,"href":"https:\/\/www.van-beek.nl\/de\/wp-json\/wp\/v2\/posts\/11288\/revisions\/12834"}],"wp:featuredmedia":[{"embeddable":true,"href":"https:\/\/www.van-beek.nl\/de\/wp-json\/wp\/v2\/media\/11286"}],"wp:attachment":[{"href":"https:\/\/www.van-beek.nl\/de\/wp-json\/wp\/v2\/media?parent=11288"}],"wp:term":[{"taxonomy":"category","embeddable":true,"href":"https:\/\/www.van-beek.nl\/de\/wp-json\/wp\/v2\/categories?post=11288"},{"taxonomy":"post_tag","embeddable":true,"href":"https:\/\/www.van-beek.nl\/de\/wp-json\/wp\/v2\/tags?post=11288"}],"curies":[{"name":"wp","href":"https:\/\/api.w.org\/{rel}","templated":true}]}}