{"id":12207,"date":"2023-06-27T11:09:04","date_gmt":"2023-06-27T09:09:04","guid":{"rendered":"https:\/\/van-beek.nl\/?p=12207"},"modified":"2023-06-27T11:09:04","modified_gmt":"2023-06-27T09:09:04","slug":"gemeinsam-interessieren-wir-jugendliche-fuer-technik","status":"publish","type":"post","link":"https:\/\/www.van-beek.nl\/de\/gemeinsam-interessieren-wir-jugendliche-fuer-technik\/","title":{"rendered":"Gemeinsam interessieren wir Jugendliche f\u00fcr Technik"},"content":{"rendered":"<p><strong>Mit anderen Unternehmen und Schulen aus der Region Tilburg\/Den Bosch tun wir unser Bestes, um Jugendliche f\u00fcr Technikjobs zu begeistern. Die j\u00e4hrlichen H\u00f6hepunkte sind das Tech Challenge und der Tag der Technik (Dag van de Techniek).<\/strong><\/p>\n<p><strong>Technik in der Schule<br \/>\n<\/strong><img loading=\"lazy\" decoding=\"async\" class=\"size-medium wp-image-12156 alignright\" src=\"https:\/\/van-beek.nl\/wp-content\/uploads\/2023\/06\/Samenwerking-scholen4-300x200.jpg\" alt=\"Jongeren-interesseren-voor-techniek-doen-we-samen\" width=\"300\" height=\"200\" srcset=\"https:\/\/www.van-beek.nl\/wp-content\/uploads\/2023\/06\/Samenwerking-scholen4-300x200.jpg 300w, https:\/\/www.van-beek.nl\/wp-content\/uploads\/2023\/06\/Samenwerking-scholen4-1024x683.jpg 1024w, https:\/\/www.van-beek.nl\/wp-content\/uploads\/2023\/06\/Samenwerking-scholen4-768x512.jpg 768w, https:\/\/www.van-beek.nl\/wp-content\/uploads\/2023\/06\/Samenwerking-scholen4-1536x1024.jpg 1536w, https:\/\/www.van-beek.nl\/wp-content\/uploads\/2023\/06\/Samenwerking-scholen4.jpg 2048w\" sizes=\"auto, (max-width: 300px) 100vw, 300px\" \/>W\u00e4hrend des Tech Challenge entwerfen Sch\u00fcler:innengruppen von Grundschulen aus Heusden bei uns und anderen Technikbetrieben ein Boot. Dazu bekommen sie eine einheitliche Toolbox mit Material und Werkzeug sowie eine Anleitung, die speziell f\u00fcr das Tech Challenge entwickelt wurde. Sch\u00fcler:innen aus der Gesamtschule De Overlaat aus Waalwijk betreuen diese Kinder der f\u00fcnften Klasse. Ziel der j\u00e4hrlichen Veranstaltung ist: mehr Technikunterricht f\u00fcr Grundschulen.<\/p>\n<p><strong>Der Tag der Technik<br \/>\n<\/strong><img loading=\"lazy\" decoding=\"async\" class=\"size-medium wp-image-12159 alignright\" src=\"https:\/\/van-beek.nl\/wp-content\/uploads\/2023\/06\/Samenwerking-scholen5-225x300.jpg\" alt=\"Jongeren-interesseren-voor-techniek-doen-we-samen\" width=\"225\" height=\"300\" srcset=\"https:\/\/www.van-beek.nl\/wp-content\/uploads\/2023\/06\/Samenwerking-scholen5-225x300.jpg 225w, https:\/\/www.van-beek.nl\/wp-content\/uploads\/2023\/06\/Samenwerking-scholen5-768x1024.jpg 768w, https:\/\/www.van-beek.nl\/wp-content\/uploads\/2023\/06\/Samenwerking-scholen5-1152x1536.jpg 1152w, https:\/\/www.van-beek.nl\/wp-content\/uploads\/2023\/06\/Samenwerking-scholen5.jpg 1536w\" sizes=\"auto, (max-width: 225px) 100vw, 225px\" \/>Um das herrschende Bild von technischen Berufen zu erweitern, beteiligen wir uns dieses Jahr zum vierten Mal am Tag der Technik. F\u00fcr uns und weitere 40 Technikbetriebe aus der Region ist dies eine ideale Gelegenheit, unsere T\u00e4tigkeit interessierten Jugendlichen und Seiteneinsteiger:innen zu vermitteln und zu zeigen, dass Technik \u00fcberall ist. Die teilnehmenden Bildungseinrichtungen k\u00f6nnen gut auf die Frage reagieren, welche technische Ausbildungen es in der Region gibt. Der Tag der Technik wird von der \u201ePlatform Techniek de Langstraat\u201c organisiert und fand dieses Jahr in Nieuwkuijk statt.<\/p>\n<p><strong>Aktivit\u00e4tentag mit Technikbetrieben<br \/>\n<\/strong><img loading=\"lazy\" decoding=\"async\" class=\"size-medium wp-image-12165 alignright\" src=\"https:\/\/van-beek.nl\/wp-content\/uploads\/2023\/06\/Samenwerking-scholen2-225x300.jpg\" alt=\"\" width=\"225\" height=\"300\" srcset=\"https:\/\/www.van-beek.nl\/wp-content\/uploads\/2023\/06\/Samenwerking-scholen2-225x300.jpg 225w, https:\/\/www.van-beek.nl\/wp-content\/uploads\/2023\/06\/Samenwerking-scholen2-768x1024.jpg 768w, https:\/\/www.van-beek.nl\/wp-content\/uploads\/2023\/06\/Samenwerking-scholen2-1152x1536.jpg 1152w, https:\/\/www.van-beek.nl\/wp-content\/uploads\/2023\/06\/Samenwerking-scholen2-1536x2048.jpg 1536w, https:\/\/www.van-beek.nl\/wp-content\/uploads\/2023\/06\/Samenwerking-scholen2-scaled.jpg 1920w\" sizes=\"auto, (max-width: 225px) 100vw, 225px\" \/>Au\u00dfer dem Tag der Technik veranstalten wir gemeinsam mit anderen Technikbetrieben zwei Aktivit\u00e4tentage f\u00fcr Jugendliche. Dabei erfahren sie mehr \u00fcber die beruflichen M\u00f6glichkeiten in ihrer Gegend und k\u00f6nnen entdecken, welche Richtung am besten zu ihren Interessen passt. Wir hoffen, dass wir einige von ihnen k\u00fcnftig als Praktikant:innen, Diplomand:innen oder Mitarbeitende bei uns begr\u00fc\u00dfen d\u00fcrfen!<\/p>\n<p><strong>Praktikum und Diplomprojekt bei Van Beek<br \/>\n<\/strong>Wir bieten n\u00e4mlich viele<a href=\"https:\/\/van-beek.nl\/over-ons\/werken-bij\/afstudeerstageopdrachten\/\"> Praktikumspl\u00e4tze und Diplomprojekte<\/a> in den Richtungen Maschinenbau, Technologiemanagement, Informatik, Marketing und Vertrieb. \u00dcber engagierte Lehrlinge (in der dualen Berufsausbildung) freuen wir uns auch. F\u00fcr sie gibt es immer eine freie Stelle in unserer Produktionsabteilung. Derzeit arbeiten wir mit dem Koning Willem I College, MVM, ROC Tilburg, SVMT und Avans Hogeschool zusammen.<\/p>\n<p>Jugendliche f\u00fcr Technik zu begeistern ist f\u00fcr Van Beek schon seit 15 Jahren ein Anliegen. Wir stehen jederzeit offen f\u00fcr die Kooperation mit Schulen und Unternehmen in unserer Region. Gemeinsam k\u00f6nnen wir zeigen, wie toll eine technische Laufbahn ist!<\/p>\n<p>&nbsp;<\/p>\n<p>Siehe zum Beispiel:<br \/>\n<a href=\"https:\/\/www.facebook.com\/schroeftransport\/posts\/4403265666417264\/\">R\u00fcckblick auf die Tech Challenge 2021 (FaceBook) <\/a><br \/>\nTag der Technik 2022: <a href=\"https:\/\/youtu.be\/yHZiLGIIKFw\">https:\/\/youtu.be\/yHZiLGIIKFw<\/a><\/p>\n","protected":false},"excerpt":{"rendered":"<p>Mit anderen Unternehmen und Schulen aus der Region Tilburg\/Den Bosch tun wir unser Bestes, um Jugendliche f\u00fcr Technikjobs zu begeistern. Die j\u00e4hrlichen H\u00f6hepunkte sind das Tech Challenge und der Tag der Technik (Dag van de Techniek). Technik in der Schule W\u00e4hrend des Tech Challenge entwerfen Sch\u00fcler:innengruppen von Grundschulen aus Heusden bei uns und anderen Technikbetrieben [&hellip;]<\/p>\n","protected":false},"author":10,"featured_media":12153,"comment_status":"open","ping_status":"closed","sticky":false,"template":"","format":"standard","meta":{"_acf_changed":false,"content-type":"","inline_featured_image":false,"footnotes":""},"categories":[29],"tags":[],"class_list":["post-12207","post","type-post","status-publish","format-standard","has-post-thumbnail","hentry","category-beek-de"],"acf":[],"yoast_head":"<!-- This site is optimized with the Yoast SEO plugin v27.5 - https:\/\/yoast.com\/product\/yoast-seo-wordpress\/ -->\n<title>Gemeinsam interessieren wir Jugendliche f\u00fcr Technik - Van Beek Schroeftransport<\/title>\n<meta name=\"robots\" content=\"index, follow, max-snippet:-1, max-image-preview:large, max-video-preview:-1\" \/>\n<link rel=\"canonical\" href=\"https:\/\/www.van-beek.nl\/de\/gemeinsam-interessieren-wir-jugendliche-fuer-technik\/\" \/>\n<meta property=\"og:locale\" content=\"de_DE\" \/>\n<meta property=\"og:type\" content=\"article\" \/>\n<meta property=\"og:title\" content=\"Gemeinsam interessieren wir Jugendliche f\u00fcr Technik - Van Beek Schroeftransport\" \/>\n<meta property=\"og:description\" content=\"Mit anderen Unternehmen und Schulen aus der Region Tilburg\/Den Bosch tun wir unser Bestes, um Jugendliche f\u00fcr Technikjobs zu begeistern. Die j\u00e4hrlichen H\u00f6hepunkte sind das Tech Challenge und der Tag der Technik (Dag van de Techniek). Technik in der Schule W\u00e4hrend des Tech Challenge entwerfen Sch\u00fcler:innengruppen von Grundschulen aus Heusden bei uns und anderen Technikbetrieben [&hellip;]\" \/>\n<meta property=\"og:url\" content=\"https:\/\/www.van-beek.nl\/de\/gemeinsam-interessieren-wir-jugendliche-fuer-technik\/\" \/>\n<meta property=\"og:site_name\" content=\"Van Beek Schroeftransport\" \/>\n<meta property=\"article:published_time\" content=\"2023-06-27T09:09:04+00:00\" \/>\n<meta property=\"og:image\" content=\"https:\/\/www.van-beek.nl\/wp-content\/uploads\/2023\/06\/Jongeren-interesseren-voor-techniek-doen-we-samen.png\" \/>\n\t<meta property=\"og:image:width\" content=\"330\" \/>\n\t<meta property=\"og:image:height\" content=\"220\" \/>\n\t<meta property=\"og:image:type\" content=\"image\/png\" \/>\n<meta name=\"author\" content=\"Peet\" \/>\n<meta name=\"twitter:card\" content=\"summary_large_image\" \/>\n<meta name=\"twitter:label1\" content=\"Verfasst von\" \/>\n\t<meta name=\"twitter:data1\" content=\"Peet\" \/>\n\t<meta name=\"twitter:label2\" content=\"Gesch\u00e4tzte Lesezeit\" \/>\n\t<meta name=\"twitter:data2\" content=\"3\u00a0Minuten\" \/>\n<script type=\"application\/ld+json\" class=\"yoast-schema-graph\">{\"@context\":\"https:\\\/\\\/schema.org\",\"@graph\":[{\"@type\":\"Article\",\"@id\":\"https:\\\/\\\/www.van-beek.nl\\\/de\\\/gemeinsam-interessieren-wir-jugendliche-fuer-technik\\\/#article\",\"isPartOf\":{\"@id\":\"https:\\\/\\\/www.van-beek.nl\\\/de\\\/gemeinsam-interessieren-wir-jugendliche-fuer-technik\\\/\"},\"author\":{\"name\":\"Peet\",\"@id\":\"https:\\\/\\\/www.van-beek.nl\\\/de\\\/#\\\/schema\\\/person\\\/00d477aa49ee6865371056d86402f202\"},\"headline\":\"Gemeinsam interessieren wir Jugendliche f\u00fcr Technik\",\"datePublished\":\"2023-06-27T09:09:04+00:00\",\"mainEntityOfPage\":{\"@id\":\"https:\\\/\\\/www.van-beek.nl\\\/de\\\/gemeinsam-interessieren-wir-jugendliche-fuer-technik\\\/\"},\"wordCount\":406,\"commentCount\":0,\"publisher\":{\"@id\":\"https:\\\/\\\/www.van-beek.nl\\\/de\\\/#organization\"},\"image\":{\"@id\":\"https:\\\/\\\/www.van-beek.nl\\\/de\\\/gemeinsam-interessieren-wir-jugendliche-fuer-technik\\\/#primaryimage\"},\"thumbnailUrl\":\"https:\\\/\\\/www.van-beek.nl\\\/wp-content\\\/uploads\\\/2023\\\/06\\\/Jongeren-interesseren-voor-techniek-doen-we-samen.png\",\"articleSection\":[\"Beek\"],\"inLanguage\":\"de\",\"potentialAction\":[{\"@type\":\"CommentAction\",\"name\":\"Comment\",\"target\":[\"https:\\\/\\\/www.van-beek.nl\\\/de\\\/gemeinsam-interessieren-wir-jugendliche-fuer-technik\\\/#respond\"]}]},{\"@type\":\"WebPage\",\"@id\":\"https:\\\/\\\/www.van-beek.nl\\\/de\\\/gemeinsam-interessieren-wir-jugendliche-fuer-technik\\\/\",\"url\":\"https:\\\/\\\/www.van-beek.nl\\\/de\\\/gemeinsam-interessieren-wir-jugendliche-fuer-technik\\\/\",\"name\":\"Gemeinsam interessieren wir Jugendliche f\u00fcr Technik - Van Beek Schroeftransport\",\"isPartOf\":{\"@id\":\"https:\\\/\\\/www.van-beek.nl\\\/de\\\/#website\"},\"primaryImageOfPage\":{\"@id\":\"https:\\\/\\\/www.van-beek.nl\\\/de\\\/gemeinsam-interessieren-wir-jugendliche-fuer-technik\\\/#primaryimage\"},\"image\":{\"@id\":\"https:\\\/\\\/www.van-beek.nl\\\/de\\\/gemeinsam-interessieren-wir-jugendliche-fuer-technik\\\/#primaryimage\"},\"thumbnailUrl\":\"https:\\\/\\\/www.van-beek.nl\\\/wp-content\\\/uploads\\\/2023\\\/06\\\/Jongeren-interesseren-voor-techniek-doen-we-samen.png\",\"datePublished\":\"2023-06-27T09:09:04+00:00\",\"breadcrumb\":{\"@id\":\"https:\\\/\\\/www.van-beek.nl\\\/de\\\/gemeinsam-interessieren-wir-jugendliche-fuer-technik\\\/#breadcrumb\"},\"inLanguage\":\"de\",\"potentialAction\":[{\"@type\":\"ReadAction\",\"target\":[\"https:\\\/\\\/www.van-beek.nl\\\/de\\\/gemeinsam-interessieren-wir-jugendliche-fuer-technik\\\/\"]}]},{\"@type\":\"ImageObject\",\"inLanguage\":\"de\",\"@id\":\"https:\\\/\\\/www.van-beek.nl\\\/de\\\/gemeinsam-interessieren-wir-jugendliche-fuer-technik\\\/#primaryimage\",\"url\":\"https:\\\/\\\/www.van-beek.nl\\\/wp-content\\\/uploads\\\/2023\\\/06\\\/Jongeren-interesseren-voor-techniek-doen-we-samen.png\",\"contentUrl\":\"https:\\\/\\\/www.van-beek.nl\\\/wp-content\\\/uploads\\\/2023\\\/06\\\/Jongeren-interesseren-voor-techniek-doen-we-samen.png\",\"width\":330,\"height\":220,\"caption\":\"Jongeren interesseren voor techniek tijdens de dag van de techniek 2023\"},{\"@type\":\"BreadcrumbList\",\"@id\":\"https:\\\/\\\/www.van-beek.nl\\\/de\\\/gemeinsam-interessieren-wir-jugendliche-fuer-technik\\\/#breadcrumb\",\"itemListElement\":[{\"@type\":\"ListItem\",\"position\":1,\"name\":\"Home\",\"item\":\"https:\\\/\\\/www.van-beek.nl\\\/de\\\/\"},{\"@type\":\"ListItem\",\"position\":2,\"name\":\"Gemeinsam interessieren wir Jugendliche f\u00fcr Technik\"}]},{\"@type\":\"WebSite\",\"@id\":\"https:\\\/\\\/www.van-beek.nl\\\/de\\\/#website\",\"url\":\"https:\\\/\\\/www.van-beek.nl\\\/de\\\/\",\"name\":\"Van Beek Schroeftransport\",\"description\":\"\",\"publisher\":{\"@id\":\"https:\\\/\\\/www.van-beek.nl\\\/de\\\/#organization\"},\"potentialAction\":[{\"@type\":\"SearchAction\",\"target\":{\"@type\":\"EntryPoint\",\"urlTemplate\":\"https:\\\/\\\/www.van-beek.nl\\\/de\\\/?s={search_term_string}\"},\"query-input\":{\"@type\":\"PropertyValueSpecification\",\"valueRequired\":true,\"valueName\":\"search_term_string\"}}],\"inLanguage\":\"de\"},{\"@type\":\"Organization\",\"@id\":\"https:\\\/\\\/www.van-beek.nl\\\/de\\\/#organization\",\"name\":\"Transportschroeven- en machinefabriek Van Beek B.V.\",\"url\":\"https:\\\/\\\/www.van-beek.nl\\\/de\\\/\",\"logo\":{\"@type\":\"ImageObject\",\"inLanguage\":\"de\",\"@id\":\"https:\\\/\\\/www.van-beek.nl\\\/de\\\/#\\\/schema\\\/logo\\\/image\\\/\",\"url\":\"https:\\\/\\\/van-beek.nl\\\/wp-content\\\/uploads\\\/2020\\\/04\\\/VanBeek-logo.png\",\"contentUrl\":\"https:\\\/\\\/van-beek.nl\\\/wp-content\\\/uploads\\\/2020\\\/04\\\/VanBeek-logo.png\",\"width\":116,\"height\":22,\"caption\":\"Transportschroeven- en machinefabriek Van Beek B.V.\"},\"image\":{\"@id\":\"https:\\\/\\\/www.van-beek.nl\\\/de\\\/#\\\/schema\\\/logo\\\/image\\\/\"}},{\"@type\":\"Person\",\"@id\":\"https:\\\/\\\/www.van-beek.nl\\\/de\\\/#\\\/schema\\\/person\\\/00d477aa49ee6865371056d86402f202\",\"name\":\"Peet\",\"image\":{\"@type\":\"ImageObject\",\"inLanguage\":\"de\",\"@id\":\"https:\\\/\\\/secure.gravatar.com\\\/avatar\\\/f8bf08ff1097037cad68058baf3f2998d9b9b589c324575e3331fc57cba61d37?s=96&d=mm&r=g\",\"url\":\"https:\\\/\\\/secure.gravatar.com\\\/avatar\\\/f8bf08ff1097037cad68058baf3f2998d9b9b589c324575e3331fc57cba61d37?s=96&d=mm&r=g\",\"contentUrl\":\"https:\\\/\\\/secure.gravatar.com\\\/avatar\\\/f8bf08ff1097037cad68058baf3f2998d9b9b589c324575e3331fc57cba61d37?s=96&d=mm&r=g\",\"caption\":\"Peet\"}}]}<\/script>\n<!-- \/ Yoast SEO plugin. -->","yoast_head_json":{"title":"Gemeinsam interessieren wir Jugendliche f\u00fcr Technik - Van Beek Schroeftransport","robots":{"index":"index","follow":"follow","max-snippet":"max-snippet:-1","max-image-preview":"max-image-preview:large","max-video-preview":"max-video-preview:-1"},"canonical":"https:\/\/www.van-beek.nl\/de\/gemeinsam-interessieren-wir-jugendliche-fuer-technik\/","og_locale":"de_DE","og_type":"article","og_title":"Gemeinsam interessieren wir Jugendliche f\u00fcr Technik - Van Beek Schroeftransport","og_description":"Mit anderen Unternehmen und Schulen aus der Region Tilburg\/Den Bosch tun wir unser Bestes, um Jugendliche f\u00fcr Technikjobs zu begeistern. Die j\u00e4hrlichen H\u00f6hepunkte sind das Tech Challenge und der Tag der Technik (Dag van de Techniek). Technik in der Schule W\u00e4hrend des Tech Challenge entwerfen Sch\u00fcler:innengruppen von Grundschulen aus Heusden bei uns und anderen Technikbetrieben [&hellip;]","og_url":"https:\/\/www.van-beek.nl\/de\/gemeinsam-interessieren-wir-jugendliche-fuer-technik\/","og_site_name":"Van Beek Schroeftransport","article_published_time":"2023-06-27T09:09:04+00:00","og_image":[{"width":330,"height":220,"url":"https:\/\/www.van-beek.nl\/wp-content\/uploads\/2023\/06\/Jongeren-interesseren-voor-techniek-doen-we-samen.png","type":"image\/png"}],"author":"Peet","twitter_card":"summary_large_image","twitter_misc":{"Verfasst von":"Peet","Gesch\u00e4tzte Lesezeit":"3\u00a0Minuten"},"schema":{"@context":"https:\/\/schema.org","@graph":[{"@type":"Article","@id":"https:\/\/www.van-beek.nl\/de\/gemeinsam-interessieren-wir-jugendliche-fuer-technik\/#article","isPartOf":{"@id":"https:\/\/www.van-beek.nl\/de\/gemeinsam-interessieren-wir-jugendliche-fuer-technik\/"},"author":{"name":"Peet","@id":"https:\/\/www.van-beek.nl\/de\/#\/schema\/person\/00d477aa49ee6865371056d86402f202"},"headline":"Gemeinsam interessieren wir Jugendliche f\u00fcr Technik","datePublished":"2023-06-27T09:09:04+00:00","mainEntityOfPage":{"@id":"https:\/\/www.van-beek.nl\/de\/gemeinsam-interessieren-wir-jugendliche-fuer-technik\/"},"wordCount":406,"commentCount":0,"publisher":{"@id":"https:\/\/www.van-beek.nl\/de\/#organization"},"image":{"@id":"https:\/\/www.van-beek.nl\/de\/gemeinsam-interessieren-wir-jugendliche-fuer-technik\/#primaryimage"},"thumbnailUrl":"https:\/\/www.van-beek.nl\/wp-content\/uploads\/2023\/06\/Jongeren-interesseren-voor-techniek-doen-we-samen.png","articleSection":["Beek"],"inLanguage":"de","potentialAction":[{"@type":"CommentAction","name":"Comment","target":["https:\/\/www.van-beek.nl\/de\/gemeinsam-interessieren-wir-jugendliche-fuer-technik\/#respond"]}]},{"@type":"WebPage","@id":"https:\/\/www.van-beek.nl\/de\/gemeinsam-interessieren-wir-jugendliche-fuer-technik\/","url":"https:\/\/www.van-beek.nl\/de\/gemeinsam-interessieren-wir-jugendliche-fuer-technik\/","name":"Gemeinsam interessieren wir Jugendliche f\u00fcr Technik - Van Beek Schroeftransport","isPartOf":{"@id":"https:\/\/www.van-beek.nl\/de\/#website"},"primaryImageOfPage":{"@id":"https:\/\/www.van-beek.nl\/de\/gemeinsam-interessieren-wir-jugendliche-fuer-technik\/#primaryimage"},"image":{"@id":"https:\/\/www.van-beek.nl\/de\/gemeinsam-interessieren-wir-jugendliche-fuer-technik\/#primaryimage"},"thumbnailUrl":"https:\/\/www.van-beek.nl\/wp-content\/uploads\/2023\/06\/Jongeren-interesseren-voor-techniek-doen-we-samen.png","datePublished":"2023-06-27T09:09:04+00:00","breadcrumb":{"@id":"https:\/\/www.van-beek.nl\/de\/gemeinsam-interessieren-wir-jugendliche-fuer-technik\/#breadcrumb"},"inLanguage":"de","potentialAction":[{"@type":"ReadAction","target":["https:\/\/www.van-beek.nl\/de\/gemeinsam-interessieren-wir-jugendliche-fuer-technik\/"]}]},{"@type":"ImageObject","inLanguage":"de","@id":"https:\/\/www.van-beek.nl\/de\/gemeinsam-interessieren-wir-jugendliche-fuer-technik\/#primaryimage","url":"https:\/\/www.van-beek.nl\/wp-content\/uploads\/2023\/06\/Jongeren-interesseren-voor-techniek-doen-we-samen.png","contentUrl":"https:\/\/www.van-beek.nl\/wp-content\/uploads\/2023\/06\/Jongeren-interesseren-voor-techniek-doen-we-samen.png","width":330,"height":220,"caption":"Jongeren interesseren voor techniek tijdens de dag van de techniek 2023"},{"@type":"BreadcrumbList","@id":"https:\/\/www.van-beek.nl\/de\/gemeinsam-interessieren-wir-jugendliche-fuer-technik\/#breadcrumb","itemListElement":[{"@type":"ListItem","position":1,"name":"Home","item":"https:\/\/www.van-beek.nl\/de\/"},{"@type":"ListItem","position":2,"name":"Gemeinsam interessieren wir Jugendliche f\u00fcr Technik"}]},{"@type":"WebSite","@id":"https:\/\/www.van-beek.nl\/de\/#website","url":"https:\/\/www.van-beek.nl\/de\/","name":"Van Beek Schroeftransport","description":"","publisher":{"@id":"https:\/\/www.van-beek.nl\/de\/#organization"},"potentialAction":[{"@type":"SearchAction","target":{"@type":"EntryPoint","urlTemplate":"https:\/\/www.van-beek.nl\/de\/?s={search_term_string}"},"query-input":{"@type":"PropertyValueSpecification","valueRequired":true,"valueName":"search_term_string"}}],"inLanguage":"de"},{"@type":"Organization","@id":"https:\/\/www.van-beek.nl\/de\/#organization","name":"Transportschroeven- en machinefabriek Van Beek B.V.","url":"https:\/\/www.van-beek.nl\/de\/","logo":{"@type":"ImageObject","inLanguage":"de","@id":"https:\/\/www.van-beek.nl\/de\/#\/schema\/logo\/image\/","url":"https:\/\/van-beek.nl\/wp-content\/uploads\/2020\/04\/VanBeek-logo.png","contentUrl":"https:\/\/van-beek.nl\/wp-content\/uploads\/2020\/04\/VanBeek-logo.png","width":116,"height":22,"caption":"Transportschroeven- en machinefabriek Van Beek B.V."},"image":{"@id":"https:\/\/www.van-beek.nl\/de\/#\/schema\/logo\/image\/"}},{"@type":"Person","@id":"https:\/\/www.van-beek.nl\/de\/#\/schema\/person\/00d477aa49ee6865371056d86402f202","name":"Peet","image":{"@type":"ImageObject","inLanguage":"de","@id":"https:\/\/secure.gravatar.com\/avatar\/f8bf08ff1097037cad68058baf3f2998d9b9b589c324575e3331fc57cba61d37?s=96&d=mm&r=g","url":"https:\/\/secure.gravatar.com\/avatar\/f8bf08ff1097037cad68058baf3f2998d9b9b589c324575e3331fc57cba61d37?s=96&d=mm&r=g","contentUrl":"https:\/\/secure.gravatar.com\/avatar\/f8bf08ff1097037cad68058baf3f2998d9b9b589c324575e3331fc57cba61d37?s=96&d=mm&r=g","caption":"Peet"}}]}},"_links":{"self":[{"href":"https:\/\/www.van-beek.nl\/de\/wp-json\/wp\/v2\/posts\/12207","targetHints":{"allow":["GET"]}}],"collection":[{"href":"https:\/\/www.van-beek.nl\/de\/wp-json\/wp\/v2\/posts"}],"about":[{"href":"https:\/\/www.van-beek.nl\/de\/wp-json\/wp\/v2\/types\/post"}],"author":[{"embeddable":true,"href":"https:\/\/www.van-beek.nl\/de\/wp-json\/wp\/v2\/users\/10"}],"replies":[{"embeddable":true,"href":"https:\/\/www.van-beek.nl\/de\/wp-json\/wp\/v2\/comments?post=12207"}],"version-history":[{"count":1,"href":"https:\/\/www.van-beek.nl\/de\/wp-json\/wp\/v2\/posts\/12207\/revisions"}],"predecessor-version":[{"id":12208,"href":"https:\/\/www.van-beek.nl\/de\/wp-json\/wp\/v2\/posts\/12207\/revisions\/12208"}],"wp:featuredmedia":[{"embeddable":true,"href":"https:\/\/www.van-beek.nl\/de\/wp-json\/wp\/v2\/media\/12153"}],"wp:attachment":[{"href":"https:\/\/www.van-beek.nl\/de\/wp-json\/wp\/v2\/media?parent=12207"}],"wp:term":[{"taxonomy":"category","embeddable":true,"href":"https:\/\/www.van-beek.nl\/de\/wp-json\/wp\/v2\/categories?post=12207"},{"taxonomy":"post_tag","embeddable":true,"href":"https:\/\/www.van-beek.nl\/de\/wp-json\/wp\/v2\/tags?post=12207"}],"curies":[{"name":"wp","href":"https:\/\/api.w.org\/{rel}","templated":true}]}}