{"id":12361,"date":"2023-10-26T11:15:12","date_gmt":"2023-10-26T09:15:12","guid":{"rendered":"https:\/\/van-beek.nl\/?p=12361"},"modified":"2023-10-26T11:15:12","modified_gmt":"2023-10-26T09:15:12","slug":"ein-praktikum-bei-van-beek-legen-sie-los","status":"publish","type":"post","link":"https:\/\/www.van-beek.nl\/de\/ein-praktikum-bei-van-beek-legen-sie-los\/","title":{"rendered":"Ein Praktikum bei Van Beek: Legen Sie los"},"content":{"rendered":"<p><strong>Wollten Sie schon immer an einem besonderen Projekt arbeiten? M\u00f6chten Sie dabei nicht nur mit dem K\u00f6pfchen, sondern auch den H\u00e4nden arbeiten? Dann sind Sie bei uns goldrichtig! <\/strong><\/p>\n<p><strong>An besonderen Projekten arbeiten<br \/>\n<\/strong>Schauen Sie sich mal Daan Mulder an, der bei uns sein Diplom machte und jetzt an einem <a href=\"https:\/\/van-beek.nl\/3d-betonprinter-van-zavhy-een-mix-van-expertises-2\/\">3D-Betondrucker<\/a> arbeitet. Oder Bart Gillis: Er hat letztes Jahr sein Fachhochschuldiplom im Maschinenbau gemacht und montiert jetzt die von ihm entworfene Anlage bei uns.<\/p>\n<p><strong>Initiativen ergreifen<br \/>\n<\/strong>Warum ein Praktikum oder eine Stelle gerade bei Van Beek? Bart: \u201eMein Diplomprojekt war, eine neue Richtbank zu entwerfen. Das ist ein Ger\u00e4t, mit dem Schneckenf\u00f6rderer gerichtet werden. Ich durfte das Konzept erarbeiten und Ideen entwickeln. Werkstattleiter Frank van der Velden und Produktionsleiter Eric de Jong haben mir anschlie\u00dfend Empfehlungen dazu gegeben. Aber die Initiative kam jeweils von mir. Das ist das Tolle hier: Man lernt so viel, weil man alles selbst macht und gut betreut wird.\u201c<\/p>\n<p><strong>Gro\u00dfe Verantwortung<br \/>\n<\/strong>Am sch\u00f6nsten ist nat\u00fcrlich, wenn man seinen Entwurf verwirklichen darf. Das ist auch passiert. Bart ist inzwischen bei Van Beek angestellt und montiert derzeit die Richtbank. \u201eAuch dabei organisiere ich viel selbst. Ich habe einen Finanzierungsplan entworfen und eine kurze Erl\u00e4uterung geschrieben, warum ich Messuhren f\u00fcr die Tests brauchte. Ich durfte alles bestellen.\u201c Bart ist auch f\u00fcr die Kommunikation mit den Lieferanten zust\u00e4ndig. Er tr\u00e4gt eine gro\u00dfe Verantwortung!<\/p>\n<p><strong>Praktische Erfahrungen sammeln<br \/>\n<\/strong>Dass Van Beek alle Maschinen einzeln fertigt, gef\u00e4llt Bart sehr gut. \u201eIch habe an der Fachhochschule Maschinenbau studiert, aber wenig praktisch gelernt. Sowas wie Schwei\u00dfen haben wir nicht gelernt. Wenn man solche Anlagen baut (<em>Schneckenf\u00f6rderer, Anm. d. Red.<\/em>), kommt es auf die Praxis an. Deshalb wollte ich in genau dieser Branche Erfahrungen sammeln. Man lernt viel, auch was das technische Zeichnen angeht. Und man \u00fcbt, mit anderen Spezialbereichen mitzudenken. Das lernt man nicht vom Computer aus.\u201c<\/p>\n<p>Bald ist die neue Richtbank fertig. Mit ihr lassen sich gr\u00f6\u00dfere Schneckenf\u00f6rderer richten als mit der alten Richtbank. Au\u00dferdem k\u00f6nnen wir \u2013 auf Wunsch der Kundschaft \u2013 zus\u00e4tzliche Messgarantien leisten.<\/p>\n","protected":false},"excerpt":{"rendered":"<p>Wollten Sie schon immer an einem besonderen Projekt arbeiten? M\u00f6chten Sie dabei nicht nur mit dem K\u00f6pfchen, sondern auch den H\u00e4nden arbeiten? Dann sind Sie bei uns goldrichtig! An besonderen Projekten arbeiten Schauen Sie sich mal Daan Mulder an, der bei uns sein Diplom machte und jetzt an einem 3D-Betondrucker arbeitet. Oder Bart Gillis: Er [&hellip;]<\/p>\n","protected":false},"author":5,"featured_media":12357,"comment_status":"open","ping_status":"closed","sticky":false,"template":"","format":"standard","meta":{"_acf_changed":false,"content-type":"","inline_featured_image":false,"footnotes":""},"categories":[29],"tags":[],"class_list":["post-12361","post","type-post","status-publish","format-standard","has-post-thumbnail","hentry","category-beek-de"],"acf":[],"yoast_head":"<!-- This site is optimized with the Yoast SEO plugin v27.5 - https:\/\/yoast.com\/product\/yoast-seo-wordpress\/ -->\n<title>Ein Praktikum bei Van Beek: Legen Sie los - Van Beek Schroeftransport<\/title>\n<meta name=\"robots\" content=\"index, follow, max-snippet:-1, max-image-preview:large, max-video-preview:-1\" \/>\n<link rel=\"canonical\" href=\"https:\/\/www.van-beek.nl\/de\/ein-praktikum-bei-van-beek-legen-sie-los\/\" \/>\n<meta property=\"og:locale\" content=\"de_DE\" \/>\n<meta property=\"og:type\" content=\"article\" \/>\n<meta property=\"og:title\" content=\"Ein Praktikum bei Van Beek: Legen Sie los - Van Beek Schroeftransport\" \/>\n<meta property=\"og:description\" content=\"Wollten Sie schon immer an einem besonderen Projekt arbeiten? M\u00f6chten Sie dabei nicht nur mit dem K\u00f6pfchen, sondern auch den H\u00e4nden arbeiten? Dann sind Sie bei uns goldrichtig! An besonderen Projekten arbeiten Schauen Sie sich mal Daan Mulder an, der bei uns sein Diplom machte und jetzt an einem 3D-Betondrucker arbeitet. Oder Bart Gillis: Er [&hellip;]\" \/>\n<meta property=\"og:url\" content=\"https:\/\/www.van-beek.nl\/de\/ein-praktikum-bei-van-beek-legen-sie-los\/\" \/>\n<meta property=\"og:site_name\" content=\"Van Beek Schroeftransport\" \/>\n<meta property=\"article:published_time\" content=\"2023-10-26T09:15:12+00:00\" \/>\n<meta property=\"og:image\" content=\"https:\/\/www.van-beek.nl\/wp-content\/uploads\/2023\/10\/Bart-thumbnail.jpg\" \/>\n\t<meta property=\"og:image:width\" content=\"1079\" \/>\n\t<meta property=\"og:image:height\" content=\"672\" \/>\n\t<meta property=\"og:image:type\" content=\"image\/jpeg\" \/>\n<meta name=\"author\" content=\"Birgit\" \/>\n<meta name=\"twitter:card\" content=\"summary_large_image\" \/>\n<meta name=\"twitter:label1\" content=\"Verfasst von\" \/>\n\t<meta name=\"twitter:data1\" content=\"Birgit\" \/>\n\t<meta name=\"twitter:label2\" content=\"Gesch\u00e4tzte Lesezeit\" \/>\n\t<meta name=\"twitter:data2\" content=\"2\u00a0Minuten\" \/>\n<script type=\"application\/ld+json\" class=\"yoast-schema-graph\">{\"@context\":\"https:\\\/\\\/schema.org\",\"@graph\":[{\"@type\":\"Article\",\"@id\":\"https:\\\/\\\/www.van-beek.nl\\\/de\\\/ein-praktikum-bei-van-beek-legen-sie-los\\\/#article\",\"isPartOf\":{\"@id\":\"https:\\\/\\\/www.van-beek.nl\\\/de\\\/ein-praktikum-bei-van-beek-legen-sie-los\\\/\"},\"author\":{\"name\":\"Birgit\",\"@id\":\"https:\\\/\\\/www.van-beek.nl\\\/de\\\/#\\\/schema\\\/person\\\/1a0605f4f0a605c2997f2e484e274470\"},\"headline\":\"Ein Praktikum bei Van Beek: Legen Sie los\",\"datePublished\":\"2023-10-26T09:15:12+00:00\",\"mainEntityOfPage\":{\"@id\":\"https:\\\/\\\/www.van-beek.nl\\\/de\\\/ein-praktikum-bei-van-beek-legen-sie-los\\\/\"},\"wordCount\":360,\"commentCount\":0,\"publisher\":{\"@id\":\"https:\\\/\\\/www.van-beek.nl\\\/de\\\/#organization\"},\"image\":{\"@id\":\"https:\\\/\\\/www.van-beek.nl\\\/de\\\/ein-praktikum-bei-van-beek-legen-sie-los\\\/#primaryimage\"},\"thumbnailUrl\":\"https:\\\/\\\/www.van-beek.nl\\\/wp-content\\\/uploads\\\/2023\\\/10\\\/Bart-thumbnail.jpg\",\"articleSection\":[\"Beek\"],\"inLanguage\":\"de\",\"potentialAction\":[{\"@type\":\"CommentAction\",\"name\":\"Comment\",\"target\":[\"https:\\\/\\\/www.van-beek.nl\\\/de\\\/ein-praktikum-bei-van-beek-legen-sie-los\\\/#respond\"]}]},{\"@type\":\"WebPage\",\"@id\":\"https:\\\/\\\/www.van-beek.nl\\\/de\\\/ein-praktikum-bei-van-beek-legen-sie-los\\\/\",\"url\":\"https:\\\/\\\/www.van-beek.nl\\\/de\\\/ein-praktikum-bei-van-beek-legen-sie-los\\\/\",\"name\":\"Ein Praktikum bei Van Beek: Legen Sie los - Van Beek Schroeftransport\",\"isPartOf\":{\"@id\":\"https:\\\/\\\/www.van-beek.nl\\\/de\\\/#website\"},\"primaryImageOfPage\":{\"@id\":\"https:\\\/\\\/www.van-beek.nl\\\/de\\\/ein-praktikum-bei-van-beek-legen-sie-los\\\/#primaryimage\"},\"image\":{\"@id\":\"https:\\\/\\\/www.van-beek.nl\\\/de\\\/ein-praktikum-bei-van-beek-legen-sie-los\\\/#primaryimage\"},\"thumbnailUrl\":\"https:\\\/\\\/www.van-beek.nl\\\/wp-content\\\/uploads\\\/2023\\\/10\\\/Bart-thumbnail.jpg\",\"datePublished\":\"2023-10-26T09:15:12+00:00\",\"breadcrumb\":{\"@id\":\"https:\\\/\\\/www.van-beek.nl\\\/de\\\/ein-praktikum-bei-van-beek-legen-sie-los\\\/#breadcrumb\"},\"inLanguage\":\"de\",\"potentialAction\":[{\"@type\":\"ReadAction\",\"target\":[\"https:\\\/\\\/www.van-beek.nl\\\/de\\\/ein-praktikum-bei-van-beek-legen-sie-los\\\/\"]}]},{\"@type\":\"ImageObject\",\"inLanguage\":\"de\",\"@id\":\"https:\\\/\\\/www.van-beek.nl\\\/de\\\/ein-praktikum-bei-van-beek-legen-sie-los\\\/#primaryimage\",\"url\":\"https:\\\/\\\/www.van-beek.nl\\\/wp-content\\\/uploads\\\/2023\\\/10\\\/Bart-thumbnail.jpg\",\"contentUrl\":\"https:\\\/\\\/www.van-beek.nl\\\/wp-content\\\/uploads\\\/2023\\\/10\\\/Bart-thumbnail.jpg\",\"width\":1079,\"height\":672},{\"@type\":\"BreadcrumbList\",\"@id\":\"https:\\\/\\\/www.van-beek.nl\\\/de\\\/ein-praktikum-bei-van-beek-legen-sie-los\\\/#breadcrumb\",\"itemListElement\":[{\"@type\":\"ListItem\",\"position\":1,\"name\":\"Home\",\"item\":\"https:\\\/\\\/www.van-beek.nl\\\/de\\\/\"},{\"@type\":\"ListItem\",\"position\":2,\"name\":\"Ein Praktikum bei Van Beek: Legen Sie los\"}]},{\"@type\":\"WebSite\",\"@id\":\"https:\\\/\\\/www.van-beek.nl\\\/de\\\/#website\",\"url\":\"https:\\\/\\\/www.van-beek.nl\\\/de\\\/\",\"name\":\"Van Beek Schroeftransport\",\"description\":\"\",\"publisher\":{\"@id\":\"https:\\\/\\\/www.van-beek.nl\\\/de\\\/#organization\"},\"potentialAction\":[{\"@type\":\"SearchAction\",\"target\":{\"@type\":\"EntryPoint\",\"urlTemplate\":\"https:\\\/\\\/www.van-beek.nl\\\/de\\\/?s={search_term_string}\"},\"query-input\":{\"@type\":\"PropertyValueSpecification\",\"valueRequired\":true,\"valueName\":\"search_term_string\"}}],\"inLanguage\":\"de\"},{\"@type\":\"Organization\",\"@id\":\"https:\\\/\\\/www.van-beek.nl\\\/de\\\/#organization\",\"name\":\"Transportschroeven- en machinefabriek Van Beek B.V.\",\"url\":\"https:\\\/\\\/www.van-beek.nl\\\/de\\\/\",\"logo\":{\"@type\":\"ImageObject\",\"inLanguage\":\"de\",\"@id\":\"https:\\\/\\\/www.van-beek.nl\\\/de\\\/#\\\/schema\\\/logo\\\/image\\\/\",\"url\":\"https:\\\/\\\/van-beek.nl\\\/wp-content\\\/uploads\\\/2020\\\/04\\\/VanBeek-logo.png\",\"contentUrl\":\"https:\\\/\\\/van-beek.nl\\\/wp-content\\\/uploads\\\/2020\\\/04\\\/VanBeek-logo.png\",\"width\":116,\"height\":22,\"caption\":\"Transportschroeven- en machinefabriek Van Beek B.V.\"},\"image\":{\"@id\":\"https:\\\/\\\/www.van-beek.nl\\\/de\\\/#\\\/schema\\\/logo\\\/image\\\/\"}},{\"@type\":\"Person\",\"@id\":\"https:\\\/\\\/www.van-beek.nl\\\/de\\\/#\\\/schema\\\/person\\\/1a0605f4f0a605c2997f2e484e274470\",\"name\":\"Birgit\",\"image\":{\"@type\":\"ImageObject\",\"inLanguage\":\"de\",\"@id\":\"https:\\\/\\\/secure.gravatar.com\\\/avatar\\\/02b3dab0a329e4add93a0160a1588896c20ecbe51cf814ca65eb69d16af71b4c?s=96&d=mm&r=g\",\"url\":\"https:\\\/\\\/secure.gravatar.com\\\/avatar\\\/02b3dab0a329e4add93a0160a1588896c20ecbe51cf814ca65eb69d16af71b4c?s=96&d=mm&r=g\",\"contentUrl\":\"https:\\\/\\\/secure.gravatar.com\\\/avatar\\\/02b3dab0a329e4add93a0160a1588896c20ecbe51cf814ca65eb69d16af71b4c?s=96&d=mm&r=g\",\"caption\":\"Birgit\"}}]}<\/script>\n<!-- \/ Yoast SEO plugin. -->","yoast_head_json":{"title":"Ein Praktikum bei Van Beek: Legen Sie los - Van Beek Schroeftransport","robots":{"index":"index","follow":"follow","max-snippet":"max-snippet:-1","max-image-preview":"max-image-preview:large","max-video-preview":"max-video-preview:-1"},"canonical":"https:\/\/www.van-beek.nl\/de\/ein-praktikum-bei-van-beek-legen-sie-los\/","og_locale":"de_DE","og_type":"article","og_title":"Ein Praktikum bei Van Beek: Legen Sie los - Van Beek Schroeftransport","og_description":"Wollten Sie schon immer an einem besonderen Projekt arbeiten? M\u00f6chten Sie dabei nicht nur mit dem K\u00f6pfchen, sondern auch den H\u00e4nden arbeiten? Dann sind Sie bei uns goldrichtig! An besonderen Projekten arbeiten Schauen Sie sich mal Daan Mulder an, der bei uns sein Diplom machte und jetzt an einem 3D-Betondrucker arbeitet. Oder Bart Gillis: Er [&hellip;]","og_url":"https:\/\/www.van-beek.nl\/de\/ein-praktikum-bei-van-beek-legen-sie-los\/","og_site_name":"Van Beek Schroeftransport","article_published_time":"2023-10-26T09:15:12+00:00","og_image":[{"width":1079,"height":672,"url":"https:\/\/www.van-beek.nl\/wp-content\/uploads\/2023\/10\/Bart-thumbnail.jpg","type":"image\/jpeg"}],"author":"Birgit","twitter_card":"summary_large_image","twitter_misc":{"Verfasst von":"Birgit","Gesch\u00e4tzte Lesezeit":"2\u00a0Minuten"},"schema":{"@context":"https:\/\/schema.org","@graph":[{"@type":"Article","@id":"https:\/\/www.van-beek.nl\/de\/ein-praktikum-bei-van-beek-legen-sie-los\/#article","isPartOf":{"@id":"https:\/\/www.van-beek.nl\/de\/ein-praktikum-bei-van-beek-legen-sie-los\/"},"author":{"name":"Birgit","@id":"https:\/\/www.van-beek.nl\/de\/#\/schema\/person\/1a0605f4f0a605c2997f2e484e274470"},"headline":"Ein Praktikum bei Van Beek: Legen Sie los","datePublished":"2023-10-26T09:15:12+00:00","mainEntityOfPage":{"@id":"https:\/\/www.van-beek.nl\/de\/ein-praktikum-bei-van-beek-legen-sie-los\/"},"wordCount":360,"commentCount":0,"publisher":{"@id":"https:\/\/www.van-beek.nl\/de\/#organization"},"image":{"@id":"https:\/\/www.van-beek.nl\/de\/ein-praktikum-bei-van-beek-legen-sie-los\/#primaryimage"},"thumbnailUrl":"https:\/\/www.van-beek.nl\/wp-content\/uploads\/2023\/10\/Bart-thumbnail.jpg","articleSection":["Beek"],"inLanguage":"de","potentialAction":[{"@type":"CommentAction","name":"Comment","target":["https:\/\/www.van-beek.nl\/de\/ein-praktikum-bei-van-beek-legen-sie-los\/#respond"]}]},{"@type":"WebPage","@id":"https:\/\/www.van-beek.nl\/de\/ein-praktikum-bei-van-beek-legen-sie-los\/","url":"https:\/\/www.van-beek.nl\/de\/ein-praktikum-bei-van-beek-legen-sie-los\/","name":"Ein Praktikum bei Van Beek: Legen Sie los - Van Beek Schroeftransport","isPartOf":{"@id":"https:\/\/www.van-beek.nl\/de\/#website"},"primaryImageOfPage":{"@id":"https:\/\/www.van-beek.nl\/de\/ein-praktikum-bei-van-beek-legen-sie-los\/#primaryimage"},"image":{"@id":"https:\/\/www.van-beek.nl\/de\/ein-praktikum-bei-van-beek-legen-sie-los\/#primaryimage"},"thumbnailUrl":"https:\/\/www.van-beek.nl\/wp-content\/uploads\/2023\/10\/Bart-thumbnail.jpg","datePublished":"2023-10-26T09:15:12+00:00","breadcrumb":{"@id":"https:\/\/www.van-beek.nl\/de\/ein-praktikum-bei-van-beek-legen-sie-los\/#breadcrumb"},"inLanguage":"de","potentialAction":[{"@type":"ReadAction","target":["https:\/\/www.van-beek.nl\/de\/ein-praktikum-bei-van-beek-legen-sie-los\/"]}]},{"@type":"ImageObject","inLanguage":"de","@id":"https:\/\/www.van-beek.nl\/de\/ein-praktikum-bei-van-beek-legen-sie-los\/#primaryimage","url":"https:\/\/www.van-beek.nl\/wp-content\/uploads\/2023\/10\/Bart-thumbnail.jpg","contentUrl":"https:\/\/www.van-beek.nl\/wp-content\/uploads\/2023\/10\/Bart-thumbnail.jpg","width":1079,"height":672},{"@type":"BreadcrumbList","@id":"https:\/\/www.van-beek.nl\/de\/ein-praktikum-bei-van-beek-legen-sie-los\/#breadcrumb","itemListElement":[{"@type":"ListItem","position":1,"name":"Home","item":"https:\/\/www.van-beek.nl\/de\/"},{"@type":"ListItem","position":2,"name":"Ein Praktikum bei Van Beek: Legen Sie los"}]},{"@type":"WebSite","@id":"https:\/\/www.van-beek.nl\/de\/#website","url":"https:\/\/www.van-beek.nl\/de\/","name":"Van Beek Schroeftransport","description":"","publisher":{"@id":"https:\/\/www.van-beek.nl\/de\/#organization"},"potentialAction":[{"@type":"SearchAction","target":{"@type":"EntryPoint","urlTemplate":"https:\/\/www.van-beek.nl\/de\/?s={search_term_string}"},"query-input":{"@type":"PropertyValueSpecification","valueRequired":true,"valueName":"search_term_string"}}],"inLanguage":"de"},{"@type":"Organization","@id":"https:\/\/www.van-beek.nl\/de\/#organization","name":"Transportschroeven- en machinefabriek Van Beek B.V.","url":"https:\/\/www.van-beek.nl\/de\/","logo":{"@type":"ImageObject","inLanguage":"de","@id":"https:\/\/www.van-beek.nl\/de\/#\/schema\/logo\/image\/","url":"https:\/\/van-beek.nl\/wp-content\/uploads\/2020\/04\/VanBeek-logo.png","contentUrl":"https:\/\/van-beek.nl\/wp-content\/uploads\/2020\/04\/VanBeek-logo.png","width":116,"height":22,"caption":"Transportschroeven- en machinefabriek Van Beek B.V."},"image":{"@id":"https:\/\/www.van-beek.nl\/de\/#\/schema\/logo\/image\/"}},{"@type":"Person","@id":"https:\/\/www.van-beek.nl\/de\/#\/schema\/person\/1a0605f4f0a605c2997f2e484e274470","name":"Birgit","image":{"@type":"ImageObject","inLanguage":"de","@id":"https:\/\/secure.gravatar.com\/avatar\/02b3dab0a329e4add93a0160a1588896c20ecbe51cf814ca65eb69d16af71b4c?s=96&d=mm&r=g","url":"https:\/\/secure.gravatar.com\/avatar\/02b3dab0a329e4add93a0160a1588896c20ecbe51cf814ca65eb69d16af71b4c?s=96&d=mm&r=g","contentUrl":"https:\/\/secure.gravatar.com\/avatar\/02b3dab0a329e4add93a0160a1588896c20ecbe51cf814ca65eb69d16af71b4c?s=96&d=mm&r=g","caption":"Birgit"}}]}},"_links":{"self":[{"href":"https:\/\/www.van-beek.nl\/de\/wp-json\/wp\/v2\/posts\/12361","targetHints":{"allow":["GET"]}}],"collection":[{"href":"https:\/\/www.van-beek.nl\/de\/wp-json\/wp\/v2\/posts"}],"about":[{"href":"https:\/\/www.van-beek.nl\/de\/wp-json\/wp\/v2\/types\/post"}],"author":[{"embeddable":true,"href":"https:\/\/www.van-beek.nl\/de\/wp-json\/wp\/v2\/users\/5"}],"replies":[{"embeddable":true,"href":"https:\/\/www.van-beek.nl\/de\/wp-json\/wp\/v2\/comments?post=12361"}],"version-history":[{"count":1,"href":"https:\/\/www.van-beek.nl\/de\/wp-json\/wp\/v2\/posts\/12361\/revisions"}],"predecessor-version":[{"id":12362,"href":"https:\/\/www.van-beek.nl\/de\/wp-json\/wp\/v2\/posts\/12361\/revisions\/12362"}],"wp:featuredmedia":[{"embeddable":true,"href":"https:\/\/www.van-beek.nl\/de\/wp-json\/wp\/v2\/media\/12357"}],"wp:attachment":[{"href":"https:\/\/www.van-beek.nl\/de\/wp-json\/wp\/v2\/media?parent=12361"}],"wp:term":[{"taxonomy":"category","embeddable":true,"href":"https:\/\/www.van-beek.nl\/de\/wp-json\/wp\/v2\/categories?post=12361"},{"taxonomy":"post_tag","embeddable":true,"href":"https:\/\/www.van-beek.nl\/de\/wp-json\/wp\/v2\/tags?post=12361"}],"curies":[{"name":"wp","href":"https:\/\/api.w.org\/{rel}","templated":true}]}}