{"id":12745,"date":"2024-03-12T16:39:54","date_gmt":"2024-03-12T14:39:54","guid":{"rendered":"https:\/\/van-beek.nl\/?p=12745"},"modified":"2024-03-12T16:39:54","modified_gmt":"2024-03-12T14:39:54","slug":"van-beek-und-nachhaltigkeit","status":"publish","type":"post","link":"https:\/\/www.van-beek.nl\/de\/van-beek-und-nachhaltigkeit\/","title":{"rendered":"Van Beek und Nachhaltigkeit"},"content":{"rendered":"<p><strong>Energieeinsparung, Wiederverwendung und Senkung der CO\u2082-Emissionen sind wichtiger denn je: f\u00fcr Sie, f\u00fcr uns und f\u00fcr die Umwelt. Wir sorgen gemeinsam f\u00fcr eine gr\u00fcnere Verfahrensindustrie. Lesen Sie hier, wie Van Beek dazu beitr\u00e4gt.<\/strong><\/p>\n<p><strong>Einzelanfertigung<br \/>\n<\/strong>Schneckenf\u00f6rderung ist\u00a0\u2013 im Vergleich zu anderen Transportverfahren\u00a0\u2013 eine der nachhaltigsten L\u00f6sungen f\u00fcr die Bef\u00f6rderung von Masseng\u00fctern. Der Energieverbrauch ist im Vergleich zu anderen Transportverfahren, zum Beispiel der pneumatischen F\u00f6rderung, sehr niedrig. Ferner k\u00f6nnen unsere einzeln gefertigten Schneckenf\u00f6rderer perfekt an das F\u00f6rdergut und die k\u00fcnftige Einsatzumgebung angepasst werden. Sie haben zudem ein langes Leben, \u00fcber unser <a href=\"https:\/\/van-beek.nl\/over-ons\/terugkoopgarantie-van-beek\/\">Refurbished Programm<\/a> gelegentlich sogar noch ein zweites oder drittes Mal.<\/p>\n<p>Schneckenf\u00f6rderung kann zur Senkung des Stromverbrauchs und zur Automatisierung von Prozessen beitragen. Nicht zuletzt ist sie wartungsarm. Wir stimmen s\u00e4mtliche Elemente \u2013 wie L\u00e4nge, Steigungswinkel, Drehzahl, F\u00fcllungsgrad und Kapazit\u00e4t der Anlage \u2013 sorgf\u00e4ltig auf die Situation und Ziele jedes Kunden ab. Schneckenf\u00f6rderung tr\u00e4gt somit zur Steigerung der Effizienz und Nachhaltigkeit von Unternehmen bei.<\/p>\n<p><strong>Nachhaltige Produktion<br \/>\n<\/strong>Nachhaltigkeit hat bei uns einen sehr hohen Stellenwert. Mit 1300 Solarzellen auf unserem Dach erzeugen wir unseren eigenen Strom. Die Herstellung von Schneckenf\u00f6rderern erfolgt mit minimalem Werkstoffverbrauch. Abf\u00e4lle werden der Wiederverwendung zugef\u00fchrt. Soweit m\u00f6glich, recyceln wir sie selbst. Gemeinsam mit unseren Partnern sorgen wir f\u00fcr einen schonenden Umgang mit der Umwelt.<\/p>\n<p><strong>Wir sind CO\u2082-neutral<\/strong><br \/>\nVan Beek erf\u00fcllt Scope\u00a01 des CO\u2082-Fu\u00dfabdrucks! Das bedeutet, dass wir unsere Emission messen und nachweisbar mit Ma\u00dfnahmen wie Solarzellen, Elektrofahrzeugen und der W\u00e4rmer\u00fcckgewinnung aus der L\u00fcftungsanlage senken.<\/p>\n<p><strong>Ein Leben lang<br \/>\n<\/strong>Schneckenf\u00f6rderer, Schneckenw\u00e4rmetauscher und Dino Silowagenf\u00fcllanlagen werden erst dann ausgemustert, wenn sie nicht mehr laufen. Zum Gl\u00fcck kommt das nicht so oft vor. Die Produkte von Van Beek werden anhand der betriebsspezifischen Anforderungen einzeln gefertigt, daher kommt es kaum zu Verschlei\u00df. Manchmal sagen wir \u201eSchneckenf\u00f6rderer von Van Beek halten lebenslang.\u201c Hochwertige Erzeugnisse sind langlebig. Das zeigt sich bei all unseren Maschinen. Van Beek Maschinen, die nicht mehr eingesetzt werden, kaufen wir \u00fcber unser <a href=\"https:\/\/van-beek.nl\/over-ons\/terugkoopgarantie-van-beek\/\">Refurbished Programm<\/a> zur\u00fcck. Sie werden dann general\u00fcberholt. Die Lebensdauer unserer Produkte wird dann ein zweites oder sogar drittes Mal mit Garantie verl\u00e4ngert.<\/p>\n<p><strong>Ihr Bedarf, unsere L\u00f6sung<\/strong><br \/>\nWir haben uns auf die Schneckenf\u00f6rderung spezialisiert. Wir verkaufen, entwickeln, produzieren, installieren und warten Schneckenf\u00f6rderanlagen, Silowagenf\u00fcllanlagen und Schneckenw\u00e4rmetauscher f\u00fcr den werksinternen Transport von festen, past\u00f6sen bzw. klebrigen Stoffen. M\u00f6chten Sie mehr dar\u00fcber erfahren? Bitte wenden Sie sich dann an uns.<\/p>\n","protected":false},"excerpt":{"rendered":"<p>Energieeinsparung, Wiederverwendung und Senkung der CO\u2082-Emissionen sind wichtiger denn je: f\u00fcr Sie, f\u00fcr uns und f\u00fcr die Umwelt. Wir sorgen gemeinsam f\u00fcr eine gr\u00fcnere Verfahrensindustrie. Lesen Sie hier, wie Van Beek dazu beitr\u00e4gt. Einzelanfertigung Schneckenf\u00f6rderung ist\u00a0\u2013 im Vergleich zu anderen Transportverfahren\u00a0\u2013 eine der nachhaltigsten L\u00f6sungen f\u00fcr die Bef\u00f6rderung von Masseng\u00fctern. Der Energieverbrauch ist im Vergleich [&hellip;]<\/p>\n","protected":false},"author":5,"featured_media":12713,"comment_status":"open","ping_status":"closed","sticky":false,"template":"","format":"standard","meta":{"_acf_changed":false,"content-type":"","inline_featured_image":false,"footnotes":""},"categories":[29,30,31],"tags":[],"class_list":["post-12745","post","type-post","status-publish","format-standard","has-post-thumbnail","hentry","category-beek-de","category-celsius-de","category-dino-de"],"acf":[],"yoast_head":"<!-- This site is optimized with the Yoast SEO plugin v27.5 - https:\/\/yoast.com\/product\/yoast-seo-wordpress\/ -->\n<title>Van Beek und Nachhaltigkeit - Van Beek Schroeftransport<\/title>\n<meta name=\"robots\" content=\"index, follow, max-snippet:-1, max-image-preview:large, max-video-preview:-1\" \/>\n<link rel=\"canonical\" href=\"https:\/\/www.van-beek.nl\/de\/van-beek-und-nachhaltigkeit\/\" \/>\n<meta property=\"og:locale\" content=\"de_DE\" \/>\n<meta property=\"og:type\" content=\"article\" \/>\n<meta property=\"og:title\" content=\"Van Beek und Nachhaltigkeit - Van Beek Schroeftransport\" \/>\n<meta property=\"og:description\" content=\"Energieeinsparung, Wiederverwendung und Senkung der CO\u2082-Emissionen sind wichtiger denn je: f\u00fcr Sie, f\u00fcr uns und f\u00fcr die Umwelt. Wir sorgen gemeinsam f\u00fcr eine gr\u00fcnere Verfahrensindustrie. Lesen Sie hier, wie Van Beek dazu beitr\u00e4gt. Einzelanfertigung Schneckenf\u00f6rderung ist\u00a0\u2013 im Vergleich zu anderen Transportverfahren\u00a0\u2013 eine der nachhaltigsten L\u00f6sungen f\u00fcr die Bef\u00f6rderung von Masseng\u00fctern. Der Energieverbrauch ist im Vergleich [&hellip;]\" \/>\n<meta property=\"og:url\" content=\"https:\/\/www.van-beek.nl\/de\/van-beek-und-nachhaltigkeit\/\" \/>\n<meta property=\"og:site_name\" content=\"Van Beek Schroeftransport\" \/>\n<meta property=\"article:published_time\" content=\"2024-03-12T14:39:54+00:00\" \/>\n<meta property=\"og:image\" content=\"https:\/\/www.van-beek.nl\/wp-content\/uploads\/2024\/03\/20220821_Luchtfoto-pand-met-zonnepanelen-scaled.jpg\" \/>\n\t<meta property=\"og:image:width\" content=\"2560\" \/>\n\t<meta property=\"og:image:height\" content=\"1440\" \/>\n\t<meta property=\"og:image:type\" content=\"image\/jpeg\" \/>\n<meta name=\"author\" content=\"Birgit\" \/>\n<meta name=\"twitter:card\" content=\"summary_large_image\" \/>\n<meta name=\"twitter:label1\" content=\"Verfasst von\" \/>\n\t<meta name=\"twitter:data1\" content=\"Birgit\" \/>\n\t<meta name=\"twitter:label2\" content=\"Gesch\u00e4tzte Lesezeit\" \/>\n\t<meta name=\"twitter:data2\" content=\"2\u00a0Minuten\" \/>\n<script type=\"application\/ld+json\" class=\"yoast-schema-graph\">{\"@context\":\"https:\\\/\\\/schema.org\",\"@graph\":[{\"@type\":\"Article\",\"@id\":\"https:\\\/\\\/www.van-beek.nl\\\/de\\\/van-beek-und-nachhaltigkeit\\\/#article\",\"isPartOf\":{\"@id\":\"https:\\\/\\\/www.van-beek.nl\\\/de\\\/van-beek-und-nachhaltigkeit\\\/\"},\"author\":{\"name\":\"Birgit\",\"@id\":\"https:\\\/\\\/www.van-beek.nl\\\/de\\\/#\\\/schema\\\/person\\\/1a0605f4f0a605c2997f2e484e274470\"},\"headline\":\"Van Beek und Nachhaltigkeit\",\"datePublished\":\"2024-03-12T14:39:54+00:00\",\"mainEntityOfPage\":{\"@id\":\"https:\\\/\\\/www.van-beek.nl\\\/de\\\/van-beek-und-nachhaltigkeit\\\/\"},\"wordCount\":432,\"commentCount\":0,\"publisher\":{\"@id\":\"https:\\\/\\\/www.van-beek.nl\\\/de\\\/#organization\"},\"image\":{\"@id\":\"https:\\\/\\\/www.van-beek.nl\\\/de\\\/van-beek-und-nachhaltigkeit\\\/#primaryimage\"},\"thumbnailUrl\":\"https:\\\/\\\/www.van-beek.nl\\\/wp-content\\\/uploads\\\/2024\\\/03\\\/20220821_Luchtfoto-pand-met-zonnepanelen-scaled.jpg\",\"articleSection\":[\"Beek\",\"Celsius\",\"Dino\"],\"inLanguage\":\"de\",\"potentialAction\":[{\"@type\":\"CommentAction\",\"name\":\"Comment\",\"target\":[\"https:\\\/\\\/www.van-beek.nl\\\/de\\\/van-beek-und-nachhaltigkeit\\\/#respond\"]}]},{\"@type\":\"WebPage\",\"@id\":\"https:\\\/\\\/www.van-beek.nl\\\/de\\\/van-beek-und-nachhaltigkeit\\\/\",\"url\":\"https:\\\/\\\/www.van-beek.nl\\\/de\\\/van-beek-und-nachhaltigkeit\\\/\",\"name\":\"Van Beek und Nachhaltigkeit - Van Beek Schroeftransport\",\"isPartOf\":{\"@id\":\"https:\\\/\\\/www.van-beek.nl\\\/de\\\/#website\"},\"primaryImageOfPage\":{\"@id\":\"https:\\\/\\\/www.van-beek.nl\\\/de\\\/van-beek-und-nachhaltigkeit\\\/#primaryimage\"},\"image\":{\"@id\":\"https:\\\/\\\/www.van-beek.nl\\\/de\\\/van-beek-und-nachhaltigkeit\\\/#primaryimage\"},\"thumbnailUrl\":\"https:\\\/\\\/www.van-beek.nl\\\/wp-content\\\/uploads\\\/2024\\\/03\\\/20220821_Luchtfoto-pand-met-zonnepanelen-scaled.jpg\",\"datePublished\":\"2024-03-12T14:39:54+00:00\",\"breadcrumb\":{\"@id\":\"https:\\\/\\\/www.van-beek.nl\\\/de\\\/van-beek-und-nachhaltigkeit\\\/#breadcrumb\"},\"inLanguage\":\"de\",\"potentialAction\":[{\"@type\":\"ReadAction\",\"target\":[\"https:\\\/\\\/www.van-beek.nl\\\/de\\\/van-beek-und-nachhaltigkeit\\\/\"]}]},{\"@type\":\"ImageObject\",\"inLanguage\":\"de\",\"@id\":\"https:\\\/\\\/www.van-beek.nl\\\/de\\\/van-beek-und-nachhaltigkeit\\\/#primaryimage\",\"url\":\"https:\\\/\\\/www.van-beek.nl\\\/wp-content\\\/uploads\\\/2024\\\/03\\\/20220821_Luchtfoto-pand-met-zonnepanelen-scaled.jpg\",\"contentUrl\":\"https:\\\/\\\/www.van-beek.nl\\\/wp-content\\\/uploads\\\/2024\\\/03\\\/20220821_Luchtfoto-pand-met-zonnepanelen-scaled.jpg\",\"width\":2560,\"height\":1440,\"caption\":\"Pand van Van Beek met duurzame zonnepanelen op het dak, symbool voor onze inzet voor energiebesparing en CO\u2082-reductie.\"},{\"@type\":\"BreadcrumbList\",\"@id\":\"https:\\\/\\\/www.van-beek.nl\\\/de\\\/van-beek-und-nachhaltigkeit\\\/#breadcrumb\",\"itemListElement\":[{\"@type\":\"ListItem\",\"position\":1,\"name\":\"Home\",\"item\":\"https:\\\/\\\/www.van-beek.nl\\\/de\\\/\"},{\"@type\":\"ListItem\",\"position\":2,\"name\":\"Van Beek und Nachhaltigkeit\"}]},{\"@type\":\"WebSite\",\"@id\":\"https:\\\/\\\/www.van-beek.nl\\\/de\\\/#website\",\"url\":\"https:\\\/\\\/www.van-beek.nl\\\/de\\\/\",\"name\":\"Van Beek Schroeftransport\",\"description\":\"\",\"publisher\":{\"@id\":\"https:\\\/\\\/www.van-beek.nl\\\/de\\\/#organization\"},\"potentialAction\":[{\"@type\":\"SearchAction\",\"target\":{\"@type\":\"EntryPoint\",\"urlTemplate\":\"https:\\\/\\\/www.van-beek.nl\\\/de\\\/?s={search_term_string}\"},\"query-input\":{\"@type\":\"PropertyValueSpecification\",\"valueRequired\":true,\"valueName\":\"search_term_string\"}}],\"inLanguage\":\"de\"},{\"@type\":\"Organization\",\"@id\":\"https:\\\/\\\/www.van-beek.nl\\\/de\\\/#organization\",\"name\":\"Transportschroeven- en machinefabriek Van Beek B.V.\",\"url\":\"https:\\\/\\\/www.van-beek.nl\\\/de\\\/\",\"logo\":{\"@type\":\"ImageObject\",\"inLanguage\":\"de\",\"@id\":\"https:\\\/\\\/www.van-beek.nl\\\/de\\\/#\\\/schema\\\/logo\\\/image\\\/\",\"url\":\"https:\\\/\\\/van-beek.nl\\\/wp-content\\\/uploads\\\/2020\\\/04\\\/VanBeek-logo.png\",\"contentUrl\":\"https:\\\/\\\/van-beek.nl\\\/wp-content\\\/uploads\\\/2020\\\/04\\\/VanBeek-logo.png\",\"width\":116,\"height\":22,\"caption\":\"Transportschroeven- en machinefabriek Van Beek B.V.\"},\"image\":{\"@id\":\"https:\\\/\\\/www.van-beek.nl\\\/de\\\/#\\\/schema\\\/logo\\\/image\\\/\"}},{\"@type\":\"Person\",\"@id\":\"https:\\\/\\\/www.van-beek.nl\\\/de\\\/#\\\/schema\\\/person\\\/1a0605f4f0a605c2997f2e484e274470\",\"name\":\"Birgit\",\"image\":{\"@type\":\"ImageObject\",\"inLanguage\":\"de\",\"@id\":\"https:\\\/\\\/secure.gravatar.com\\\/avatar\\\/02b3dab0a329e4add93a0160a1588896c20ecbe51cf814ca65eb69d16af71b4c?s=96&d=mm&r=g\",\"url\":\"https:\\\/\\\/secure.gravatar.com\\\/avatar\\\/02b3dab0a329e4add93a0160a1588896c20ecbe51cf814ca65eb69d16af71b4c?s=96&d=mm&r=g\",\"contentUrl\":\"https:\\\/\\\/secure.gravatar.com\\\/avatar\\\/02b3dab0a329e4add93a0160a1588896c20ecbe51cf814ca65eb69d16af71b4c?s=96&d=mm&r=g\",\"caption\":\"Birgit\"}}]}<\/script>\n<!-- \/ Yoast SEO plugin. -->","yoast_head_json":{"title":"Van Beek und Nachhaltigkeit - Van Beek Schroeftransport","robots":{"index":"index","follow":"follow","max-snippet":"max-snippet:-1","max-image-preview":"max-image-preview:large","max-video-preview":"max-video-preview:-1"},"canonical":"https:\/\/www.van-beek.nl\/de\/van-beek-und-nachhaltigkeit\/","og_locale":"de_DE","og_type":"article","og_title":"Van Beek und Nachhaltigkeit - Van Beek Schroeftransport","og_description":"Energieeinsparung, Wiederverwendung und Senkung der CO\u2082-Emissionen sind wichtiger denn je: f\u00fcr Sie, f\u00fcr uns und f\u00fcr die Umwelt. Wir sorgen gemeinsam f\u00fcr eine gr\u00fcnere Verfahrensindustrie. Lesen Sie hier, wie Van Beek dazu beitr\u00e4gt. Einzelanfertigung Schneckenf\u00f6rderung ist\u00a0\u2013 im Vergleich zu anderen Transportverfahren\u00a0\u2013 eine der nachhaltigsten L\u00f6sungen f\u00fcr die Bef\u00f6rderung von Masseng\u00fctern. Der Energieverbrauch ist im Vergleich [&hellip;]","og_url":"https:\/\/www.van-beek.nl\/de\/van-beek-und-nachhaltigkeit\/","og_site_name":"Van Beek Schroeftransport","article_published_time":"2024-03-12T14:39:54+00:00","og_image":[{"width":2560,"height":1440,"url":"https:\/\/www.van-beek.nl\/wp-content\/uploads\/2024\/03\/20220821_Luchtfoto-pand-met-zonnepanelen-scaled.jpg","type":"image\/jpeg"}],"author":"Birgit","twitter_card":"summary_large_image","twitter_misc":{"Verfasst von":"Birgit","Gesch\u00e4tzte Lesezeit":"2\u00a0Minuten"},"schema":{"@context":"https:\/\/schema.org","@graph":[{"@type":"Article","@id":"https:\/\/www.van-beek.nl\/de\/van-beek-und-nachhaltigkeit\/#article","isPartOf":{"@id":"https:\/\/www.van-beek.nl\/de\/van-beek-und-nachhaltigkeit\/"},"author":{"name":"Birgit","@id":"https:\/\/www.van-beek.nl\/de\/#\/schema\/person\/1a0605f4f0a605c2997f2e484e274470"},"headline":"Van Beek und Nachhaltigkeit","datePublished":"2024-03-12T14:39:54+00:00","mainEntityOfPage":{"@id":"https:\/\/www.van-beek.nl\/de\/van-beek-und-nachhaltigkeit\/"},"wordCount":432,"commentCount":0,"publisher":{"@id":"https:\/\/www.van-beek.nl\/de\/#organization"},"image":{"@id":"https:\/\/www.van-beek.nl\/de\/van-beek-und-nachhaltigkeit\/#primaryimage"},"thumbnailUrl":"https:\/\/www.van-beek.nl\/wp-content\/uploads\/2024\/03\/20220821_Luchtfoto-pand-met-zonnepanelen-scaled.jpg","articleSection":["Beek","Celsius","Dino"],"inLanguage":"de","potentialAction":[{"@type":"CommentAction","name":"Comment","target":["https:\/\/www.van-beek.nl\/de\/van-beek-und-nachhaltigkeit\/#respond"]}]},{"@type":"WebPage","@id":"https:\/\/www.van-beek.nl\/de\/van-beek-und-nachhaltigkeit\/","url":"https:\/\/www.van-beek.nl\/de\/van-beek-und-nachhaltigkeit\/","name":"Van Beek und Nachhaltigkeit - Van Beek Schroeftransport","isPartOf":{"@id":"https:\/\/www.van-beek.nl\/de\/#website"},"primaryImageOfPage":{"@id":"https:\/\/www.van-beek.nl\/de\/van-beek-und-nachhaltigkeit\/#primaryimage"},"image":{"@id":"https:\/\/www.van-beek.nl\/de\/van-beek-und-nachhaltigkeit\/#primaryimage"},"thumbnailUrl":"https:\/\/www.van-beek.nl\/wp-content\/uploads\/2024\/03\/20220821_Luchtfoto-pand-met-zonnepanelen-scaled.jpg","datePublished":"2024-03-12T14:39:54+00:00","breadcrumb":{"@id":"https:\/\/www.van-beek.nl\/de\/van-beek-und-nachhaltigkeit\/#breadcrumb"},"inLanguage":"de","potentialAction":[{"@type":"ReadAction","target":["https:\/\/www.van-beek.nl\/de\/van-beek-und-nachhaltigkeit\/"]}]},{"@type":"ImageObject","inLanguage":"de","@id":"https:\/\/www.van-beek.nl\/de\/van-beek-und-nachhaltigkeit\/#primaryimage","url":"https:\/\/www.van-beek.nl\/wp-content\/uploads\/2024\/03\/20220821_Luchtfoto-pand-met-zonnepanelen-scaled.jpg","contentUrl":"https:\/\/www.van-beek.nl\/wp-content\/uploads\/2024\/03\/20220821_Luchtfoto-pand-met-zonnepanelen-scaled.jpg","width":2560,"height":1440,"caption":"Pand van Van Beek met duurzame zonnepanelen op het dak, symbool voor onze inzet voor energiebesparing en CO\u2082-reductie."},{"@type":"BreadcrumbList","@id":"https:\/\/www.van-beek.nl\/de\/van-beek-und-nachhaltigkeit\/#breadcrumb","itemListElement":[{"@type":"ListItem","position":1,"name":"Home","item":"https:\/\/www.van-beek.nl\/de\/"},{"@type":"ListItem","position":2,"name":"Van Beek und Nachhaltigkeit"}]},{"@type":"WebSite","@id":"https:\/\/www.van-beek.nl\/de\/#website","url":"https:\/\/www.van-beek.nl\/de\/","name":"Van Beek Schroeftransport","description":"","publisher":{"@id":"https:\/\/www.van-beek.nl\/de\/#organization"},"potentialAction":[{"@type":"SearchAction","target":{"@type":"EntryPoint","urlTemplate":"https:\/\/www.van-beek.nl\/de\/?s={search_term_string}"},"query-input":{"@type":"PropertyValueSpecification","valueRequired":true,"valueName":"search_term_string"}}],"inLanguage":"de"},{"@type":"Organization","@id":"https:\/\/www.van-beek.nl\/de\/#organization","name":"Transportschroeven- en machinefabriek Van Beek B.V.","url":"https:\/\/www.van-beek.nl\/de\/","logo":{"@type":"ImageObject","inLanguage":"de","@id":"https:\/\/www.van-beek.nl\/de\/#\/schema\/logo\/image\/","url":"https:\/\/van-beek.nl\/wp-content\/uploads\/2020\/04\/VanBeek-logo.png","contentUrl":"https:\/\/van-beek.nl\/wp-content\/uploads\/2020\/04\/VanBeek-logo.png","width":116,"height":22,"caption":"Transportschroeven- en machinefabriek Van Beek B.V."},"image":{"@id":"https:\/\/www.van-beek.nl\/de\/#\/schema\/logo\/image\/"}},{"@type":"Person","@id":"https:\/\/www.van-beek.nl\/de\/#\/schema\/person\/1a0605f4f0a605c2997f2e484e274470","name":"Birgit","image":{"@type":"ImageObject","inLanguage":"de","@id":"https:\/\/secure.gravatar.com\/avatar\/02b3dab0a329e4add93a0160a1588896c20ecbe51cf814ca65eb69d16af71b4c?s=96&d=mm&r=g","url":"https:\/\/secure.gravatar.com\/avatar\/02b3dab0a329e4add93a0160a1588896c20ecbe51cf814ca65eb69d16af71b4c?s=96&d=mm&r=g","contentUrl":"https:\/\/secure.gravatar.com\/avatar\/02b3dab0a329e4add93a0160a1588896c20ecbe51cf814ca65eb69d16af71b4c?s=96&d=mm&r=g","caption":"Birgit"}}]}},"_links":{"self":[{"href":"https:\/\/www.van-beek.nl\/de\/wp-json\/wp\/v2\/posts\/12745","targetHints":{"allow":["GET"]}}],"collection":[{"href":"https:\/\/www.van-beek.nl\/de\/wp-json\/wp\/v2\/posts"}],"about":[{"href":"https:\/\/www.van-beek.nl\/de\/wp-json\/wp\/v2\/types\/post"}],"author":[{"embeddable":true,"href":"https:\/\/www.van-beek.nl\/de\/wp-json\/wp\/v2\/users\/5"}],"replies":[{"embeddable":true,"href":"https:\/\/www.van-beek.nl\/de\/wp-json\/wp\/v2\/comments?post=12745"}],"version-history":[{"count":1,"href":"https:\/\/www.van-beek.nl\/de\/wp-json\/wp\/v2\/posts\/12745\/revisions"}],"predecessor-version":[{"id":12746,"href":"https:\/\/www.van-beek.nl\/de\/wp-json\/wp\/v2\/posts\/12745\/revisions\/12746"}],"wp:featuredmedia":[{"embeddable":true,"href":"https:\/\/www.van-beek.nl\/de\/wp-json\/wp\/v2\/media\/12713"}],"wp:attachment":[{"href":"https:\/\/www.van-beek.nl\/de\/wp-json\/wp\/v2\/media?parent=12745"}],"wp:term":[{"taxonomy":"category","embeddable":true,"href":"https:\/\/www.van-beek.nl\/de\/wp-json\/wp\/v2\/categories?post=12745"},{"taxonomy":"post_tag","embeddable":true,"href":"https:\/\/www.van-beek.nl\/de\/wp-json\/wp\/v2\/tags?post=12745"}],"curies":[{"name":"wp","href":"https:\/\/api.w.org\/{rel}","templated":true}]}}