{"id":12791,"date":"2024-06-17T13:39:03","date_gmt":"2024-06-17T11:39:03","guid":{"rendered":"https:\/\/van-beek.nl\/?p=12791"},"modified":"2024-06-17T13:39:03","modified_gmt":"2024-06-17T11:39:03","slug":"maarten-pelders-ist-unser-neuer-vertriebsingenieur-fuer-mich-ist-das-wichtigste-meine-versprechen-einzuhalten","status":"publish","type":"post","link":"https:\/\/www.van-beek.nl\/de\/maarten-pelders-ist-unser-neuer-vertriebsingenieur-fuer-mich-ist-das-wichtigste-meine-versprechen-einzuhalten\/","title":{"rendered":"Maarten Pelders ist unser neuer Vertriebsingenieur: \u201eF\u00fcr mich ist das Wichtigste, meine Versprechen einzuhalten\u201c"},"content":{"rendered":"<p><strong>Dass Drunen ein Zentrum des Geschehens sein soll, ist vielleicht ein bisschen \u00fcbertrieben. Aber Tatsache ist, dass Maarten Pelders und Perry Verberne, Gesch\u00e4ftsf\u00fchrer von Van Beek, einander dort getroffen haben. Beide dachten: \u201e\u00dcber dich m\u00f6chte ich mehr erfahren!\u201c Das lockere Geplauder entwickelte sich zum ernsten Gespr\u00e4ch. So kam es, dass Maarten jetzt unser neuer Vertriebsingenieur ist.\u00a0<\/strong><\/p>\n<p>Ganz neu sind die Van Beek-Anlagen nicht f\u00fcr Maarten (52), denn davor hat er bei einem Systemintegrator gearbeitet. \u201eDort hatte ich auch gelegentlich mit den Schneckenf\u00f6rderern von Van Beek zu tun.\u201c Jetzt sieht er die andere Seite des Gesch\u00e4fts. Der Systemintegrator ist jetzt sein Kunde, mit dem er die Schneckenf\u00f6rderanlage in eine Gesamtl\u00f6sung einf\u00fcgen muss.<\/p>\n<p>Fr\u00fcher hat Maarten gemeinsam mit H\u00e4ndlern komplette Anlagen erstellt, mit denen vom Produkteingang bis zur Lagerung alles abgewickelt kann. Die Herausforderungen, die dabei zu meistern sind, kennt er alle, genauso wie die Leute. Denn er verf\u00fcgt \u00fcber ein gro\u00dfes internationales Netzwerk. Seine Kontakte pflegt er gerne. \u201eWenn ich eine Gesch\u00e4ftsverbindung aufgebaut habe, tue ich alles daf\u00fcr, um sie zu erhalten. Eine der Grundlagen daf\u00fcr ist, sich an sein Wort zu halten\u201c, meint Maarten.<\/p>\n<p>Er ist neugierig auf Interessenten, die an den hochwertigen Schneckenf\u00f6rderern von Van Beek interessiert sind, auch wenn diese sich am Ende des Tages f\u00fcr einen anderen Anbieter entscheiden. \u201eIch gehe gerne Kontakte ein: nicht nur mit dem Verk\u00e4ufer\/Ingenieur, sondern auch mit dem Eink\u00e4ufer. Denn auch wenn wir diesmal kein Preferred Supplier geworden sind, kann das beim n\u00e4chsten Mal anders sein. Dann kommt es darauf an, was die Kunden uns gut kennen und wissen, was sie von uns erwarten k\u00f6nnen.\u201c<\/p>\n<p>Maarten Pelders konzentriert sich insbesondere auf Biomasse und s\u00fc\u00dfe Produkte: Zucker und L\u00f6sungen f\u00fcr die Herstellung von S\u00fc\u00dfigkeiten und Riegeln. F\u00fcr letztere gibt es den <a href=\"https:\/\/van-beek.nl\/de\/celsius-schneckenwaermetauscher\/heizen\/celsimix\/\">Celsimix<\/a>, den Schneckenw\u00e4rmetauscher von Van Beek mit Mischfunktion. \u201eEr ist zum Beispiel ausgezeichnet f\u00fcr die Erzielung der richtigen Mischung f\u00fcr Protein- und Schokoriegel geeignet\u201c, erkl\u00e4rt Maarten.<\/p>\n<p>Zucker ist ein wichtiger Rohstoff f\u00fcr Erfrischungsgetr\u00e4nke. Mit 60 neuen Produktionslinien, die hohen Standards gen\u00fcgen m\u00fcssen, will der Hersteller eines bekannten Erfrischungsgetr\u00e4nks die lokale Nachfrage in Indien bedienen. \u201eMehreren der beteiligten Parteien gefallen unsere Schneckenf\u00f6rderanlagen. Jetzt muss nur noch die Wahl auf uns fallen\u201c, schlie\u00dft Maarten enthusiastisch.<\/p>\n","protected":false},"excerpt":{"rendered":"<p>Dass Drunen ein Zentrum des Geschehens sein soll, ist vielleicht ein bisschen \u00fcbertrieben. Aber Tatsache ist, dass Maarten Pelders und Perry Verberne, Gesch\u00e4ftsf\u00fchrer von Van Beek, einander dort getroffen haben. Beide dachten: \u201e\u00dcber dich m\u00f6chte ich mehr erfahren!\u201c Das lockere Geplauder entwickelte sich zum ernsten Gespr\u00e4ch. So kam es, dass Maarten jetzt unser neuer Vertriebsingenieur [&hellip;]<\/p>\n","protected":false},"author":5,"featured_media":12413,"comment_status":"open","ping_status":"closed","sticky":false,"template":"","format":"standard","meta":{"_acf_changed":false,"content-type":"","inline_featured_image":false,"footnotes":""},"categories":[29,30],"tags":[],"class_list":["post-12791","post","type-post","status-publish","format-standard","has-post-thumbnail","hentry","category-beek-de","category-celsius-de"],"acf":[],"yoast_head":"<!-- This site is optimized with the Yoast SEO plugin v27.5 - https:\/\/yoast.com\/product\/yoast-seo-wordpress\/ -->\n<title>Maarten Pelders ist unser neuer Vertriebsingenieur: \u201eF\u00fcr mich ist das Wichtigste, meine Versprechen einzuhalten\u201c - Van Beek Schroeftransport<\/title>\n<meta name=\"robots\" content=\"index, follow, max-snippet:-1, max-image-preview:large, max-video-preview:-1\" \/>\n<link rel=\"canonical\" href=\"https:\/\/www.van-beek.nl\/de\/maarten-pelders-ist-unser-neuer-vertriebsingenieur-fuer-mich-ist-das-wichtigste-meine-versprechen-einzuhalten\/\" \/>\n<meta property=\"og:locale\" content=\"de_DE\" \/>\n<meta property=\"og:type\" content=\"article\" \/>\n<meta property=\"og:title\" content=\"Maarten Pelders ist unser neuer Vertriebsingenieur: \u201eF\u00fcr mich ist das Wichtigste, meine Versprechen einzuhalten\u201c - Van Beek Schroeftransport\" \/>\n<meta property=\"og:description\" content=\"Dass Drunen ein Zentrum des Geschehens sein soll, ist vielleicht ein bisschen \u00fcbertrieben. Aber Tatsache ist, dass Maarten Pelders und Perry Verberne, Gesch\u00e4ftsf\u00fchrer von Van Beek, einander dort getroffen haben. Beide dachten: \u201e\u00dcber dich m\u00f6chte ich mehr erfahren!\u201c Das lockere Geplauder entwickelte sich zum ernsten Gespr\u00e4ch. So kam es, dass Maarten jetzt unser neuer Vertriebsingenieur [&hellip;]\" \/>\n<meta property=\"og:url\" content=\"https:\/\/www.van-beek.nl\/de\/maarten-pelders-ist-unser-neuer-vertriebsingenieur-fuer-mich-ist-das-wichtigste-meine-versprechen-einzuhalten\/\" \/>\n<meta property=\"og:site_name\" content=\"Van Beek Schroeftransport\" \/>\n<meta property=\"article:published_time\" content=\"2024-06-17T11:39:03+00:00\" \/>\n<meta property=\"og:image\" content=\"https:\/\/www.van-beek.nl\/wp-content\/uploads\/2023\/12\/Maarten-Pelders-scaled-e1701679103856.jpg\" \/>\n\t<meta property=\"og:image:width\" content=\"2560\" \/>\n\t<meta property=\"og:image:height\" content=\"2445\" \/>\n\t<meta property=\"og:image:type\" content=\"image\/jpeg\" \/>\n<meta name=\"author\" content=\"Birgit\" \/>\n<meta name=\"twitter:card\" content=\"summary_large_image\" \/>\n<meta name=\"twitter:label1\" content=\"Verfasst von\" \/>\n\t<meta name=\"twitter:data1\" content=\"Birgit\" \/>\n\t<meta name=\"twitter:label2\" content=\"Gesch\u00e4tzte Lesezeit\" \/>\n\t<meta name=\"twitter:data2\" content=\"2\u00a0Minuten\" \/>\n<script type=\"application\/ld+json\" class=\"yoast-schema-graph\">{\"@context\":\"https:\\\/\\\/schema.org\",\"@graph\":[{\"@type\":\"Article\",\"@id\":\"https:\\\/\\\/www.van-beek.nl\\\/de\\\/maarten-pelders-ist-unser-neuer-vertriebsingenieur-fuer-mich-ist-das-wichtigste-meine-versprechen-einzuhalten\\\/#article\",\"isPartOf\":{\"@id\":\"https:\\\/\\\/www.van-beek.nl\\\/de\\\/maarten-pelders-ist-unser-neuer-vertriebsingenieur-fuer-mich-ist-das-wichtigste-meine-versprechen-einzuhalten\\\/\"},\"author\":{\"name\":\"Birgit\",\"@id\":\"https:\\\/\\\/www.van-beek.nl\\\/de\\\/#\\\/schema\\\/person\\\/1a0605f4f0a605c2997f2e484e274470\"},\"headline\":\"Maarten Pelders ist unser neuer Vertriebsingenieur: \u201eF\u00fcr mich ist das Wichtigste, meine Versprechen einzuhalten\u201c\",\"datePublished\":\"2024-06-17T11:39:03+00:00\",\"mainEntityOfPage\":{\"@id\":\"https:\\\/\\\/www.van-beek.nl\\\/de\\\/maarten-pelders-ist-unser-neuer-vertriebsingenieur-fuer-mich-ist-das-wichtigste-meine-versprechen-einzuhalten\\\/\"},\"wordCount\":414,\"commentCount\":0,\"publisher\":{\"@id\":\"https:\\\/\\\/www.van-beek.nl\\\/de\\\/#organization\"},\"image\":{\"@id\":\"https:\\\/\\\/www.van-beek.nl\\\/de\\\/maarten-pelders-ist-unser-neuer-vertriebsingenieur-fuer-mich-ist-das-wichtigste-meine-versprechen-einzuhalten\\\/#primaryimage\"},\"thumbnailUrl\":\"https:\\\/\\\/www.van-beek.nl\\\/wp-content\\\/uploads\\\/2023\\\/12\\\/Maarten-Pelders-scaled-e1701679103856.jpg\",\"articleSection\":[\"Beek\",\"Celsius\"],\"inLanguage\":\"de\",\"potentialAction\":[{\"@type\":\"CommentAction\",\"name\":\"Comment\",\"target\":[\"https:\\\/\\\/www.van-beek.nl\\\/de\\\/maarten-pelders-ist-unser-neuer-vertriebsingenieur-fuer-mich-ist-das-wichtigste-meine-versprechen-einzuhalten\\\/#respond\"]}]},{\"@type\":\"WebPage\",\"@id\":\"https:\\\/\\\/www.van-beek.nl\\\/de\\\/maarten-pelders-ist-unser-neuer-vertriebsingenieur-fuer-mich-ist-das-wichtigste-meine-versprechen-einzuhalten\\\/\",\"url\":\"https:\\\/\\\/www.van-beek.nl\\\/de\\\/maarten-pelders-ist-unser-neuer-vertriebsingenieur-fuer-mich-ist-das-wichtigste-meine-versprechen-einzuhalten\\\/\",\"name\":\"Maarten Pelders ist unser neuer Vertriebsingenieur: \u201eF\u00fcr mich ist das Wichtigste, meine Versprechen einzuhalten\u201c - Van Beek Schroeftransport\",\"isPartOf\":{\"@id\":\"https:\\\/\\\/www.van-beek.nl\\\/de\\\/#website\"},\"primaryImageOfPage\":{\"@id\":\"https:\\\/\\\/www.van-beek.nl\\\/de\\\/maarten-pelders-ist-unser-neuer-vertriebsingenieur-fuer-mich-ist-das-wichtigste-meine-versprechen-einzuhalten\\\/#primaryimage\"},\"image\":{\"@id\":\"https:\\\/\\\/www.van-beek.nl\\\/de\\\/maarten-pelders-ist-unser-neuer-vertriebsingenieur-fuer-mich-ist-das-wichtigste-meine-versprechen-einzuhalten\\\/#primaryimage\"},\"thumbnailUrl\":\"https:\\\/\\\/www.van-beek.nl\\\/wp-content\\\/uploads\\\/2023\\\/12\\\/Maarten-Pelders-scaled-e1701679103856.jpg\",\"datePublished\":\"2024-06-17T11:39:03+00:00\",\"breadcrumb\":{\"@id\":\"https:\\\/\\\/www.van-beek.nl\\\/de\\\/maarten-pelders-ist-unser-neuer-vertriebsingenieur-fuer-mich-ist-das-wichtigste-meine-versprechen-einzuhalten\\\/#breadcrumb\"},\"inLanguage\":\"de\",\"potentialAction\":[{\"@type\":\"ReadAction\",\"target\":[\"https:\\\/\\\/www.van-beek.nl\\\/de\\\/maarten-pelders-ist-unser-neuer-vertriebsingenieur-fuer-mich-ist-das-wichtigste-meine-versprechen-einzuhalten\\\/\"]}]},{\"@type\":\"ImageObject\",\"inLanguage\":\"de\",\"@id\":\"https:\\\/\\\/www.van-beek.nl\\\/de\\\/maarten-pelders-ist-unser-neuer-vertriebsingenieur-fuer-mich-ist-das-wichtigste-meine-versprechen-einzuhalten\\\/#primaryimage\",\"url\":\"https:\\\/\\\/www.van-beek.nl\\\/wp-content\\\/uploads\\\/2023\\\/12\\\/Maarten-Pelders-scaled-e1701679103856.jpg\",\"contentUrl\":\"https:\\\/\\\/www.van-beek.nl\\\/wp-content\\\/uploads\\\/2023\\\/12\\\/Maarten-Pelders-scaled-e1701679103856.jpg\",\"width\":2560,\"height\":2445},{\"@type\":\"BreadcrumbList\",\"@id\":\"https:\\\/\\\/www.van-beek.nl\\\/de\\\/maarten-pelders-ist-unser-neuer-vertriebsingenieur-fuer-mich-ist-das-wichtigste-meine-versprechen-einzuhalten\\\/#breadcrumb\",\"itemListElement\":[{\"@type\":\"ListItem\",\"position\":1,\"name\":\"Home\",\"item\":\"https:\\\/\\\/www.van-beek.nl\\\/de\\\/\"},{\"@type\":\"ListItem\",\"position\":2,\"name\":\"Maarten Pelders ist unser neuer Vertriebsingenieur: \u201eF\u00fcr mich ist das Wichtigste, meine Versprechen einzuhalten\u201c\"}]},{\"@type\":\"WebSite\",\"@id\":\"https:\\\/\\\/www.van-beek.nl\\\/de\\\/#website\",\"url\":\"https:\\\/\\\/www.van-beek.nl\\\/de\\\/\",\"name\":\"Van Beek Schroeftransport\",\"description\":\"\",\"publisher\":{\"@id\":\"https:\\\/\\\/www.van-beek.nl\\\/de\\\/#organization\"},\"potentialAction\":[{\"@type\":\"SearchAction\",\"target\":{\"@type\":\"EntryPoint\",\"urlTemplate\":\"https:\\\/\\\/www.van-beek.nl\\\/de\\\/?s={search_term_string}\"},\"query-input\":{\"@type\":\"PropertyValueSpecification\",\"valueRequired\":true,\"valueName\":\"search_term_string\"}}],\"inLanguage\":\"de\"},{\"@type\":\"Organization\",\"@id\":\"https:\\\/\\\/www.van-beek.nl\\\/de\\\/#organization\",\"name\":\"Transportschroeven- en machinefabriek Van Beek B.V.\",\"url\":\"https:\\\/\\\/www.van-beek.nl\\\/de\\\/\",\"logo\":{\"@type\":\"ImageObject\",\"inLanguage\":\"de\",\"@id\":\"https:\\\/\\\/www.van-beek.nl\\\/de\\\/#\\\/schema\\\/logo\\\/image\\\/\",\"url\":\"https:\\\/\\\/van-beek.nl\\\/wp-content\\\/uploads\\\/2020\\\/04\\\/VanBeek-logo.png\",\"contentUrl\":\"https:\\\/\\\/van-beek.nl\\\/wp-content\\\/uploads\\\/2020\\\/04\\\/VanBeek-logo.png\",\"width\":116,\"height\":22,\"caption\":\"Transportschroeven- en machinefabriek Van Beek B.V.\"},\"image\":{\"@id\":\"https:\\\/\\\/www.van-beek.nl\\\/de\\\/#\\\/schema\\\/logo\\\/image\\\/\"}},{\"@type\":\"Person\",\"@id\":\"https:\\\/\\\/www.van-beek.nl\\\/de\\\/#\\\/schema\\\/person\\\/1a0605f4f0a605c2997f2e484e274470\",\"name\":\"Birgit\",\"image\":{\"@type\":\"ImageObject\",\"inLanguage\":\"de\",\"@id\":\"https:\\\/\\\/secure.gravatar.com\\\/avatar\\\/02b3dab0a329e4add93a0160a1588896c20ecbe51cf814ca65eb69d16af71b4c?s=96&d=mm&r=g\",\"url\":\"https:\\\/\\\/secure.gravatar.com\\\/avatar\\\/02b3dab0a329e4add93a0160a1588896c20ecbe51cf814ca65eb69d16af71b4c?s=96&d=mm&r=g\",\"contentUrl\":\"https:\\\/\\\/secure.gravatar.com\\\/avatar\\\/02b3dab0a329e4add93a0160a1588896c20ecbe51cf814ca65eb69d16af71b4c?s=96&d=mm&r=g\",\"caption\":\"Birgit\"}}]}<\/script>\n<!-- \/ Yoast SEO plugin. -->","yoast_head_json":{"title":"Maarten Pelders ist unser neuer Vertriebsingenieur: \u201eF\u00fcr mich ist das Wichtigste, meine Versprechen einzuhalten\u201c - Van Beek Schroeftransport","robots":{"index":"index","follow":"follow","max-snippet":"max-snippet:-1","max-image-preview":"max-image-preview:large","max-video-preview":"max-video-preview:-1"},"canonical":"https:\/\/www.van-beek.nl\/de\/maarten-pelders-ist-unser-neuer-vertriebsingenieur-fuer-mich-ist-das-wichtigste-meine-versprechen-einzuhalten\/","og_locale":"de_DE","og_type":"article","og_title":"Maarten Pelders ist unser neuer Vertriebsingenieur: \u201eF\u00fcr mich ist das Wichtigste, meine Versprechen einzuhalten\u201c - Van Beek Schroeftransport","og_description":"Dass Drunen ein Zentrum des Geschehens sein soll, ist vielleicht ein bisschen \u00fcbertrieben. Aber Tatsache ist, dass Maarten Pelders und Perry Verberne, Gesch\u00e4ftsf\u00fchrer von Van Beek, einander dort getroffen haben. Beide dachten: \u201e\u00dcber dich m\u00f6chte ich mehr erfahren!\u201c Das lockere Geplauder entwickelte sich zum ernsten Gespr\u00e4ch. So kam es, dass Maarten jetzt unser neuer Vertriebsingenieur [&hellip;]","og_url":"https:\/\/www.van-beek.nl\/de\/maarten-pelders-ist-unser-neuer-vertriebsingenieur-fuer-mich-ist-das-wichtigste-meine-versprechen-einzuhalten\/","og_site_name":"Van Beek Schroeftransport","article_published_time":"2024-06-17T11:39:03+00:00","og_image":[{"width":2560,"height":2445,"url":"https:\/\/www.van-beek.nl\/wp-content\/uploads\/2023\/12\/Maarten-Pelders-scaled-e1701679103856.jpg","type":"image\/jpeg"}],"author":"Birgit","twitter_card":"summary_large_image","twitter_misc":{"Verfasst von":"Birgit","Gesch\u00e4tzte Lesezeit":"2\u00a0Minuten"},"schema":{"@context":"https:\/\/schema.org","@graph":[{"@type":"Article","@id":"https:\/\/www.van-beek.nl\/de\/maarten-pelders-ist-unser-neuer-vertriebsingenieur-fuer-mich-ist-das-wichtigste-meine-versprechen-einzuhalten\/#article","isPartOf":{"@id":"https:\/\/www.van-beek.nl\/de\/maarten-pelders-ist-unser-neuer-vertriebsingenieur-fuer-mich-ist-das-wichtigste-meine-versprechen-einzuhalten\/"},"author":{"name":"Birgit","@id":"https:\/\/www.van-beek.nl\/de\/#\/schema\/person\/1a0605f4f0a605c2997f2e484e274470"},"headline":"Maarten Pelders ist unser neuer Vertriebsingenieur: \u201eF\u00fcr mich ist das Wichtigste, meine Versprechen einzuhalten\u201c","datePublished":"2024-06-17T11:39:03+00:00","mainEntityOfPage":{"@id":"https:\/\/www.van-beek.nl\/de\/maarten-pelders-ist-unser-neuer-vertriebsingenieur-fuer-mich-ist-das-wichtigste-meine-versprechen-einzuhalten\/"},"wordCount":414,"commentCount":0,"publisher":{"@id":"https:\/\/www.van-beek.nl\/de\/#organization"},"image":{"@id":"https:\/\/www.van-beek.nl\/de\/maarten-pelders-ist-unser-neuer-vertriebsingenieur-fuer-mich-ist-das-wichtigste-meine-versprechen-einzuhalten\/#primaryimage"},"thumbnailUrl":"https:\/\/www.van-beek.nl\/wp-content\/uploads\/2023\/12\/Maarten-Pelders-scaled-e1701679103856.jpg","articleSection":["Beek","Celsius"],"inLanguage":"de","potentialAction":[{"@type":"CommentAction","name":"Comment","target":["https:\/\/www.van-beek.nl\/de\/maarten-pelders-ist-unser-neuer-vertriebsingenieur-fuer-mich-ist-das-wichtigste-meine-versprechen-einzuhalten\/#respond"]}]},{"@type":"WebPage","@id":"https:\/\/www.van-beek.nl\/de\/maarten-pelders-ist-unser-neuer-vertriebsingenieur-fuer-mich-ist-das-wichtigste-meine-versprechen-einzuhalten\/","url":"https:\/\/www.van-beek.nl\/de\/maarten-pelders-ist-unser-neuer-vertriebsingenieur-fuer-mich-ist-das-wichtigste-meine-versprechen-einzuhalten\/","name":"Maarten Pelders ist unser neuer Vertriebsingenieur: \u201eF\u00fcr mich ist das Wichtigste, meine Versprechen einzuhalten\u201c - Van Beek Schroeftransport","isPartOf":{"@id":"https:\/\/www.van-beek.nl\/de\/#website"},"primaryImageOfPage":{"@id":"https:\/\/www.van-beek.nl\/de\/maarten-pelders-ist-unser-neuer-vertriebsingenieur-fuer-mich-ist-das-wichtigste-meine-versprechen-einzuhalten\/#primaryimage"},"image":{"@id":"https:\/\/www.van-beek.nl\/de\/maarten-pelders-ist-unser-neuer-vertriebsingenieur-fuer-mich-ist-das-wichtigste-meine-versprechen-einzuhalten\/#primaryimage"},"thumbnailUrl":"https:\/\/www.van-beek.nl\/wp-content\/uploads\/2023\/12\/Maarten-Pelders-scaled-e1701679103856.jpg","datePublished":"2024-06-17T11:39:03+00:00","breadcrumb":{"@id":"https:\/\/www.van-beek.nl\/de\/maarten-pelders-ist-unser-neuer-vertriebsingenieur-fuer-mich-ist-das-wichtigste-meine-versprechen-einzuhalten\/#breadcrumb"},"inLanguage":"de","potentialAction":[{"@type":"ReadAction","target":["https:\/\/www.van-beek.nl\/de\/maarten-pelders-ist-unser-neuer-vertriebsingenieur-fuer-mich-ist-das-wichtigste-meine-versprechen-einzuhalten\/"]}]},{"@type":"ImageObject","inLanguage":"de","@id":"https:\/\/www.van-beek.nl\/de\/maarten-pelders-ist-unser-neuer-vertriebsingenieur-fuer-mich-ist-das-wichtigste-meine-versprechen-einzuhalten\/#primaryimage","url":"https:\/\/www.van-beek.nl\/wp-content\/uploads\/2023\/12\/Maarten-Pelders-scaled-e1701679103856.jpg","contentUrl":"https:\/\/www.van-beek.nl\/wp-content\/uploads\/2023\/12\/Maarten-Pelders-scaled-e1701679103856.jpg","width":2560,"height":2445},{"@type":"BreadcrumbList","@id":"https:\/\/www.van-beek.nl\/de\/maarten-pelders-ist-unser-neuer-vertriebsingenieur-fuer-mich-ist-das-wichtigste-meine-versprechen-einzuhalten\/#breadcrumb","itemListElement":[{"@type":"ListItem","position":1,"name":"Home","item":"https:\/\/www.van-beek.nl\/de\/"},{"@type":"ListItem","position":2,"name":"Maarten Pelders ist unser neuer Vertriebsingenieur: \u201eF\u00fcr mich ist das Wichtigste, meine Versprechen einzuhalten\u201c"}]},{"@type":"WebSite","@id":"https:\/\/www.van-beek.nl\/de\/#website","url":"https:\/\/www.van-beek.nl\/de\/","name":"Van Beek Schroeftransport","description":"","publisher":{"@id":"https:\/\/www.van-beek.nl\/de\/#organization"},"potentialAction":[{"@type":"SearchAction","target":{"@type":"EntryPoint","urlTemplate":"https:\/\/www.van-beek.nl\/de\/?s={search_term_string}"},"query-input":{"@type":"PropertyValueSpecification","valueRequired":true,"valueName":"search_term_string"}}],"inLanguage":"de"},{"@type":"Organization","@id":"https:\/\/www.van-beek.nl\/de\/#organization","name":"Transportschroeven- en machinefabriek Van Beek B.V.","url":"https:\/\/www.van-beek.nl\/de\/","logo":{"@type":"ImageObject","inLanguage":"de","@id":"https:\/\/www.van-beek.nl\/de\/#\/schema\/logo\/image\/","url":"https:\/\/van-beek.nl\/wp-content\/uploads\/2020\/04\/VanBeek-logo.png","contentUrl":"https:\/\/van-beek.nl\/wp-content\/uploads\/2020\/04\/VanBeek-logo.png","width":116,"height":22,"caption":"Transportschroeven- en machinefabriek Van Beek B.V."},"image":{"@id":"https:\/\/www.van-beek.nl\/de\/#\/schema\/logo\/image\/"}},{"@type":"Person","@id":"https:\/\/www.van-beek.nl\/de\/#\/schema\/person\/1a0605f4f0a605c2997f2e484e274470","name":"Birgit","image":{"@type":"ImageObject","inLanguage":"de","@id":"https:\/\/secure.gravatar.com\/avatar\/02b3dab0a329e4add93a0160a1588896c20ecbe51cf814ca65eb69d16af71b4c?s=96&d=mm&r=g","url":"https:\/\/secure.gravatar.com\/avatar\/02b3dab0a329e4add93a0160a1588896c20ecbe51cf814ca65eb69d16af71b4c?s=96&d=mm&r=g","contentUrl":"https:\/\/secure.gravatar.com\/avatar\/02b3dab0a329e4add93a0160a1588896c20ecbe51cf814ca65eb69d16af71b4c?s=96&d=mm&r=g","caption":"Birgit"}}]}},"_links":{"self":[{"href":"https:\/\/www.van-beek.nl\/de\/wp-json\/wp\/v2\/posts\/12791","targetHints":{"allow":["GET"]}}],"collection":[{"href":"https:\/\/www.van-beek.nl\/de\/wp-json\/wp\/v2\/posts"}],"about":[{"href":"https:\/\/www.van-beek.nl\/de\/wp-json\/wp\/v2\/types\/post"}],"author":[{"embeddable":true,"href":"https:\/\/www.van-beek.nl\/de\/wp-json\/wp\/v2\/users\/5"}],"replies":[{"embeddable":true,"href":"https:\/\/www.van-beek.nl\/de\/wp-json\/wp\/v2\/comments?post=12791"}],"version-history":[{"count":1,"href":"https:\/\/www.van-beek.nl\/de\/wp-json\/wp\/v2\/posts\/12791\/revisions"}],"predecessor-version":[{"id":12793,"href":"https:\/\/www.van-beek.nl\/de\/wp-json\/wp\/v2\/posts\/12791\/revisions\/12793"}],"wp:featuredmedia":[{"embeddable":true,"href":"https:\/\/www.van-beek.nl\/de\/wp-json\/wp\/v2\/media\/12413"}],"wp:attachment":[{"href":"https:\/\/www.van-beek.nl\/de\/wp-json\/wp\/v2\/media?parent=12791"}],"wp:term":[{"taxonomy":"category","embeddable":true,"href":"https:\/\/www.van-beek.nl\/de\/wp-json\/wp\/v2\/categories?post=12791"},{"taxonomy":"post_tag","embeddable":true,"href":"https:\/\/www.van-beek.nl\/de\/wp-json\/wp\/v2\/tags?post=12791"}],"curies":[{"name":"wp","href":"https:\/\/api.w.org\/{rel}","templated":true}]}}