{"id":8573,"date":"2021-09-16T09:03:16","date_gmt":"2021-09-16T09:03:16","guid":{"rendered":"https:\/\/van-beek.nl\/bremat-holland-bv-fordert-vollstaendige-flexibilitaet-bei-seinen-schneckenfoerdersystemen\/"},"modified":"2021-09-16T09:03:16","modified_gmt":"2021-09-16T09:03:16","slug":"bremat-holland-bv-fordert-vollstaendige-flexibilitaet-bei-seinen-schneckenfoerdersystemen","status":"publish","type":"post","link":"https:\/\/www.van-beek.nl\/de\/bremat-holland-bv-fordert-vollstaendige-flexibilitaet-bei-seinen-schneckenfoerdersystemen\/","title":{"rendered":"Bremat Holland BV fordert vollst\u00e4ndige Flexibilit\u00e4t bei seinen Schneckenf\u00f6rdersystemen"},"content":{"rendered":"<p><img loading=\"lazy\" decoding=\"async\" src=\"https:\/\/van-beek.nl\/wp-content\/uploads\/newsimages\/1416316642-bremat.jpg\" border=\"0\" width=\"300\" height=\"225\" \/>Bremat aus &#8217;s-Hertogenbosch hat in den letzten Jahren regelm&auml;&szlig;ig mehrere F&ouml;rderschnecken f&uuml;r seine vollautomatischen, mobilen M&ouml;rtelanlagen erworben. Van Beek kann der schwankenden Nachfrage von Bremat aufgrund seiner Flexibilit&auml;t ohne Weiteres entsprechen und erm&ouml;glicht somit eine konstante Abnahme.<\/p>\n<p><strong>Die L&ouml;sung des Problems der schwankende Nachfrage<\/strong><\/p>\n<p>Bereits seit 22 Jahren bezieht Bremat seine F&ouml;rderschnecken bei Van Beek. Seit 2009 hat sich die Zusammenarbeit intensiviert. Herr Alexander Tinus, Vertriebsingenieur bei Bremat, erkl&auml;rt warum: &#8222;Wir haben uns seinerzeit f&uuml;r die F&ouml;rderschnecken von Van Beek entschieden, weil wir mit unserem derzeitigen F&ouml;rderschneckenlieferanten nicht zufrieden waren. Unser Bedarf hinsichtlich L&auml;nge und Antriebsart der ben&ouml;tigten F&ouml;rderschnecken gestaltete sich im Laufe der Jahre immer schwankender. Au&szlig;erdem stellen wir hohe Anforderungen an die Lieferzuverl&auml;ssigkeit, da im Durchschnitt jede Woche ein Lkw unser Werk verl&auml;sst und wir keine durch die F&ouml;rderschnecken verursachte Verz&ouml;gerung gebrauchen k&ouml;nnen. Herr Roel Kneepkens von Van Beek bot uns in dieser Hinsicht die perfekte L&ouml;sung. Wir sind bis heute hochzufrieden mit dem Service und der Flexibilit&auml;t von Van Beek&#8220;.<\/p>\n<p><strong><img loading=\"lazy\" decoding=\"async\" src=\"https:\/\/van-beek.nl\/wp-content\/uploads\/newsimages\/1416316642-bremat2.jpg\" border=\"0\" width=\"250\" height=\"333\" \/>Schneller, sicherer und staubfreier Transport von Zementpulver und EPS-Granulat<\/strong><\/p>\n<p>Bremat verwendet die Schneckenf&ouml;rderer f&uuml;r den schnellen, sicheren und staubfreien Transport von Zementpulver. Die F&ouml;rderer werden au&szlig;erdem f&uuml;r den Transport von EPS-Granulat, d. h. Polystyrolk&uuml;gelchen, verwendet. In den F&ouml;rderschnecken bleiben kaum R&uuml;ckst&auml;nde zur&uuml;ck und diese sind leicht zu reinigen. Ein weiterer Vorteil ist die lange Lebensdauer und der geringen Wartungsaufwand.<\/p>\n<p>Bei den Ausf&uuml;hrungen von Bremat handelt es sich um Trog- und Rohrf&ouml;rderer in verschiedenen L&auml;ngen; ma&szlig;gefertigt, aus Stahl mit einer schwarzen Beschichtung. Der Trogf&ouml;rderer dreht das Produkt aus dem Produktbereich und anschlie&szlig;end transportiert der Rohrf&ouml;rderer oder Rohrschneckenf&ouml;rderer das Produkt zum Mischer. In der Regel bestellt Bremat Serien von zehn St&uuml;ck. Herr Alexander Tinus betont: &#8222;Meine Erfahrungen mit Van Beek sind ausgezeichnet! Die Mitarbeiter von Van Beek denken mit uns mit und haben sich als fairer Partner erwiesen. Das steht f&uuml;r mich fest. Und das gilt nicht nur f&uuml;r den Vertrieb, sondern auch f&uuml;r die Mitarbeiter der Planung und der Arbeitsvorbereitung. Und &uuml;ber die Website von Van Beek k&ouml;nnen wir problemlos die &#8222;Ersatzteilliste&#8220; sowie die Zeichnungen der gelieferten F&ouml;rderer einsehen.&#8220;<\/p>\n<p><strong>&Uuml;ber Bremat Holland BV<\/strong><\/p>\n<p><strong><img loading=\"lazy\" decoding=\"async\" src=\"https:\/\/van-beek.nl\/wp-content\/uploads\/newsimages\/1416316642-bremat3.jpg\" border=\"0\" width=\"240\" height=\"320\" \/><\/strong>Bremat ist spezialisiert auf die Entwicklung und Herstellung von vollautomatischen, mobilen Anlagen zum Mischen und F&ouml;rdern von Sandzement- und selbstnivellierenden Bodenm&ouml;rteln. Au&szlig;erdem bietet Bremat L&ouml;sungen zum Mischen und F&ouml;rdern von unter anderem Schaumbeton und EPS-D&auml;mmm&ouml;rtel. Der Hauptsitz von Bremat befindet sich in &#8217;s-Hertogenbosch. Hier finden u. a. die Montage, der Service und die Entwicklung neuer Produkte statt. Dar&uuml;ber hinaus verf&uuml;gt Bremat &uuml;ber eine Niederlassung in Ungarn, wo die Teilefertigung sowie die Logistikaktivit&auml;ten, wie Lagerhaltung, Umschlag und internationale Transporte, angesiedelt sind.<\/p>\n<p>1963 brachte Bremat Holland BV als erstes Unternehmen eine Mischf&ouml;rdermaschine f&uuml;r Bodenm&ouml;rtel auf den Markt. Im Jahr 2000 entwickelte Bremat die erste Maschine f&uuml;r den automatischen Einbau und den Transport von herk&ouml;mmlichen Zementestrichen. 2004 wurde die erste vollautomatische Flie&szlig;m&ouml;rtelanlage zum Einbau von selbstnivellierenden Flie&szlig;estrichen fertiggestellt.<\/p>\n","protected":false},"excerpt":{"rendered":"<p>Bremat aus &#8217;s-Hertogenbosch hat in den letzten Jahren regelm&auml;&szlig;ig mehrere F&ouml;rderschnecken f&uuml;r seine vollautomatischen, mobilen M&ouml;rtelanlagen erworben. Van Beek kann der schwankenden Nachfrage von Bremat aufgrund seiner Flexibilit&auml;t ohne Weiteres entsprechen und erm&ouml;glicht somit eine konstante Abnahme.<\/p>\n","protected":false},"author":1,"featured_media":4737,"comment_status":"closed","ping_status":"closed","sticky":false,"template":"","format":"standard","meta":{"_acf_changed":false,"content-type":"","inline_featured_image":false,"footnotes":""},"categories":[19],"tags":[],"class_list":["post-8573","post","type-post","status-publish","format-standard","has-post-thumbnail","hentry","category-beek"],"acf":[],"yoast_head":"<!-- This site is optimized with the Yoast SEO plugin v27.5 - https:\/\/yoast.com\/product\/yoast-seo-wordpress\/ -->\n<title>Bremat Holland BV fordert vollst\u00e4ndige Flexibilit\u00e4t bei seinen Schneckenf\u00f6rdersystemen - Van Beek Schroeftransport<\/title>\n<meta name=\"robots\" content=\"index, follow, max-snippet:-1, max-image-preview:large, max-video-preview:-1\" \/>\n<link rel=\"canonical\" href=\"https:\/\/www.van-beek.nl\/de\/bremat-holland-bv-fordert-vollstaendige-flexibilitaet-bei-seinen-schneckenfoerdersystemen\/\" \/>\n<meta property=\"og:locale\" content=\"de_DE\" \/>\n<meta property=\"og:type\" content=\"article\" \/>\n<meta property=\"og:title\" content=\"Bremat Holland BV fordert vollst\u00e4ndige Flexibilit\u00e4t bei seinen Schneckenf\u00f6rdersystemen - Van Beek Schroeftransport\" \/>\n<meta property=\"og:description\" content=\"Bremat aus &#039;s-Hertogenbosch hat in den letzten Jahren regelm&auml;&szlig;ig mehrere F&ouml;rderschnecken f&uuml;r seine vollautomatischen, mobilen M&ouml;rtelanlagen erworben. Van Beek kann der schwankenden Nachfrage von Bremat aufgrund seiner Flexibilit&auml;t ohne Weiteres entsprechen und erm&ouml;glicht somit eine konstante Abnahme.\" \/>\n<meta property=\"og:url\" content=\"https:\/\/www.van-beek.nl\/de\/bremat-holland-bv-fordert-vollstaendige-flexibilitaet-bei-seinen-schneckenfoerdersystemen\/\" \/>\n<meta property=\"og:site_name\" content=\"Van Beek Schroeftransport\" \/>\n<meta property=\"article:published_time\" content=\"2021-09-16T09:03:16+00:00\" \/>\n<meta property=\"og:image\" content=\"https:\/\/www.van-beek.nl\/wp-content\/uploads\/2021\/04\/1416316515-bremat-small.jpg\" \/>\n\t<meta property=\"og:image:width\" content=\"150\" \/>\n\t<meta property=\"og:image:height\" content=\"150\" \/>\n\t<meta property=\"og:image:type\" content=\"image\/jpeg\" \/>\n<meta name=\"author\" content=\"janssen\" \/>\n<meta name=\"twitter:card\" content=\"summary_large_image\" \/>\n<meta name=\"twitter:label1\" content=\"Verfasst von\" \/>\n\t<meta name=\"twitter:data1\" content=\"janssen\" \/>\n\t<meta name=\"twitter:label2\" content=\"Gesch\u00e4tzte Lesezeit\" \/>\n\t<meta name=\"twitter:data2\" content=\"3\u00a0Minuten\" \/>\n<script type=\"application\/ld+json\" class=\"yoast-schema-graph\">{\"@context\":\"https:\\\/\\\/schema.org\",\"@graph\":[{\"@type\":\"Article\",\"@id\":\"https:\\\/\\\/www.van-beek.nl\\\/de\\\/bremat-holland-bv-fordert-vollstaendige-flexibilitaet-bei-seinen-schneckenfoerdersystemen\\\/#article\",\"isPartOf\":{\"@id\":\"https:\\\/\\\/www.van-beek.nl\\\/de\\\/bremat-holland-bv-fordert-vollstaendige-flexibilitaet-bei-seinen-schneckenfoerdersystemen\\\/\"},\"author\":{\"name\":\"janssen\",\"@id\":\"https:\\\/\\\/www.van-beek.nl\\\/de\\\/#\\\/schema\\\/person\\\/d9dfeecd72ae15b7f694c5972fe9dabb\"},\"headline\":\"Bremat Holland BV fordert vollst\u00e4ndige Flexibilit\u00e4t bei seinen Schneckenf\u00f6rdersystemen\",\"datePublished\":\"2021-09-16T09:03:16+00:00\",\"mainEntityOfPage\":{\"@id\":\"https:\\\/\\\/www.van-beek.nl\\\/de\\\/bremat-holland-bv-fordert-vollstaendige-flexibilitaet-bei-seinen-schneckenfoerdersystemen\\\/\"},\"wordCount\":611,\"publisher\":{\"@id\":\"https:\\\/\\\/www.van-beek.nl\\\/de\\\/#organization\"},\"image\":{\"@id\":\"https:\\\/\\\/www.van-beek.nl\\\/de\\\/bremat-holland-bv-fordert-vollstaendige-flexibilitaet-bei-seinen-schneckenfoerdersystemen\\\/#primaryimage\"},\"thumbnailUrl\":\"https:\\\/\\\/www.van-beek.nl\\\/wp-content\\\/uploads\\\/2021\\\/04\\\/1416316515-bremat-small.jpg\",\"articleSection\":[\"Beek\"],\"inLanguage\":\"de\"},{\"@type\":\"WebPage\",\"@id\":\"https:\\\/\\\/www.van-beek.nl\\\/de\\\/bremat-holland-bv-fordert-vollstaendige-flexibilitaet-bei-seinen-schneckenfoerdersystemen\\\/\",\"url\":\"https:\\\/\\\/www.van-beek.nl\\\/de\\\/bremat-holland-bv-fordert-vollstaendige-flexibilitaet-bei-seinen-schneckenfoerdersystemen\\\/\",\"name\":\"Bremat Holland BV fordert vollst\u00e4ndige Flexibilit\u00e4t bei seinen Schneckenf\u00f6rdersystemen - Van Beek Schroeftransport\",\"isPartOf\":{\"@id\":\"https:\\\/\\\/www.van-beek.nl\\\/de\\\/#website\"},\"primaryImageOfPage\":{\"@id\":\"https:\\\/\\\/www.van-beek.nl\\\/de\\\/bremat-holland-bv-fordert-vollstaendige-flexibilitaet-bei-seinen-schneckenfoerdersystemen\\\/#primaryimage\"},\"image\":{\"@id\":\"https:\\\/\\\/www.van-beek.nl\\\/de\\\/bremat-holland-bv-fordert-vollstaendige-flexibilitaet-bei-seinen-schneckenfoerdersystemen\\\/#primaryimage\"},\"thumbnailUrl\":\"https:\\\/\\\/www.van-beek.nl\\\/wp-content\\\/uploads\\\/2021\\\/04\\\/1416316515-bremat-small.jpg\",\"datePublished\":\"2021-09-16T09:03:16+00:00\",\"breadcrumb\":{\"@id\":\"https:\\\/\\\/www.van-beek.nl\\\/de\\\/bremat-holland-bv-fordert-vollstaendige-flexibilitaet-bei-seinen-schneckenfoerdersystemen\\\/#breadcrumb\"},\"inLanguage\":\"de\",\"potentialAction\":[{\"@type\":\"ReadAction\",\"target\":[\"https:\\\/\\\/www.van-beek.nl\\\/de\\\/bremat-holland-bv-fordert-vollstaendige-flexibilitaet-bei-seinen-schneckenfoerdersystemen\\\/\"]}]},{\"@type\":\"ImageObject\",\"inLanguage\":\"de\",\"@id\":\"https:\\\/\\\/www.van-beek.nl\\\/de\\\/bremat-holland-bv-fordert-vollstaendige-flexibilitaet-bei-seinen-schneckenfoerdersystemen\\\/#primaryimage\",\"url\":\"https:\\\/\\\/www.van-beek.nl\\\/wp-content\\\/uploads\\\/2021\\\/04\\\/1416316515-bremat-small.jpg\",\"contentUrl\":\"https:\\\/\\\/www.van-beek.nl\\\/wp-content\\\/uploads\\\/2021\\\/04\\\/1416316515-bremat-small.jpg\",\"width\":150,\"height\":150},{\"@type\":\"BreadcrumbList\",\"@id\":\"https:\\\/\\\/www.van-beek.nl\\\/de\\\/bremat-holland-bv-fordert-vollstaendige-flexibilitaet-bei-seinen-schneckenfoerdersystemen\\\/#breadcrumb\",\"itemListElement\":[{\"@type\":\"ListItem\",\"position\":1,\"name\":\"Home\",\"item\":\"https:\\\/\\\/www.van-beek.nl\\\/de\\\/\"},{\"@type\":\"ListItem\",\"position\":2,\"name\":\"Bremat Holland BV fordert vollst\u00e4ndige Flexibilit\u00e4t bei seinen Schneckenf\u00f6rdersystemen\"}]},{\"@type\":\"WebSite\",\"@id\":\"https:\\\/\\\/www.van-beek.nl\\\/de\\\/#website\",\"url\":\"https:\\\/\\\/www.van-beek.nl\\\/de\\\/\",\"name\":\"Van Beek Schroeftransport\",\"description\":\"\",\"publisher\":{\"@id\":\"https:\\\/\\\/www.van-beek.nl\\\/de\\\/#organization\"},\"potentialAction\":[{\"@type\":\"SearchAction\",\"target\":{\"@type\":\"EntryPoint\",\"urlTemplate\":\"https:\\\/\\\/www.van-beek.nl\\\/de\\\/?s={search_term_string}\"},\"query-input\":{\"@type\":\"PropertyValueSpecification\",\"valueRequired\":true,\"valueName\":\"search_term_string\"}}],\"inLanguage\":\"de\"},{\"@type\":\"Organization\",\"@id\":\"https:\\\/\\\/www.van-beek.nl\\\/de\\\/#organization\",\"name\":\"Transportschroeven- en machinefabriek Van Beek B.V.\",\"url\":\"https:\\\/\\\/www.van-beek.nl\\\/de\\\/\",\"logo\":{\"@type\":\"ImageObject\",\"inLanguage\":\"de\",\"@id\":\"https:\\\/\\\/www.van-beek.nl\\\/de\\\/#\\\/schema\\\/logo\\\/image\\\/\",\"url\":\"https:\\\/\\\/van-beek.nl\\\/wp-content\\\/uploads\\\/2020\\\/04\\\/VanBeek-logo.png\",\"contentUrl\":\"https:\\\/\\\/van-beek.nl\\\/wp-content\\\/uploads\\\/2020\\\/04\\\/VanBeek-logo.png\",\"width\":116,\"height\":22,\"caption\":\"Transportschroeven- en machinefabriek Van Beek B.V.\"},\"image\":{\"@id\":\"https:\\\/\\\/www.van-beek.nl\\\/de\\\/#\\\/schema\\\/logo\\\/image\\\/\"}},{\"@type\":\"Person\",\"@id\":\"https:\\\/\\\/www.van-beek.nl\\\/de\\\/#\\\/schema\\\/person\\\/d9dfeecd72ae15b7f694c5972fe9dabb\",\"name\":\"janssen\",\"image\":{\"@type\":\"ImageObject\",\"inLanguage\":\"de\",\"@id\":\"https:\\\/\\\/secure.gravatar.com\\\/avatar\\\/8a1fa2275de352d3a0754e90447a63ca38079c7fa3bed6dcd83dba675d80ab18?s=96&d=mm&r=g\",\"url\":\"https:\\\/\\\/secure.gravatar.com\\\/avatar\\\/8a1fa2275de352d3a0754e90447a63ca38079c7fa3bed6dcd83dba675d80ab18?s=96&d=mm&r=g\",\"contentUrl\":\"https:\\\/\\\/secure.gravatar.com\\\/avatar\\\/8a1fa2275de352d3a0754e90447a63ca38079c7fa3bed6dcd83dba675d80ab18?s=96&d=mm&r=g\",\"caption\":\"janssen\"}}]}<\/script>\n<!-- \/ Yoast SEO plugin. -->","yoast_head_json":{"title":"Bremat Holland BV fordert vollst\u00e4ndige Flexibilit\u00e4t bei seinen Schneckenf\u00f6rdersystemen - Van Beek Schroeftransport","robots":{"index":"index","follow":"follow","max-snippet":"max-snippet:-1","max-image-preview":"max-image-preview:large","max-video-preview":"max-video-preview:-1"},"canonical":"https:\/\/www.van-beek.nl\/de\/bremat-holland-bv-fordert-vollstaendige-flexibilitaet-bei-seinen-schneckenfoerdersystemen\/","og_locale":"de_DE","og_type":"article","og_title":"Bremat Holland BV fordert vollst\u00e4ndige Flexibilit\u00e4t bei seinen Schneckenf\u00f6rdersystemen - Van Beek Schroeftransport","og_description":"Bremat aus 's-Hertogenbosch hat in den letzten Jahren regelm&auml;&szlig;ig mehrere F&ouml;rderschnecken f&uuml;r seine vollautomatischen, mobilen M&ouml;rtelanlagen erworben. Van Beek kann der schwankenden Nachfrage von Bremat aufgrund seiner Flexibilit&auml;t ohne Weiteres entsprechen und erm&ouml;glicht somit eine konstante Abnahme.","og_url":"https:\/\/www.van-beek.nl\/de\/bremat-holland-bv-fordert-vollstaendige-flexibilitaet-bei-seinen-schneckenfoerdersystemen\/","og_site_name":"Van Beek Schroeftransport","article_published_time":"2021-09-16T09:03:16+00:00","og_image":[{"width":150,"height":150,"url":"https:\/\/www.van-beek.nl\/wp-content\/uploads\/2021\/04\/1416316515-bremat-small.jpg","type":"image\/jpeg"}],"author":"janssen","twitter_card":"summary_large_image","twitter_misc":{"Verfasst von":"janssen","Gesch\u00e4tzte Lesezeit":"3\u00a0Minuten"},"schema":{"@context":"https:\/\/schema.org","@graph":[{"@type":"Article","@id":"https:\/\/www.van-beek.nl\/de\/bremat-holland-bv-fordert-vollstaendige-flexibilitaet-bei-seinen-schneckenfoerdersystemen\/#article","isPartOf":{"@id":"https:\/\/www.van-beek.nl\/de\/bremat-holland-bv-fordert-vollstaendige-flexibilitaet-bei-seinen-schneckenfoerdersystemen\/"},"author":{"name":"janssen","@id":"https:\/\/www.van-beek.nl\/de\/#\/schema\/person\/d9dfeecd72ae15b7f694c5972fe9dabb"},"headline":"Bremat Holland BV fordert vollst\u00e4ndige Flexibilit\u00e4t bei seinen Schneckenf\u00f6rdersystemen","datePublished":"2021-09-16T09:03:16+00:00","mainEntityOfPage":{"@id":"https:\/\/www.van-beek.nl\/de\/bremat-holland-bv-fordert-vollstaendige-flexibilitaet-bei-seinen-schneckenfoerdersystemen\/"},"wordCount":611,"publisher":{"@id":"https:\/\/www.van-beek.nl\/de\/#organization"},"image":{"@id":"https:\/\/www.van-beek.nl\/de\/bremat-holland-bv-fordert-vollstaendige-flexibilitaet-bei-seinen-schneckenfoerdersystemen\/#primaryimage"},"thumbnailUrl":"https:\/\/www.van-beek.nl\/wp-content\/uploads\/2021\/04\/1416316515-bremat-small.jpg","articleSection":["Beek"],"inLanguage":"de"},{"@type":"WebPage","@id":"https:\/\/www.van-beek.nl\/de\/bremat-holland-bv-fordert-vollstaendige-flexibilitaet-bei-seinen-schneckenfoerdersystemen\/","url":"https:\/\/www.van-beek.nl\/de\/bremat-holland-bv-fordert-vollstaendige-flexibilitaet-bei-seinen-schneckenfoerdersystemen\/","name":"Bremat Holland BV fordert vollst\u00e4ndige Flexibilit\u00e4t bei seinen Schneckenf\u00f6rdersystemen - Van Beek Schroeftransport","isPartOf":{"@id":"https:\/\/www.van-beek.nl\/de\/#website"},"primaryImageOfPage":{"@id":"https:\/\/www.van-beek.nl\/de\/bremat-holland-bv-fordert-vollstaendige-flexibilitaet-bei-seinen-schneckenfoerdersystemen\/#primaryimage"},"image":{"@id":"https:\/\/www.van-beek.nl\/de\/bremat-holland-bv-fordert-vollstaendige-flexibilitaet-bei-seinen-schneckenfoerdersystemen\/#primaryimage"},"thumbnailUrl":"https:\/\/www.van-beek.nl\/wp-content\/uploads\/2021\/04\/1416316515-bremat-small.jpg","datePublished":"2021-09-16T09:03:16+00:00","breadcrumb":{"@id":"https:\/\/www.van-beek.nl\/de\/bremat-holland-bv-fordert-vollstaendige-flexibilitaet-bei-seinen-schneckenfoerdersystemen\/#breadcrumb"},"inLanguage":"de","potentialAction":[{"@type":"ReadAction","target":["https:\/\/www.van-beek.nl\/de\/bremat-holland-bv-fordert-vollstaendige-flexibilitaet-bei-seinen-schneckenfoerdersystemen\/"]}]},{"@type":"ImageObject","inLanguage":"de","@id":"https:\/\/www.van-beek.nl\/de\/bremat-holland-bv-fordert-vollstaendige-flexibilitaet-bei-seinen-schneckenfoerdersystemen\/#primaryimage","url":"https:\/\/www.van-beek.nl\/wp-content\/uploads\/2021\/04\/1416316515-bremat-small.jpg","contentUrl":"https:\/\/www.van-beek.nl\/wp-content\/uploads\/2021\/04\/1416316515-bremat-small.jpg","width":150,"height":150},{"@type":"BreadcrumbList","@id":"https:\/\/www.van-beek.nl\/de\/bremat-holland-bv-fordert-vollstaendige-flexibilitaet-bei-seinen-schneckenfoerdersystemen\/#breadcrumb","itemListElement":[{"@type":"ListItem","position":1,"name":"Home","item":"https:\/\/www.van-beek.nl\/de\/"},{"@type":"ListItem","position":2,"name":"Bremat Holland BV fordert vollst\u00e4ndige Flexibilit\u00e4t bei seinen Schneckenf\u00f6rdersystemen"}]},{"@type":"WebSite","@id":"https:\/\/www.van-beek.nl\/de\/#website","url":"https:\/\/www.van-beek.nl\/de\/","name":"Van Beek Schroeftransport","description":"","publisher":{"@id":"https:\/\/www.van-beek.nl\/de\/#organization"},"potentialAction":[{"@type":"SearchAction","target":{"@type":"EntryPoint","urlTemplate":"https:\/\/www.van-beek.nl\/de\/?s={search_term_string}"},"query-input":{"@type":"PropertyValueSpecification","valueRequired":true,"valueName":"search_term_string"}}],"inLanguage":"de"},{"@type":"Organization","@id":"https:\/\/www.van-beek.nl\/de\/#organization","name":"Transportschroeven- en machinefabriek Van Beek B.V.","url":"https:\/\/www.van-beek.nl\/de\/","logo":{"@type":"ImageObject","inLanguage":"de","@id":"https:\/\/www.van-beek.nl\/de\/#\/schema\/logo\/image\/","url":"https:\/\/van-beek.nl\/wp-content\/uploads\/2020\/04\/VanBeek-logo.png","contentUrl":"https:\/\/van-beek.nl\/wp-content\/uploads\/2020\/04\/VanBeek-logo.png","width":116,"height":22,"caption":"Transportschroeven- en machinefabriek Van Beek B.V."},"image":{"@id":"https:\/\/www.van-beek.nl\/de\/#\/schema\/logo\/image\/"}},{"@type":"Person","@id":"https:\/\/www.van-beek.nl\/de\/#\/schema\/person\/d9dfeecd72ae15b7f694c5972fe9dabb","name":"janssen","image":{"@type":"ImageObject","inLanguage":"de","@id":"https:\/\/secure.gravatar.com\/avatar\/8a1fa2275de352d3a0754e90447a63ca38079c7fa3bed6dcd83dba675d80ab18?s=96&d=mm&r=g","url":"https:\/\/secure.gravatar.com\/avatar\/8a1fa2275de352d3a0754e90447a63ca38079c7fa3bed6dcd83dba675d80ab18?s=96&d=mm&r=g","contentUrl":"https:\/\/secure.gravatar.com\/avatar\/8a1fa2275de352d3a0754e90447a63ca38079c7fa3bed6dcd83dba675d80ab18?s=96&d=mm&r=g","caption":"janssen"}}]}},"_links":{"self":[{"href":"https:\/\/www.van-beek.nl\/de\/wp-json\/wp\/v2\/posts\/8573","targetHints":{"allow":["GET"]}}],"collection":[{"href":"https:\/\/www.van-beek.nl\/de\/wp-json\/wp\/v2\/posts"}],"about":[{"href":"https:\/\/www.van-beek.nl\/de\/wp-json\/wp\/v2\/types\/post"}],"author":[{"embeddable":true,"href":"https:\/\/www.van-beek.nl\/de\/wp-json\/wp\/v2\/users\/1"}],"replies":[{"embeddable":true,"href":"https:\/\/www.van-beek.nl\/de\/wp-json\/wp\/v2\/comments?post=8573"}],"version-history":[{"count":1,"href":"https:\/\/www.van-beek.nl\/de\/wp-json\/wp\/v2\/posts\/8573\/revisions"}],"predecessor-version":[{"id":9113,"href":"https:\/\/www.van-beek.nl\/de\/wp-json\/wp\/v2\/posts\/8573\/revisions\/9113"}],"wp:featuredmedia":[{"embeddable":true,"href":"https:\/\/www.van-beek.nl\/de\/wp-json\/wp\/v2\/media\/4737"}],"wp:attachment":[{"href":"https:\/\/www.van-beek.nl\/de\/wp-json\/wp\/v2\/media?parent=8573"}],"wp:term":[{"taxonomy":"category","embeddable":true,"href":"https:\/\/www.van-beek.nl\/de\/wp-json\/wp\/v2\/categories?post=8573"},{"taxonomy":"post_tag","embeddable":true,"href":"https:\/\/www.van-beek.nl\/de\/wp-json\/wp\/v2\/tags?post=8573"}],"curies":[{"name":"wp","href":"https:\/\/api.w.org\/{rel}","templated":true}]}}