{"id":8615,"date":"2021-09-16T09:03:47","date_gmt":"2021-09-16T09:03:47","guid":{"rendered":"https:\/\/van-beek.nl\/dosierschnecke-von-van-beek-fuellt-verpackungen-perfekt\/"},"modified":"2024-01-18T14:47:28","modified_gmt":"2024-01-18T12:47:28","slug":"dosierschnecke-von-van-beek-fuellt-verpackungen-perfekt","status":"publish","type":"post","link":"https:\/\/www.van-beek.nl\/de\/dosierschnecke-von-van-beek-fuellt-verpackungen-perfekt\/","title":{"rendered":"Dosierschnecke von Van Beek f\u00fcllt Verpackungen perfekt"},"content":{"rendered":"<h3>Die Schnecke ist aufgrund von zus\u00e4tzlichen Optionen in allen Situationen einsetzbar<\/h3>\n<p><img loading=\"lazy\" decoding=\"async\" src=\"https:\/\/van-beek.nl\/wp-content\/uploads\/newsimages\/1473171250-doseerschroef_van_beek_vult_alles_perfect_af_400.jpg\" width=\"400\" height=\"248\" border=\"0\" \/>F\u00fcr das Bef\u00fcllen von Verpackungen, Flaschen, T\u00fcten oder Eimern im gro\u00dfen Ma\u00dfstab wird die Dosierschnecke von Van Beek bereits seit Jahrzehnten sehr gerne von Unternehmen in der Chemie- und Nahrungsmittelindustrie eingesetzt. Aufgrund der Erfahrungen, die bei Hunderten von Betrieben gesammelt wurden, hat Van Beek ein Standardmodell entwickelt. Aufgrund der einfach montierbaren Optionen l\u00e4sst sich dieses Modell in fast allen Situationen einsetzen.<\/p>\n<p><strong>Volumetrische oder gravimetrische Dosierung<\/strong><\/p>\n<p>Bei der volumetrischen Messung wird die Dosis anhand der Zahl der Umdrehungen bestimmt. Es gibt diverse M\u00f6glichkeiten zur Bestimmung, wie viele Umdrehungen die Schnecke machen muss. Bei Van Beek wird gemessen, welche Produktmenge bei jeder Umdrehung aus der Schnecke gelangt. Anschlie\u00dfend kann berechnet werden, wie viele Umdrehungen erforderlich sind, um die gew\u00fcnschte Menge zu erzielen. Die Schnecke wird entsprechend eingestellt.<\/p>\n<p>Bei leicht rieself\u00e4higen Produkten reicht diese Messung bereits. Bei klebrigen Produkten wie Mehl kann die gravimetrische Dosierung besser geeignet sein. Dann wird das Gewicht der Verpackung w\u00e4hrend der F\u00fcllung durch die Dosierschnecke von einem W\u00e4geband bestimmt. Das W\u00e4geband schickt der Schnecke ein Signal, sobald das gew\u00fcnschte Gewicht erreicht ist.<\/p>\n<p>Statt dem Gewicht der Verpackung kann auch das Gewicht der Dosieranlage gemessen werden (Dosierdifferenzial\/Loss in Weight). Dann bestimmt der Gewichtsverlust der Anlage die Dosierung.<\/p>\n<p><strong>Auch f\u00fcr Produkte mit schlechten Flie\u00dfeigenschaften geeignet<\/strong><\/p>\n<p>Eine Erweiterungsoption f\u00fcr schlecht rieself\u00e4hige Produkte ist ein R\u00fchrwerk mit eigenem Antrieb und fester Drehzahl. Es gew\u00e4hrleistet, dass die Schnecke optimal gef\u00fcllt ist, was insbesondere bei volumetrischen Anwendungen sehr wichtig ist. Die Dosierpr\u00e4zision bleibt so erhalten und ist reproduzierbar.<\/p>\n<p><strong>Schnellschlussklappe als weitere Option<\/strong><\/p>\n<p>Eine weitere m\u00f6gliche Erweiterung w\u00e4re eine pneumatisch bediente Schnellschlussklappe, die den Auslauf der Schnecke schlie\u00dft, sobald das gew\u00fcnschte Gewicht erreicht wurde.<\/p>\n<p><strong>Blitzschnell und dennoch pr\u00e4zise<\/strong><\/p>\n<p>Auch f\u00fcr die blitzschnelle und dennoch genaue Bef\u00fcllung gro\u00dfer Verpackungen bietet Van Beek eine L\u00f6sung: die doppelte Dosierschnecke. Eine gro\u00dfe Schnecke bringt das F\u00fcllgewicht auf z.\u00a0B. 19,5 kg und stoppt dann. Eine weitere, kleinere Schnecke erg\u00e4nzt das Gewicht dann pr\u00e4zise auf die gew\u00fcnschten 20 kg (im Beispiel).<\/p>\n<p><strong>\u00dcberall einsetzbar<\/strong><\/p>\n<p>Eine Dosierschnecke kann bei allen Verfahren, bei denen eine kontrollierte Zufuhr ben\u00f6tigt wird, zum Einsatz kommen. Die Dosierschnecken von Van Beek werden unter anderem in Kl\u00e4ranlagen verwendet, um Ausflockungsmittel beizuf\u00fcgen, in der Nahrungsmittelindustrie, um Salz, Zucker oder Gew\u00fcrze beizuf\u00fcgen, und in Ziegeleien zur Beigabe von Farbstoffen.<\/p>\n<p><strong>SpeedClean, Edelstahl und ATEX sind m\u00f6glich<\/strong><\/p>\n<p>Die Schneckendosierer sind aus Stahl oder Edelstahl AISI 304 oder AISI 316 lieferbar, ferner gibt es eine ATEX-Ausf\u00fchrung. Auf Wunsch kann die Schnecke herausnehmbar ausgef\u00fchrt werden, sodass die Reinigung im Handumdrehen erledigt ist und die Inspektion erleichtert wird. Au\u00dferdem ist die Schnecke dann gegen eine andere austauschbar, sodass der Dosierbereich der Maschine umfassend erweitert wird.<\/p>\n<p><strong>Wie eine gro\u00dfe K\u00fcchenmaschine<\/strong><\/p>\n<p>Van Beek bietet viele Standardmodelle f\u00fcr h\u00e4ufig vorkommende Einsatzbereiche. Die Modelle sind vielf\u00e4ltig anpassbar \u2013\u00a0 so ist die Schnecke z.\u00a0B. w\u00e4hlbar. Sie k\u00f6nnen zudem auf allerlei Weisen erweitert werden, z. B. mit einer Schnellschlussklappe, einem gr\u00f6\u00dferen Pufferbeh\u00e4lter und einem R\u00fchrwerk. Unser Sales Engineer Peter Verhoeven vergleicht die Schnecke gerne mit einer gro\u00dfen K\u00fcchenmaschine, die auf zahlreiche Weisen einsetzbar ist. Er beantwortet gerne Ihre Fragen \u00fcber den Einsatz von Dosierschnecken f\u00fcr Ihre Verfahren.<\/p>\n","protected":false},"excerpt":{"rendered":"<p>F&uuml;r das Bef&uuml;llen von Verpackungen, Flaschen, T&uuml;ten oder Eimern im gro&szlig;en Ma&szlig;stab wird die Dosierschnecke von Van Beek bereits seit Jahrzehnten sehr gerne von Unternehmen in der Chemie- und Nahrungsmittelindustrie eingesetzt. Aufgrund der Erfahrungen, die bei Hunderten von Betrieben gesammelt wurden, hat Van Beek ein Standardmodell entwickelt. Aufgrund der einfach montierbaren Optionen l&auml;sst sich dieses Modell in fast allen Situationen einsetzen.<\/p>\n","protected":false},"author":1,"featured_media":4977,"comment_status":"closed","ping_status":"closed","sticky":false,"template":"","format":"standard","meta":{"_acf_changed":false,"content-type":"","inline_featured_image":false,"footnotes":""},"categories":[29],"tags":[],"class_list":["post-8615","post","type-post","status-publish","format-standard","has-post-thumbnail","hentry","category-beek-de"],"acf":[],"yoast_head":"<!-- This site is optimized with the Yoast SEO plugin v27.5 - https:\/\/yoast.com\/product\/yoast-seo-wordpress\/ -->\n<title>Dosierschnecke von Van Beek f\u00fcllt Verpackungen perfekt - Van Beek Schroeftransport<\/title>\n<meta name=\"robots\" content=\"index, follow, max-snippet:-1, max-image-preview:large, max-video-preview:-1\" \/>\n<link rel=\"canonical\" href=\"https:\/\/www.van-beek.nl\/de\/dosierschnecke-von-van-beek-fuellt-verpackungen-perfekt\/\" \/>\n<meta property=\"og:locale\" content=\"de_DE\" \/>\n<meta property=\"og:type\" content=\"article\" \/>\n<meta property=\"og:title\" content=\"Dosierschnecke von Van Beek f\u00fcllt Verpackungen perfekt - Van Beek Schroeftransport\" \/>\n<meta property=\"og:description\" content=\"F&uuml;r das Bef&uuml;llen von Verpackungen, Flaschen, T&uuml;ten oder Eimern im gro&szlig;en Ma&szlig;stab wird die Dosierschnecke von Van Beek bereits seit Jahrzehnten sehr gerne von Unternehmen in der Chemie- und Nahrungsmittelindustrie eingesetzt. Aufgrund der Erfahrungen, die bei Hunderten von Betrieben gesammelt wurden, hat Van Beek ein Standardmodell entwickelt. Aufgrund der einfach montierbaren Optionen l&auml;sst sich dieses Modell in fast allen Situationen einsetzen.\" \/>\n<meta property=\"og:url\" content=\"https:\/\/www.van-beek.nl\/de\/dosierschnecke-von-van-beek-fuellt-verpackungen-perfekt\/\" \/>\n<meta property=\"og:site_name\" content=\"Van Beek Schroeftransport\" \/>\n<meta property=\"article:published_time\" content=\"2021-09-16T09:03:47+00:00\" \/>\n<meta property=\"article:modified_time\" content=\"2024-01-18T12:47:28+00:00\" \/>\n<meta property=\"og:image\" content=\"https:\/\/www.van-beek.nl\/wp-content\/uploads\/2021\/04\/1473170925-doseerschroef_van_beek_vult_alles_perfect_af_150x150.jpg\" \/>\n\t<meta property=\"og:image:width\" content=\"150\" \/>\n\t<meta property=\"og:image:height\" content=\"150\" \/>\n\t<meta property=\"og:image:type\" content=\"image\/jpeg\" \/>\n<meta name=\"author\" content=\"janssen\" \/>\n<meta name=\"twitter:card\" content=\"summary_large_image\" \/>\n<meta name=\"twitter:label1\" content=\"Verfasst von\" \/>\n\t<meta name=\"twitter:data1\" content=\"janssen\" \/>\n\t<meta name=\"twitter:label2\" content=\"Gesch\u00e4tzte Lesezeit\" \/>\n\t<meta name=\"twitter:data2\" content=\"3\u00a0Minuten\" \/>\n<script type=\"application\/ld+json\" class=\"yoast-schema-graph\">{\"@context\":\"https:\\\/\\\/schema.org\",\"@graph\":[{\"@type\":\"Article\",\"@id\":\"https:\\\/\\\/www.van-beek.nl\\\/de\\\/dosierschnecke-von-van-beek-fuellt-verpackungen-perfekt\\\/#article\",\"isPartOf\":{\"@id\":\"https:\\\/\\\/www.van-beek.nl\\\/de\\\/dosierschnecke-von-van-beek-fuellt-verpackungen-perfekt\\\/\"},\"author\":{\"name\":\"janssen\",\"@id\":\"https:\\\/\\\/www.van-beek.nl\\\/de\\\/#\\\/schema\\\/person\\\/d9dfeecd72ae15b7f694c5972fe9dabb\"},\"headline\":\"Dosierschnecke von Van Beek f\u00fcllt Verpackungen perfekt\",\"datePublished\":\"2021-09-16T09:03:47+00:00\",\"dateModified\":\"2024-01-18T12:47:28+00:00\",\"mainEntityOfPage\":{\"@id\":\"https:\\\/\\\/www.van-beek.nl\\\/de\\\/dosierschnecke-von-van-beek-fuellt-verpackungen-perfekt\\\/\"},\"wordCount\":582,\"publisher\":{\"@id\":\"https:\\\/\\\/www.van-beek.nl\\\/de\\\/#organization\"},\"image\":{\"@id\":\"https:\\\/\\\/www.van-beek.nl\\\/de\\\/dosierschnecke-von-van-beek-fuellt-verpackungen-perfekt\\\/#primaryimage\"},\"thumbnailUrl\":\"https:\\\/\\\/www.van-beek.nl\\\/wp-content\\\/uploads\\\/2021\\\/04\\\/1473170925-doseerschroef_van_beek_vult_alles_perfect_af_150x150.jpg\",\"articleSection\":[\"Beek\"],\"inLanguage\":\"de\"},{\"@type\":\"WebPage\",\"@id\":\"https:\\\/\\\/www.van-beek.nl\\\/de\\\/dosierschnecke-von-van-beek-fuellt-verpackungen-perfekt\\\/\",\"url\":\"https:\\\/\\\/www.van-beek.nl\\\/de\\\/dosierschnecke-von-van-beek-fuellt-verpackungen-perfekt\\\/\",\"name\":\"Dosierschnecke von Van Beek f\u00fcllt Verpackungen perfekt - Van Beek Schroeftransport\",\"isPartOf\":{\"@id\":\"https:\\\/\\\/www.van-beek.nl\\\/de\\\/#website\"},\"primaryImageOfPage\":{\"@id\":\"https:\\\/\\\/www.van-beek.nl\\\/de\\\/dosierschnecke-von-van-beek-fuellt-verpackungen-perfekt\\\/#primaryimage\"},\"image\":{\"@id\":\"https:\\\/\\\/www.van-beek.nl\\\/de\\\/dosierschnecke-von-van-beek-fuellt-verpackungen-perfekt\\\/#primaryimage\"},\"thumbnailUrl\":\"https:\\\/\\\/www.van-beek.nl\\\/wp-content\\\/uploads\\\/2021\\\/04\\\/1473170925-doseerschroef_van_beek_vult_alles_perfect_af_150x150.jpg\",\"datePublished\":\"2021-09-16T09:03:47+00:00\",\"dateModified\":\"2024-01-18T12:47:28+00:00\",\"breadcrumb\":{\"@id\":\"https:\\\/\\\/www.van-beek.nl\\\/de\\\/dosierschnecke-von-van-beek-fuellt-verpackungen-perfekt\\\/#breadcrumb\"},\"inLanguage\":\"de\",\"potentialAction\":[{\"@type\":\"ReadAction\",\"target\":[\"https:\\\/\\\/www.van-beek.nl\\\/de\\\/dosierschnecke-von-van-beek-fuellt-verpackungen-perfekt\\\/\"]}]},{\"@type\":\"ImageObject\",\"inLanguage\":\"de\",\"@id\":\"https:\\\/\\\/www.van-beek.nl\\\/de\\\/dosierschnecke-von-van-beek-fuellt-verpackungen-perfekt\\\/#primaryimage\",\"url\":\"https:\\\/\\\/www.van-beek.nl\\\/wp-content\\\/uploads\\\/2021\\\/04\\\/1473170925-doseerschroef_van_beek_vult_alles_perfect_af_150x150.jpg\",\"contentUrl\":\"https:\\\/\\\/www.van-beek.nl\\\/wp-content\\\/uploads\\\/2021\\\/04\\\/1473170925-doseerschroef_van_beek_vult_alles_perfect_af_150x150.jpg\",\"width\":150,\"height\":150},{\"@type\":\"BreadcrumbList\",\"@id\":\"https:\\\/\\\/www.van-beek.nl\\\/de\\\/dosierschnecke-von-van-beek-fuellt-verpackungen-perfekt\\\/#breadcrumb\",\"itemListElement\":[{\"@type\":\"ListItem\",\"position\":1,\"name\":\"Home\",\"item\":\"https:\\\/\\\/www.van-beek.nl\\\/de\\\/\"},{\"@type\":\"ListItem\",\"position\":2,\"name\":\"Dosierschnecke von Van Beek f\u00fcllt Verpackungen perfekt\"}]},{\"@type\":\"WebSite\",\"@id\":\"https:\\\/\\\/www.van-beek.nl\\\/de\\\/#website\",\"url\":\"https:\\\/\\\/www.van-beek.nl\\\/de\\\/\",\"name\":\"Van Beek Schroeftransport\",\"description\":\"\",\"publisher\":{\"@id\":\"https:\\\/\\\/www.van-beek.nl\\\/de\\\/#organization\"},\"potentialAction\":[{\"@type\":\"SearchAction\",\"target\":{\"@type\":\"EntryPoint\",\"urlTemplate\":\"https:\\\/\\\/www.van-beek.nl\\\/de\\\/?s={search_term_string}\"},\"query-input\":{\"@type\":\"PropertyValueSpecification\",\"valueRequired\":true,\"valueName\":\"search_term_string\"}}],\"inLanguage\":\"de\"},{\"@type\":\"Organization\",\"@id\":\"https:\\\/\\\/www.van-beek.nl\\\/de\\\/#organization\",\"name\":\"Transportschroeven- en machinefabriek Van Beek B.V.\",\"url\":\"https:\\\/\\\/www.van-beek.nl\\\/de\\\/\",\"logo\":{\"@type\":\"ImageObject\",\"inLanguage\":\"de\",\"@id\":\"https:\\\/\\\/www.van-beek.nl\\\/de\\\/#\\\/schema\\\/logo\\\/image\\\/\",\"url\":\"https:\\\/\\\/van-beek.nl\\\/wp-content\\\/uploads\\\/2020\\\/04\\\/VanBeek-logo.png\",\"contentUrl\":\"https:\\\/\\\/van-beek.nl\\\/wp-content\\\/uploads\\\/2020\\\/04\\\/VanBeek-logo.png\",\"width\":116,\"height\":22,\"caption\":\"Transportschroeven- en machinefabriek Van Beek B.V.\"},\"image\":{\"@id\":\"https:\\\/\\\/www.van-beek.nl\\\/de\\\/#\\\/schema\\\/logo\\\/image\\\/\"}},{\"@type\":\"Person\",\"@id\":\"https:\\\/\\\/www.van-beek.nl\\\/de\\\/#\\\/schema\\\/person\\\/d9dfeecd72ae15b7f694c5972fe9dabb\",\"name\":\"janssen\",\"image\":{\"@type\":\"ImageObject\",\"inLanguage\":\"de\",\"@id\":\"https:\\\/\\\/secure.gravatar.com\\\/avatar\\\/8a1fa2275de352d3a0754e90447a63ca38079c7fa3bed6dcd83dba675d80ab18?s=96&d=mm&r=g\",\"url\":\"https:\\\/\\\/secure.gravatar.com\\\/avatar\\\/8a1fa2275de352d3a0754e90447a63ca38079c7fa3bed6dcd83dba675d80ab18?s=96&d=mm&r=g\",\"contentUrl\":\"https:\\\/\\\/secure.gravatar.com\\\/avatar\\\/8a1fa2275de352d3a0754e90447a63ca38079c7fa3bed6dcd83dba675d80ab18?s=96&d=mm&r=g\",\"caption\":\"janssen\"}}]}<\/script>\n<!-- \/ Yoast SEO plugin. -->","yoast_head_json":{"title":"Dosierschnecke von Van Beek f\u00fcllt Verpackungen perfekt - Van Beek Schroeftransport","robots":{"index":"index","follow":"follow","max-snippet":"max-snippet:-1","max-image-preview":"max-image-preview:large","max-video-preview":"max-video-preview:-1"},"canonical":"https:\/\/www.van-beek.nl\/de\/dosierschnecke-von-van-beek-fuellt-verpackungen-perfekt\/","og_locale":"de_DE","og_type":"article","og_title":"Dosierschnecke von Van Beek f\u00fcllt Verpackungen perfekt - Van Beek Schroeftransport","og_description":"F&uuml;r das Bef&uuml;llen von Verpackungen, Flaschen, T&uuml;ten oder Eimern im gro&szlig;en Ma&szlig;stab wird die Dosierschnecke von Van Beek bereits seit Jahrzehnten sehr gerne von Unternehmen in der Chemie- und Nahrungsmittelindustrie eingesetzt. Aufgrund der Erfahrungen, die bei Hunderten von Betrieben gesammelt wurden, hat Van Beek ein Standardmodell entwickelt. Aufgrund der einfach montierbaren Optionen l&auml;sst sich dieses Modell in fast allen Situationen einsetzen.","og_url":"https:\/\/www.van-beek.nl\/de\/dosierschnecke-von-van-beek-fuellt-verpackungen-perfekt\/","og_site_name":"Van Beek Schroeftransport","article_published_time":"2021-09-16T09:03:47+00:00","article_modified_time":"2024-01-18T12:47:28+00:00","og_image":[{"width":150,"height":150,"url":"https:\/\/www.van-beek.nl\/wp-content\/uploads\/2021\/04\/1473170925-doseerschroef_van_beek_vult_alles_perfect_af_150x150.jpg","type":"image\/jpeg"}],"author":"janssen","twitter_card":"summary_large_image","twitter_misc":{"Verfasst von":"janssen","Gesch\u00e4tzte Lesezeit":"3\u00a0Minuten"},"schema":{"@context":"https:\/\/schema.org","@graph":[{"@type":"Article","@id":"https:\/\/www.van-beek.nl\/de\/dosierschnecke-von-van-beek-fuellt-verpackungen-perfekt\/#article","isPartOf":{"@id":"https:\/\/www.van-beek.nl\/de\/dosierschnecke-von-van-beek-fuellt-verpackungen-perfekt\/"},"author":{"name":"janssen","@id":"https:\/\/www.van-beek.nl\/de\/#\/schema\/person\/d9dfeecd72ae15b7f694c5972fe9dabb"},"headline":"Dosierschnecke von Van Beek f\u00fcllt Verpackungen perfekt","datePublished":"2021-09-16T09:03:47+00:00","dateModified":"2024-01-18T12:47:28+00:00","mainEntityOfPage":{"@id":"https:\/\/www.van-beek.nl\/de\/dosierschnecke-von-van-beek-fuellt-verpackungen-perfekt\/"},"wordCount":582,"publisher":{"@id":"https:\/\/www.van-beek.nl\/de\/#organization"},"image":{"@id":"https:\/\/www.van-beek.nl\/de\/dosierschnecke-von-van-beek-fuellt-verpackungen-perfekt\/#primaryimage"},"thumbnailUrl":"https:\/\/www.van-beek.nl\/wp-content\/uploads\/2021\/04\/1473170925-doseerschroef_van_beek_vult_alles_perfect_af_150x150.jpg","articleSection":["Beek"],"inLanguage":"de"},{"@type":"WebPage","@id":"https:\/\/www.van-beek.nl\/de\/dosierschnecke-von-van-beek-fuellt-verpackungen-perfekt\/","url":"https:\/\/www.van-beek.nl\/de\/dosierschnecke-von-van-beek-fuellt-verpackungen-perfekt\/","name":"Dosierschnecke von Van Beek f\u00fcllt Verpackungen perfekt - Van Beek Schroeftransport","isPartOf":{"@id":"https:\/\/www.van-beek.nl\/de\/#website"},"primaryImageOfPage":{"@id":"https:\/\/www.van-beek.nl\/de\/dosierschnecke-von-van-beek-fuellt-verpackungen-perfekt\/#primaryimage"},"image":{"@id":"https:\/\/www.van-beek.nl\/de\/dosierschnecke-von-van-beek-fuellt-verpackungen-perfekt\/#primaryimage"},"thumbnailUrl":"https:\/\/www.van-beek.nl\/wp-content\/uploads\/2021\/04\/1473170925-doseerschroef_van_beek_vult_alles_perfect_af_150x150.jpg","datePublished":"2021-09-16T09:03:47+00:00","dateModified":"2024-01-18T12:47:28+00:00","breadcrumb":{"@id":"https:\/\/www.van-beek.nl\/de\/dosierschnecke-von-van-beek-fuellt-verpackungen-perfekt\/#breadcrumb"},"inLanguage":"de","potentialAction":[{"@type":"ReadAction","target":["https:\/\/www.van-beek.nl\/de\/dosierschnecke-von-van-beek-fuellt-verpackungen-perfekt\/"]}]},{"@type":"ImageObject","inLanguage":"de","@id":"https:\/\/www.van-beek.nl\/de\/dosierschnecke-von-van-beek-fuellt-verpackungen-perfekt\/#primaryimage","url":"https:\/\/www.van-beek.nl\/wp-content\/uploads\/2021\/04\/1473170925-doseerschroef_van_beek_vult_alles_perfect_af_150x150.jpg","contentUrl":"https:\/\/www.van-beek.nl\/wp-content\/uploads\/2021\/04\/1473170925-doseerschroef_van_beek_vult_alles_perfect_af_150x150.jpg","width":150,"height":150},{"@type":"BreadcrumbList","@id":"https:\/\/www.van-beek.nl\/de\/dosierschnecke-von-van-beek-fuellt-verpackungen-perfekt\/#breadcrumb","itemListElement":[{"@type":"ListItem","position":1,"name":"Home","item":"https:\/\/www.van-beek.nl\/de\/"},{"@type":"ListItem","position":2,"name":"Dosierschnecke von Van Beek f\u00fcllt Verpackungen perfekt"}]},{"@type":"WebSite","@id":"https:\/\/www.van-beek.nl\/de\/#website","url":"https:\/\/www.van-beek.nl\/de\/","name":"Van Beek Schroeftransport","description":"","publisher":{"@id":"https:\/\/www.van-beek.nl\/de\/#organization"},"potentialAction":[{"@type":"SearchAction","target":{"@type":"EntryPoint","urlTemplate":"https:\/\/www.van-beek.nl\/de\/?s={search_term_string}"},"query-input":{"@type":"PropertyValueSpecification","valueRequired":true,"valueName":"search_term_string"}}],"inLanguage":"de"},{"@type":"Organization","@id":"https:\/\/www.van-beek.nl\/de\/#organization","name":"Transportschroeven- en machinefabriek Van Beek B.V.","url":"https:\/\/www.van-beek.nl\/de\/","logo":{"@type":"ImageObject","inLanguage":"de","@id":"https:\/\/www.van-beek.nl\/de\/#\/schema\/logo\/image\/","url":"https:\/\/van-beek.nl\/wp-content\/uploads\/2020\/04\/VanBeek-logo.png","contentUrl":"https:\/\/van-beek.nl\/wp-content\/uploads\/2020\/04\/VanBeek-logo.png","width":116,"height":22,"caption":"Transportschroeven- en machinefabriek Van Beek B.V."},"image":{"@id":"https:\/\/www.van-beek.nl\/de\/#\/schema\/logo\/image\/"}},{"@type":"Person","@id":"https:\/\/www.van-beek.nl\/de\/#\/schema\/person\/d9dfeecd72ae15b7f694c5972fe9dabb","name":"janssen","image":{"@type":"ImageObject","inLanguage":"de","@id":"https:\/\/secure.gravatar.com\/avatar\/8a1fa2275de352d3a0754e90447a63ca38079c7fa3bed6dcd83dba675d80ab18?s=96&d=mm&r=g","url":"https:\/\/secure.gravatar.com\/avatar\/8a1fa2275de352d3a0754e90447a63ca38079c7fa3bed6dcd83dba675d80ab18?s=96&d=mm&r=g","contentUrl":"https:\/\/secure.gravatar.com\/avatar\/8a1fa2275de352d3a0754e90447a63ca38079c7fa3bed6dcd83dba675d80ab18?s=96&d=mm&r=g","caption":"janssen"}}]}},"_links":{"self":[{"href":"https:\/\/www.van-beek.nl\/de\/wp-json\/wp\/v2\/posts\/8615","targetHints":{"allow":["GET"]}}],"collection":[{"href":"https:\/\/www.van-beek.nl\/de\/wp-json\/wp\/v2\/posts"}],"about":[{"href":"https:\/\/www.van-beek.nl\/de\/wp-json\/wp\/v2\/types\/post"}],"author":[{"embeddable":true,"href":"https:\/\/www.van-beek.nl\/de\/wp-json\/wp\/v2\/users\/1"}],"replies":[{"embeddable":true,"href":"https:\/\/www.van-beek.nl\/de\/wp-json\/wp\/v2\/comments?post=8615"}],"version-history":[{"count":2,"href":"https:\/\/www.van-beek.nl\/de\/wp-json\/wp\/v2\/posts\/8615\/revisions"}],"predecessor-version":[{"id":12111,"href":"https:\/\/www.van-beek.nl\/de\/wp-json\/wp\/v2\/posts\/8615\/revisions\/12111"}],"wp:featuredmedia":[{"embeddable":true,"href":"https:\/\/www.van-beek.nl\/de\/wp-json\/wp\/v2\/media\/4977"}],"wp:attachment":[{"href":"https:\/\/www.van-beek.nl\/de\/wp-json\/wp\/v2\/media?parent=8615"}],"wp:term":[{"taxonomy":"category","embeddable":true,"href":"https:\/\/www.van-beek.nl\/de\/wp-json\/wp\/v2\/categories?post=8615"},{"taxonomy":"post_tag","embeddable":true,"href":"https:\/\/www.van-beek.nl\/de\/wp-json\/wp\/v2\/tags?post=8615"}],"curies":[{"name":"wp","href":"https:\/\/api.w.org\/{rel}","templated":true}]}}