{"id":8632,"date":"2021-09-16T09:03:59","date_gmt":"2021-09-16T09:03:59","guid":{"rendered":"https:\/\/van-beek.nl\/neuer-deutscher-vertreter-fuer-zunehmende-nachfrage-nach-dino\/"},"modified":"2021-09-29T09:14:26","modified_gmt":"2021-09-29T09:14:26","slug":"neuer-deutscher-vertreter-fuer-zunehmende-nachfrage-nach-dino","status":"publish","type":"post","link":"https:\/\/www.van-beek.nl\/de\/neuer-deutscher-vertreter-fuer-zunehmende-nachfrage-nach-dino\/","title":{"rendered":"Neuer deutscher Vertreter f\u00fcr zunehmende Nachfrage nach Dino"},"content":{"rendered":"<h3><em>\u201eDie mobile Silowagenf\u00fcllanlage von Van Beek erweist sich immer noch als die beste\u201c<\/em><\/h3>\n<p><img loading=\"lazy\" decoding=\"async\" src=\"https:\/\/van-beek.nl\/wp-content\/uploads\/newsimages\/1499067878-Frank_muler.jpg\" width=\"300\" height=\"450\" border=\"0\" \/>Immer h\u00e4ufiger werden Speditionen gefragt, ob sie auch die Lager- und Verladeverfahren ihrer Kunden \u00fcbernehmen k\u00f6nnten. Dies passiert auch in Deutschland, \u00d6sterreich und der Schweiz. Daher w\u00e4chst in diesen L\u00e4ndern die Nachfrage nach unserer mobilen Silowagenf\u00fcllanlage, dem Dino.<\/p>\n<p>Wir haben bereits einige Zeit einen Vertreter gesucht, der genug wei\u00df, um unsere deutschsprachigen Kunden bedienen zu k\u00f6nnen. Wir haben ihn jetzt in Frank M\u00fcller gefunden. Er ist ein alter Bekannter von Van Beek. Seiner Meinung nach hat der Dino in seinem Einsatzgebiet Deutschland, \u00d6sterreich und der Schweiz gro\u00dfe Chancen.<\/p>\n<p><strong>Erfahrungen mit dem Dino<\/strong><\/p>\n<p><strong>\u00a0<\/strong><\/p>\n<p>Frank M\u00fcller hat die deutschsprachigen M\u00e4rkte bereits 1998 bis 2001 als Vertreter von Van Beek bedient. In dieser Zeit hat er mehrere Dinos verkauft. \u201eEiner der ersten Dinos, den ich verkauft habe, wurde vor kurzem general\u00fcberholt und ist in der N\u00e4he meines Wohnorts Kempen noch immer im Einsatz\u201c, berichtet er. Damals \u00fcberstieg jedoch das Angebot die Nachfrage, daher gingen Van Beek und Frank M\u00fcller getrennte Wege.<\/p>\n<p><strong>Steigende Nachfrage<\/strong><strong>\u00a0<\/strong><\/p>\n<p>Aufgrund der steigenden Nachfrage in Deutschland bedient M\u00fcller derzeit wieder die deutschsprachigen M\u00e4rkte. Er konzentriert sich dabei auf den Dino. Er sieht in diversen Absatzgebieten gro\u00dfe Chancen f\u00fcr die mobile Silowagenf\u00fcllanlage. \u201eDie wichtigste Entwicklung ist jedoch, dass Spediteure immer h\u00e4ufiger gefragt werden, ob sie auch die Lager- und Verladeverfahren ihrer Kunden \u00fcbernehmen k\u00f6nnten. Dabei geht es z.\u00a0B. um die Verladung von S\u00e4cken oder Bigbags in Silofahrzeuge oder Seecontainer. Daf\u00fcr bietet der Dino nat\u00fcrlich die ideale L\u00f6sung.\u201c<\/p>\n<p><strong>Immer noch der beste<\/strong><\/p>\n<p><strong>\u00a0<\/strong><\/p>\n<p>Bevor Frank M\u00fcller sich an Van Beek gewandt hat, wollte er erst untersuchen, ob es vielleicht andere, bessere L\u00f6sungen gibt. \u201eDer Dino ist jedoch immer noch das absolute Spitzenprodukt aufgrund seiner Vorteile wie der hohen F\u00fcllgeschwindigkeit, der riesigen Flexibilit\u00e4t, einfachen Reinigung und dem g\u00fcnstigen Preis.\u201c<\/p>\n<p><strong>Die \u00dcberzeugungskraft Hunderter Praxisbeispiele<\/strong><\/p>\n<p><strong>\u00a0<\/strong><\/p>\n<p><img loading=\"lazy\" decoding=\"async\" src=\"https:\/\/van-beek.nl\/wp-content\/uploads\/newsimages\/1499067878-Agents_world_wide.jpg\" width=\"330\" height=\"180\" border=\"0\" \/>\u201eWeltweit werden bereits \u00fcber 350 Dinos in der Industrie und bei Umschlagbetrieben eingesetzt. Dies ist ein reichhaltiger Schatz an praktischen Beispielen, mit denen ich potentielle Kunden aus fast allen Branchen von den Vorteilen von Van Beek \u00fcberzeugen kann.\u201c<\/p>\n<p>Mit dem neuen Teammitglied Frank M\u00fcller k\u00f6nnen wir unsere deutschsprachigen Kunden besser und schneller bedienen. Sie erreichen Frank M\u00fcller unter +49 (0) 2152 551634 (Festnetz), +49 (0) 172 2877 959 (Handy) oder \u00fcber <a href=\"mailto:dino@schneckenmueller.com\">dino@schneckenmueller.com<\/a>.<\/p>\n<p><strong>M\u00f6chten Sie auch Dino-Vertreter werden?<\/strong><br \/>\nVan Beek arbeitet gerne mit Vertretern zusammen, um Sprachbarrieren zu \u00fcberwinden und den Dino weltweit verf\u00fcgbar zu machen. Auf allen Kontinenten \u00fcbernehmen derzeit Spediteure die Lager- und Umschlagprozesse ihrer Kunden. Daher suchen diese Unternehmen \u00fcberall Wege zu einer kosteneffizienten und mobilen L\u00f6sung, die sich bereits vielfach in der Praxis bew\u00e4hrt hat.<\/p>\n<p>Wir begr\u00fc\u00dfen daher mit gro\u00dfer Freude neue L\u00e4nder und neue Vertreter, um dem Dino neue Eroberungen zu erm\u00f6glichen. W\u00e4ren Sie daran interessiert, Dino-Vertreter zu werden und verf\u00fcgen Sie \u00fcber die erforderlichen technischen Erfahrungen? <a href=\"http:\/\/www.dinobulktruckloader.com\/NL\/contact.php\">Wenden Sie sich dann<\/a> an unseren Mitarbeiter Mr. Bulktruckloader: Roel Kneepkens.<\/p>\n<p><strong>Weitere Dino-Entwicklungen<\/strong><\/p>\n<p>&nbsp;<\/p>\n<p>M\u00f6chten Sie sich zun\u00e4chst n\u00e4her \u00fcber den Dino informieren? Schauen Sie sich dann bei <a href=\"http:\/\/www.dino.nl\/\">www.dino.nl<\/a> um oder verfolgen Sie die neuesten Entwicklungen zum Dino auf der Facebook-Seite von <a href=\"https:\/\/www.facebook.com\/mrbulktruckload\/\">Mr. Bulk truck loader<\/a>.<\/p>\n","protected":false},"excerpt":{"rendered":"<p>Immer h&auml;ufiger werden Speditionen gefragt, ob sie auch die Lager- und Verladeverfahren ihrer Kunden &uuml;bernehmen k&ouml;nnten. Dies passiert auch in Deutschland, &Ouml;sterreich und der Schweiz. Daher w&auml;chst in diesen L&auml;ndern die Nachfrage nach unserer mobilen Silowagenf&uuml;llanlage, dem Dino.<strong><\/strong><\/p>\n","protected":false},"author":1,"featured_media":5053,"comment_status":"closed","ping_status":"closed","sticky":false,"template":"","format":"standard","meta":{"_acf_changed":false,"content-type":"","inline_featured_image":false,"footnotes":""},"categories":[31],"tags":[],"class_list":["post-8632","post","type-post","status-publish","format-standard","has-post-thumbnail","hentry","category-dino-de"],"acf":[],"yoast_head":"<!-- This site is optimized with the Yoast SEO plugin v27.5 - https:\/\/yoast.com\/product\/yoast-seo-wordpress\/ -->\n<title>Neuer deutscher Vertreter f\u00fcr zunehmende Nachfrage nach Dino - Van Beek Schroeftransport<\/title>\n<meta name=\"robots\" content=\"index, follow, max-snippet:-1, max-image-preview:large, max-video-preview:-1\" \/>\n<link rel=\"canonical\" href=\"https:\/\/www.van-beek.nl\/de\/neuer-deutscher-vertreter-fuer-zunehmende-nachfrage-nach-dino\/\" \/>\n<meta property=\"og:locale\" content=\"de_DE\" \/>\n<meta property=\"og:type\" content=\"article\" \/>\n<meta property=\"og:title\" content=\"Neuer deutscher Vertreter f\u00fcr zunehmende Nachfrage nach Dino - Van Beek Schroeftransport\" \/>\n<meta property=\"og:description\" content=\"Immer h&auml;ufiger werden Speditionen gefragt, ob sie auch die Lager- und Verladeverfahren ihrer Kunden &uuml;bernehmen k&ouml;nnten. Dies passiert auch in Deutschland, &Ouml;sterreich und der Schweiz. Daher w&auml;chst in diesen L&auml;ndern die Nachfrage nach unserer mobilen Silowagenf&uuml;llanlage, dem Dino.\" \/>\n<meta property=\"og:url\" content=\"https:\/\/www.van-beek.nl\/de\/neuer-deutscher-vertreter-fuer-zunehmende-nachfrage-nach-dino\/\" \/>\n<meta property=\"og:site_name\" content=\"Van Beek Schroeftransport\" \/>\n<meta property=\"article:published_time\" content=\"2021-09-16T09:03:59+00:00\" \/>\n<meta property=\"article:modified_time\" content=\"2021-09-29T09:14:26+00:00\" \/>\n<meta property=\"og:image\" content=\"https:\/\/www.van-beek.nl\/wp-content\/uploads\/2021\/04\/1499067764-Frank_muler_150.jpg\" \/>\n\t<meta property=\"og:image:width\" content=\"150\" \/>\n\t<meta property=\"og:image:height\" content=\"150\" \/>\n\t<meta property=\"og:image:type\" content=\"image\/jpeg\" \/>\n<meta name=\"author\" content=\"janssen\" \/>\n<meta name=\"twitter:card\" content=\"summary_large_image\" \/>\n<meta name=\"twitter:label1\" content=\"Verfasst von\" \/>\n\t<meta name=\"twitter:data1\" content=\"janssen\" \/>\n\t<meta name=\"twitter:label2\" content=\"Gesch\u00e4tzte Lesezeit\" \/>\n\t<meta name=\"twitter:data2\" content=\"3\u00a0Minuten\" \/>\n<script type=\"application\/ld+json\" class=\"yoast-schema-graph\">{\"@context\":\"https:\\\/\\\/schema.org\",\"@graph\":[{\"@type\":\"Article\",\"@id\":\"https:\\\/\\\/www.van-beek.nl\\\/de\\\/neuer-deutscher-vertreter-fuer-zunehmende-nachfrage-nach-dino\\\/#article\",\"isPartOf\":{\"@id\":\"https:\\\/\\\/www.van-beek.nl\\\/de\\\/neuer-deutscher-vertreter-fuer-zunehmende-nachfrage-nach-dino\\\/\"},\"author\":{\"name\":\"janssen\",\"@id\":\"https:\\\/\\\/www.van-beek.nl\\\/de\\\/#\\\/schema\\\/person\\\/d9dfeecd72ae15b7f694c5972fe9dabb\"},\"headline\":\"Neuer deutscher Vertreter f\u00fcr zunehmende Nachfrage nach Dino\",\"datePublished\":\"2021-09-16T09:03:59+00:00\",\"dateModified\":\"2021-09-29T09:14:26+00:00\",\"mainEntityOfPage\":{\"@id\":\"https:\\\/\\\/www.van-beek.nl\\\/de\\\/neuer-deutscher-vertreter-fuer-zunehmende-nachfrage-nach-dino\\\/\"},\"wordCount\":557,\"publisher\":{\"@id\":\"https:\\\/\\\/www.van-beek.nl\\\/de\\\/#organization\"},\"image\":{\"@id\":\"https:\\\/\\\/www.van-beek.nl\\\/de\\\/neuer-deutscher-vertreter-fuer-zunehmende-nachfrage-nach-dino\\\/#primaryimage\"},\"thumbnailUrl\":\"https:\\\/\\\/www.van-beek.nl\\\/wp-content\\\/uploads\\\/2021\\\/04\\\/1499067764-Frank_muler_150.jpg\",\"articleSection\":[\"Dino\"],\"inLanguage\":\"de\"},{\"@type\":\"WebPage\",\"@id\":\"https:\\\/\\\/www.van-beek.nl\\\/de\\\/neuer-deutscher-vertreter-fuer-zunehmende-nachfrage-nach-dino\\\/\",\"url\":\"https:\\\/\\\/www.van-beek.nl\\\/de\\\/neuer-deutscher-vertreter-fuer-zunehmende-nachfrage-nach-dino\\\/\",\"name\":\"Neuer deutscher Vertreter f\u00fcr zunehmende Nachfrage nach Dino - Van Beek Schroeftransport\",\"isPartOf\":{\"@id\":\"https:\\\/\\\/www.van-beek.nl\\\/de\\\/#website\"},\"primaryImageOfPage\":{\"@id\":\"https:\\\/\\\/www.van-beek.nl\\\/de\\\/neuer-deutscher-vertreter-fuer-zunehmende-nachfrage-nach-dino\\\/#primaryimage\"},\"image\":{\"@id\":\"https:\\\/\\\/www.van-beek.nl\\\/de\\\/neuer-deutscher-vertreter-fuer-zunehmende-nachfrage-nach-dino\\\/#primaryimage\"},\"thumbnailUrl\":\"https:\\\/\\\/www.van-beek.nl\\\/wp-content\\\/uploads\\\/2021\\\/04\\\/1499067764-Frank_muler_150.jpg\",\"datePublished\":\"2021-09-16T09:03:59+00:00\",\"dateModified\":\"2021-09-29T09:14:26+00:00\",\"breadcrumb\":{\"@id\":\"https:\\\/\\\/www.van-beek.nl\\\/de\\\/neuer-deutscher-vertreter-fuer-zunehmende-nachfrage-nach-dino\\\/#breadcrumb\"},\"inLanguage\":\"de\",\"potentialAction\":[{\"@type\":\"ReadAction\",\"target\":[\"https:\\\/\\\/www.van-beek.nl\\\/de\\\/neuer-deutscher-vertreter-fuer-zunehmende-nachfrage-nach-dino\\\/\"]}]},{\"@type\":\"ImageObject\",\"inLanguage\":\"de\",\"@id\":\"https:\\\/\\\/www.van-beek.nl\\\/de\\\/neuer-deutscher-vertreter-fuer-zunehmende-nachfrage-nach-dino\\\/#primaryimage\",\"url\":\"https:\\\/\\\/www.van-beek.nl\\\/wp-content\\\/uploads\\\/2021\\\/04\\\/1499067764-Frank_muler_150.jpg\",\"contentUrl\":\"https:\\\/\\\/www.van-beek.nl\\\/wp-content\\\/uploads\\\/2021\\\/04\\\/1499067764-Frank_muler_150.jpg\",\"width\":150,\"height\":150},{\"@type\":\"BreadcrumbList\",\"@id\":\"https:\\\/\\\/www.van-beek.nl\\\/de\\\/neuer-deutscher-vertreter-fuer-zunehmende-nachfrage-nach-dino\\\/#breadcrumb\",\"itemListElement\":[{\"@type\":\"ListItem\",\"position\":1,\"name\":\"Home\",\"item\":\"https:\\\/\\\/www.van-beek.nl\\\/de\\\/\"},{\"@type\":\"ListItem\",\"position\":2,\"name\":\"Neuer deutscher Vertreter f\u00fcr zunehmende Nachfrage nach Dino\"}]},{\"@type\":\"WebSite\",\"@id\":\"https:\\\/\\\/www.van-beek.nl\\\/de\\\/#website\",\"url\":\"https:\\\/\\\/www.van-beek.nl\\\/de\\\/\",\"name\":\"Van Beek Schroeftransport\",\"description\":\"\",\"publisher\":{\"@id\":\"https:\\\/\\\/www.van-beek.nl\\\/de\\\/#organization\"},\"potentialAction\":[{\"@type\":\"SearchAction\",\"target\":{\"@type\":\"EntryPoint\",\"urlTemplate\":\"https:\\\/\\\/www.van-beek.nl\\\/de\\\/?s={search_term_string}\"},\"query-input\":{\"@type\":\"PropertyValueSpecification\",\"valueRequired\":true,\"valueName\":\"search_term_string\"}}],\"inLanguage\":\"de\"},{\"@type\":\"Organization\",\"@id\":\"https:\\\/\\\/www.van-beek.nl\\\/de\\\/#organization\",\"name\":\"Transportschroeven- en machinefabriek Van Beek B.V.\",\"url\":\"https:\\\/\\\/www.van-beek.nl\\\/de\\\/\",\"logo\":{\"@type\":\"ImageObject\",\"inLanguage\":\"de\",\"@id\":\"https:\\\/\\\/www.van-beek.nl\\\/de\\\/#\\\/schema\\\/logo\\\/image\\\/\",\"url\":\"https:\\\/\\\/van-beek.nl\\\/wp-content\\\/uploads\\\/2020\\\/04\\\/VanBeek-logo.png\",\"contentUrl\":\"https:\\\/\\\/van-beek.nl\\\/wp-content\\\/uploads\\\/2020\\\/04\\\/VanBeek-logo.png\",\"width\":116,\"height\":22,\"caption\":\"Transportschroeven- en machinefabriek Van Beek B.V.\"},\"image\":{\"@id\":\"https:\\\/\\\/www.van-beek.nl\\\/de\\\/#\\\/schema\\\/logo\\\/image\\\/\"}},{\"@type\":\"Person\",\"@id\":\"https:\\\/\\\/www.van-beek.nl\\\/de\\\/#\\\/schema\\\/person\\\/d9dfeecd72ae15b7f694c5972fe9dabb\",\"name\":\"janssen\",\"image\":{\"@type\":\"ImageObject\",\"inLanguage\":\"de\",\"@id\":\"https:\\\/\\\/secure.gravatar.com\\\/avatar\\\/8a1fa2275de352d3a0754e90447a63ca38079c7fa3bed6dcd83dba675d80ab18?s=96&d=mm&r=g\",\"url\":\"https:\\\/\\\/secure.gravatar.com\\\/avatar\\\/8a1fa2275de352d3a0754e90447a63ca38079c7fa3bed6dcd83dba675d80ab18?s=96&d=mm&r=g\",\"contentUrl\":\"https:\\\/\\\/secure.gravatar.com\\\/avatar\\\/8a1fa2275de352d3a0754e90447a63ca38079c7fa3bed6dcd83dba675d80ab18?s=96&d=mm&r=g\",\"caption\":\"janssen\"}}]}<\/script>\n<!-- \/ Yoast SEO plugin. -->","yoast_head_json":{"title":"Neuer deutscher Vertreter f\u00fcr zunehmende Nachfrage nach Dino - Van Beek Schroeftransport","robots":{"index":"index","follow":"follow","max-snippet":"max-snippet:-1","max-image-preview":"max-image-preview:large","max-video-preview":"max-video-preview:-1"},"canonical":"https:\/\/www.van-beek.nl\/de\/neuer-deutscher-vertreter-fuer-zunehmende-nachfrage-nach-dino\/","og_locale":"de_DE","og_type":"article","og_title":"Neuer deutscher Vertreter f\u00fcr zunehmende Nachfrage nach Dino - Van Beek Schroeftransport","og_description":"Immer h&auml;ufiger werden Speditionen gefragt, ob sie auch die Lager- und Verladeverfahren ihrer Kunden &uuml;bernehmen k&ouml;nnten. Dies passiert auch in Deutschland, &Ouml;sterreich und der Schweiz. Daher w&auml;chst in diesen L&auml;ndern die Nachfrage nach unserer mobilen Silowagenf&uuml;llanlage, dem Dino.","og_url":"https:\/\/www.van-beek.nl\/de\/neuer-deutscher-vertreter-fuer-zunehmende-nachfrage-nach-dino\/","og_site_name":"Van Beek Schroeftransport","article_published_time":"2021-09-16T09:03:59+00:00","article_modified_time":"2021-09-29T09:14:26+00:00","og_image":[{"width":150,"height":150,"url":"https:\/\/www.van-beek.nl\/wp-content\/uploads\/2021\/04\/1499067764-Frank_muler_150.jpg","type":"image\/jpeg"}],"author":"janssen","twitter_card":"summary_large_image","twitter_misc":{"Verfasst von":"janssen","Gesch\u00e4tzte Lesezeit":"3\u00a0Minuten"},"schema":{"@context":"https:\/\/schema.org","@graph":[{"@type":"Article","@id":"https:\/\/www.van-beek.nl\/de\/neuer-deutscher-vertreter-fuer-zunehmende-nachfrage-nach-dino\/#article","isPartOf":{"@id":"https:\/\/www.van-beek.nl\/de\/neuer-deutscher-vertreter-fuer-zunehmende-nachfrage-nach-dino\/"},"author":{"name":"janssen","@id":"https:\/\/www.van-beek.nl\/de\/#\/schema\/person\/d9dfeecd72ae15b7f694c5972fe9dabb"},"headline":"Neuer deutscher Vertreter f\u00fcr zunehmende Nachfrage nach Dino","datePublished":"2021-09-16T09:03:59+00:00","dateModified":"2021-09-29T09:14:26+00:00","mainEntityOfPage":{"@id":"https:\/\/www.van-beek.nl\/de\/neuer-deutscher-vertreter-fuer-zunehmende-nachfrage-nach-dino\/"},"wordCount":557,"publisher":{"@id":"https:\/\/www.van-beek.nl\/de\/#organization"},"image":{"@id":"https:\/\/www.van-beek.nl\/de\/neuer-deutscher-vertreter-fuer-zunehmende-nachfrage-nach-dino\/#primaryimage"},"thumbnailUrl":"https:\/\/www.van-beek.nl\/wp-content\/uploads\/2021\/04\/1499067764-Frank_muler_150.jpg","articleSection":["Dino"],"inLanguage":"de"},{"@type":"WebPage","@id":"https:\/\/www.van-beek.nl\/de\/neuer-deutscher-vertreter-fuer-zunehmende-nachfrage-nach-dino\/","url":"https:\/\/www.van-beek.nl\/de\/neuer-deutscher-vertreter-fuer-zunehmende-nachfrage-nach-dino\/","name":"Neuer deutscher Vertreter f\u00fcr zunehmende Nachfrage nach Dino - Van Beek Schroeftransport","isPartOf":{"@id":"https:\/\/www.van-beek.nl\/de\/#website"},"primaryImageOfPage":{"@id":"https:\/\/www.van-beek.nl\/de\/neuer-deutscher-vertreter-fuer-zunehmende-nachfrage-nach-dino\/#primaryimage"},"image":{"@id":"https:\/\/www.van-beek.nl\/de\/neuer-deutscher-vertreter-fuer-zunehmende-nachfrage-nach-dino\/#primaryimage"},"thumbnailUrl":"https:\/\/www.van-beek.nl\/wp-content\/uploads\/2021\/04\/1499067764-Frank_muler_150.jpg","datePublished":"2021-09-16T09:03:59+00:00","dateModified":"2021-09-29T09:14:26+00:00","breadcrumb":{"@id":"https:\/\/www.van-beek.nl\/de\/neuer-deutscher-vertreter-fuer-zunehmende-nachfrage-nach-dino\/#breadcrumb"},"inLanguage":"de","potentialAction":[{"@type":"ReadAction","target":["https:\/\/www.van-beek.nl\/de\/neuer-deutscher-vertreter-fuer-zunehmende-nachfrage-nach-dino\/"]}]},{"@type":"ImageObject","inLanguage":"de","@id":"https:\/\/www.van-beek.nl\/de\/neuer-deutscher-vertreter-fuer-zunehmende-nachfrage-nach-dino\/#primaryimage","url":"https:\/\/www.van-beek.nl\/wp-content\/uploads\/2021\/04\/1499067764-Frank_muler_150.jpg","contentUrl":"https:\/\/www.van-beek.nl\/wp-content\/uploads\/2021\/04\/1499067764-Frank_muler_150.jpg","width":150,"height":150},{"@type":"BreadcrumbList","@id":"https:\/\/www.van-beek.nl\/de\/neuer-deutscher-vertreter-fuer-zunehmende-nachfrage-nach-dino\/#breadcrumb","itemListElement":[{"@type":"ListItem","position":1,"name":"Home","item":"https:\/\/www.van-beek.nl\/de\/"},{"@type":"ListItem","position":2,"name":"Neuer deutscher Vertreter f\u00fcr zunehmende Nachfrage nach Dino"}]},{"@type":"WebSite","@id":"https:\/\/www.van-beek.nl\/de\/#website","url":"https:\/\/www.van-beek.nl\/de\/","name":"Van Beek Schroeftransport","description":"","publisher":{"@id":"https:\/\/www.van-beek.nl\/de\/#organization"},"potentialAction":[{"@type":"SearchAction","target":{"@type":"EntryPoint","urlTemplate":"https:\/\/www.van-beek.nl\/de\/?s={search_term_string}"},"query-input":{"@type":"PropertyValueSpecification","valueRequired":true,"valueName":"search_term_string"}}],"inLanguage":"de"},{"@type":"Organization","@id":"https:\/\/www.van-beek.nl\/de\/#organization","name":"Transportschroeven- en machinefabriek Van Beek B.V.","url":"https:\/\/www.van-beek.nl\/de\/","logo":{"@type":"ImageObject","inLanguage":"de","@id":"https:\/\/www.van-beek.nl\/de\/#\/schema\/logo\/image\/","url":"https:\/\/van-beek.nl\/wp-content\/uploads\/2020\/04\/VanBeek-logo.png","contentUrl":"https:\/\/van-beek.nl\/wp-content\/uploads\/2020\/04\/VanBeek-logo.png","width":116,"height":22,"caption":"Transportschroeven- en machinefabriek Van Beek B.V."},"image":{"@id":"https:\/\/www.van-beek.nl\/de\/#\/schema\/logo\/image\/"}},{"@type":"Person","@id":"https:\/\/www.van-beek.nl\/de\/#\/schema\/person\/d9dfeecd72ae15b7f694c5972fe9dabb","name":"janssen","image":{"@type":"ImageObject","inLanguage":"de","@id":"https:\/\/secure.gravatar.com\/avatar\/8a1fa2275de352d3a0754e90447a63ca38079c7fa3bed6dcd83dba675d80ab18?s=96&d=mm&r=g","url":"https:\/\/secure.gravatar.com\/avatar\/8a1fa2275de352d3a0754e90447a63ca38079c7fa3bed6dcd83dba675d80ab18?s=96&d=mm&r=g","contentUrl":"https:\/\/secure.gravatar.com\/avatar\/8a1fa2275de352d3a0754e90447a63ca38079c7fa3bed6dcd83dba675d80ab18?s=96&d=mm&r=g","caption":"janssen"}}]}},"_links":{"self":[{"href":"https:\/\/www.van-beek.nl\/de\/wp-json\/wp\/v2\/posts\/8632","targetHints":{"allow":["GET"]}}],"collection":[{"href":"https:\/\/www.van-beek.nl\/de\/wp-json\/wp\/v2\/posts"}],"about":[{"href":"https:\/\/www.van-beek.nl\/de\/wp-json\/wp\/v2\/types\/post"}],"author":[{"embeddable":true,"href":"https:\/\/www.van-beek.nl\/de\/wp-json\/wp\/v2\/users\/1"}],"replies":[{"embeddable":true,"href":"https:\/\/www.van-beek.nl\/de\/wp-json\/wp\/v2\/comments?post=8632"}],"version-history":[{"count":2,"href":"https:\/\/www.van-beek.nl\/de\/wp-json\/wp\/v2\/posts\/8632\/revisions"}],"predecessor-version":[{"id":9341,"href":"https:\/\/www.van-beek.nl\/de\/wp-json\/wp\/v2\/posts\/8632\/revisions\/9341"}],"wp:featuredmedia":[{"embeddable":true,"href":"https:\/\/www.van-beek.nl\/de\/wp-json\/wp\/v2\/media\/5053"}],"wp:attachment":[{"href":"https:\/\/www.van-beek.nl\/de\/wp-json\/wp\/v2\/media?parent=8632"}],"wp:term":[{"taxonomy":"category","embeddable":true,"href":"https:\/\/www.van-beek.nl\/de\/wp-json\/wp\/v2\/categories?post=8632"},{"taxonomy":"post_tag","embeddable":true,"href":"https:\/\/www.van-beek.nl\/de\/wp-json\/wp\/v2\/tags?post=8632"}],"curies":[{"name":"wp","href":"https:\/\/api.w.org\/{rel}","templated":true}]}}