{"id":8634,"date":"2021-09-16T09:03:59","date_gmt":"2021-09-16T09:03:59","guid":{"rendered":"https:\/\/van-beek.nl\/buergermeister-und-beigeordnete-zu-besuch-bei-van-beek\/"},"modified":"2024-01-18T14:43:40","modified_gmt":"2024-01-18T12:43:40","slug":"buergermeister-und-beigeordnete-zu-besuch-bei-van-beek","status":"publish","type":"post","link":"https:\/\/www.van-beek.nl\/de\/buergermeister-und-beigeordnete-zu-besuch-bei-van-beek\/","title":{"rendered":"B\u00fcrgermeister und Beigeordnete zu Besuch bei Van Beek"},"content":{"rendered":"<p><img loading=\"lazy\" decoding=\"async\" src=\"https:\/\/van-beek.nl\/wp-content\/uploads\/newsimages\/1499068903-burgemeester_en_wethouders_op_bezoek.jpg\" width=\"330\" height=\"180\" border=\"0\" \/>B\u00fcrgermeister Jan Hamming und die Beigeordneten der Gemeinde Heusden waren letzte Woche bei uns auf Betriebsbesuch. Unser Umzug an den neuen Standort hat das Interesse des Kollegiums geweckt, und wir berichten gerne \u00fcber unsere Unternehmensstrategie. Schon kurze Zeit nach dem Besuch erschienen bei LinkedIn die ersten begeisterten Meldungen.<\/p>\n<p>Das Kollegium der Gemeinde Heusden war sehr von unserer weitgehend automatisierte Arbeitsweise beeindruckt. Wir haben z.\u00a0B. unser ERP- und CAD-System miteinander integriert, sodass jedes Bauteil in den 3D-Designs mit allen Angaben versehen ist. Zudem besteht eine direkte Schnittstelle zur Produktion. Wir haben auch \u00fcber unsere Teilnahme an einem <a href=\"https:\/\/van-beek.nl\/monteert-een-robot-straks-de-schroeftransporteurs-bij-van-beek\/\">Robotisierungsprojekt<\/a> und den Einsatz eines Roboters f\u00fcr den internen Transport berichtet.<\/p>\n<p><strong>Globaler Anbieter mit regionalen Wurzeln<\/strong><\/p>\n<p>Wir sind ein globaler Anbieter, aber das bedeutet nicht, dass wir die Bedeutung gesunder regionaler Wurzeln aus dem Auge verlieren. Ohne die Kompetenz unserer Partner vor Ort w\u00e4re es wahrscheinlich um einiges schwieriger, hochwertige Schneckenf\u00f6rderanlagen zu einem derart g\u00fcnstigen Preis anzubieten.<\/p>\n<p><strong>Unser Beitrag<\/strong><\/p>\n<p>Da wir die neuesten Entwicklungen zeitnah verfolgen, k\u00f6nnen wir unsere Spitzenposition weiter ausbauen. Unser Wachstum erm\u00f6glicht es, neue Mitarbeiter einzustellen und in sie zu investieren. Wir hoffen, dass wir dem Kollegium zeigen konnten, welchen Beitrag Van Beek f\u00fcr die Region leistet, nicht nur f\u00fcr den Arbeitsmarkt, sondern auch bez\u00fcglich der Innovationskraft.<\/p>\n<p><strong>B\u00fcrgermeister \u00e4u\u00dfert Lob auf LinkedIn<\/strong><\/p>\n<p>Diese Botschaft scheint angekommen zu sein. Nach seinem Besuch beschrieb B\u00fcrgermeister Jan Hamming uns auf LinkedIn als \u201eein wunderbares, innovatives metallverarbeitendes Unternehmen, das sich auf die Herstellung einzigartiger F\u00f6rderschnecken spezialisiert hat\u201c. \u201eDie Herausforderung f\u00fcr Unternehmen wie Van Beek besteht darin, qualifizierte Mitarbeiter zu finden, die \u00fcber eine ausreichende technische Kompetenz verf\u00fcgen.\u201c Hamming hat die Bedeutung der Zusammenarbeit von Beh\u00f6rden, Bildung und Betrieben betont und wies darauf hin, dass die Gemeinde daher gerne in diese Zusammenarbeit investiert. \u201eDies ist im Interesse der Arbeitssuchenden, Arbeitgeber und einer starken Wirtschaft in der Region.\u201c<\/p>\n<p><strong>Fachwissen um die Ecke<\/strong><\/p>\n<p>Van Beek ist seit 1982 in Drunen niedergelassen. In dieser Region ist viel Fachwissen \u00fcber Metallverarbeitung und Engineering vorhanden. Daher wurde hier das Gewerbegebiet Metal Valley gegr\u00fcndet, ein niederl\u00e4ndisches Wissenscluster f\u00fcr Metallverarbeitung und Engineering, in dem sich auch unsere Niederlassung befindet.<\/p>\n","protected":false},"excerpt":{"rendered":"<p>B&uuml;rgermeister Jan Hamming und die Beigeordneten der Gemeinde Heusden waren letzte Woche bei uns auf Betriebsbesuch. Unser Umzug an den neuen Standort hat das Interesse des Kollegiums geweckt, und wir berichten gerne &uuml;ber unsere Unternehmensstrategie. Schon kurze Zeit nach dem Besuch erschienen bei LinkedIn die ersten begeisterten Meldungen.<\/p>\n","protected":false},"author":1,"featured_media":5061,"comment_status":"closed","ping_status":"closed","sticky":false,"template":"","format":"standard","meta":{"_acf_changed":false,"content-type":"","inline_featured_image":false,"footnotes":""},"categories":[29],"tags":[],"class_list":["post-8634","post","type-post","status-publish","format-standard","has-post-thumbnail","hentry","category-beek-de"],"acf":[],"yoast_head":"<!-- This site is optimized with the Yoast SEO plugin v27.5 - https:\/\/yoast.com\/product\/yoast-seo-wordpress\/ -->\n<title>B\u00fcrgermeister und Beigeordnete zu Besuch bei Van Beek - Van Beek Schroeftransport<\/title>\n<meta name=\"robots\" content=\"index, follow, max-snippet:-1, max-image-preview:large, max-video-preview:-1\" \/>\n<link rel=\"canonical\" href=\"https:\/\/www.van-beek.nl\/de\/buergermeister-und-beigeordnete-zu-besuch-bei-van-beek\/\" \/>\n<meta property=\"og:locale\" content=\"de_DE\" \/>\n<meta property=\"og:type\" content=\"article\" \/>\n<meta property=\"og:title\" content=\"B\u00fcrgermeister und Beigeordnete zu Besuch bei Van Beek - Van Beek Schroeftransport\" \/>\n<meta property=\"og:description\" content=\"B&uuml;rgermeister Jan Hamming und die Beigeordneten der Gemeinde Heusden waren letzte Woche bei uns auf Betriebsbesuch. Unser Umzug an den neuen Standort hat das Interesse des Kollegiums geweckt, und wir berichten gerne &uuml;ber unsere Unternehmensstrategie. Schon kurze Zeit nach dem Besuch erschienen bei LinkedIn die ersten begeisterten Meldungen.\" \/>\n<meta property=\"og:url\" content=\"https:\/\/www.van-beek.nl\/de\/buergermeister-und-beigeordnete-zu-besuch-bei-van-beek\/\" \/>\n<meta property=\"og:site_name\" content=\"Van Beek Schroeftransport\" \/>\n<meta property=\"article:published_time\" content=\"2021-09-16T09:03:59+00:00\" \/>\n<meta property=\"article:modified_time\" content=\"2024-01-18T12:43:40+00:00\" \/>\n<meta property=\"og:image\" content=\"https:\/\/www.van-beek.nl\/wp-content\/uploads\/2021\/04\/1499068606-burgemeester_en_wethouders_op_bezoek_150.jpg\" \/>\n\t<meta property=\"og:image:width\" content=\"150\" \/>\n\t<meta property=\"og:image:height\" content=\"150\" \/>\n\t<meta property=\"og:image:type\" content=\"image\/jpeg\" \/>\n<meta name=\"author\" content=\"janssen\" \/>\n<meta name=\"twitter:card\" content=\"summary_large_image\" \/>\n<meta name=\"twitter:label1\" content=\"Verfasst von\" \/>\n\t<meta name=\"twitter:data1\" content=\"janssen\" \/>\n\t<meta name=\"twitter:label2\" content=\"Gesch\u00e4tzte Lesezeit\" \/>\n\t<meta name=\"twitter:data2\" content=\"2\u00a0Minuten\" \/>\n<script type=\"application\/ld+json\" class=\"yoast-schema-graph\">{\"@context\":\"https:\\\/\\\/schema.org\",\"@graph\":[{\"@type\":\"Article\",\"@id\":\"https:\\\/\\\/www.van-beek.nl\\\/de\\\/buergermeister-und-beigeordnete-zu-besuch-bei-van-beek\\\/#article\",\"isPartOf\":{\"@id\":\"https:\\\/\\\/www.van-beek.nl\\\/de\\\/buergermeister-und-beigeordnete-zu-besuch-bei-van-beek\\\/\"},\"author\":{\"name\":\"janssen\",\"@id\":\"https:\\\/\\\/www.van-beek.nl\\\/de\\\/#\\\/schema\\\/person\\\/d9dfeecd72ae15b7f694c5972fe9dabb\"},\"headline\":\"B\u00fcrgermeister und Beigeordnete zu Besuch bei Van Beek\",\"datePublished\":\"2021-09-16T09:03:59+00:00\",\"dateModified\":\"2024-01-18T12:43:40+00:00\",\"mainEntityOfPage\":{\"@id\":\"https:\\\/\\\/www.van-beek.nl\\\/de\\\/buergermeister-und-beigeordnete-zu-besuch-bei-van-beek\\\/\"},\"wordCount\":375,\"publisher\":{\"@id\":\"https:\\\/\\\/www.van-beek.nl\\\/de\\\/#organization\"},\"image\":{\"@id\":\"https:\\\/\\\/www.van-beek.nl\\\/de\\\/buergermeister-und-beigeordnete-zu-besuch-bei-van-beek\\\/#primaryimage\"},\"thumbnailUrl\":\"https:\\\/\\\/www.van-beek.nl\\\/wp-content\\\/uploads\\\/2021\\\/04\\\/1499068606-burgemeester_en_wethouders_op_bezoek_150.jpg\",\"articleSection\":[\"Beek\"],\"inLanguage\":\"de\"},{\"@type\":\"WebPage\",\"@id\":\"https:\\\/\\\/www.van-beek.nl\\\/de\\\/buergermeister-und-beigeordnete-zu-besuch-bei-van-beek\\\/\",\"url\":\"https:\\\/\\\/www.van-beek.nl\\\/de\\\/buergermeister-und-beigeordnete-zu-besuch-bei-van-beek\\\/\",\"name\":\"B\u00fcrgermeister und Beigeordnete zu Besuch bei Van Beek - Van Beek Schroeftransport\",\"isPartOf\":{\"@id\":\"https:\\\/\\\/www.van-beek.nl\\\/de\\\/#website\"},\"primaryImageOfPage\":{\"@id\":\"https:\\\/\\\/www.van-beek.nl\\\/de\\\/buergermeister-und-beigeordnete-zu-besuch-bei-van-beek\\\/#primaryimage\"},\"image\":{\"@id\":\"https:\\\/\\\/www.van-beek.nl\\\/de\\\/buergermeister-und-beigeordnete-zu-besuch-bei-van-beek\\\/#primaryimage\"},\"thumbnailUrl\":\"https:\\\/\\\/www.van-beek.nl\\\/wp-content\\\/uploads\\\/2021\\\/04\\\/1499068606-burgemeester_en_wethouders_op_bezoek_150.jpg\",\"datePublished\":\"2021-09-16T09:03:59+00:00\",\"dateModified\":\"2024-01-18T12:43:40+00:00\",\"breadcrumb\":{\"@id\":\"https:\\\/\\\/www.van-beek.nl\\\/de\\\/buergermeister-und-beigeordnete-zu-besuch-bei-van-beek\\\/#breadcrumb\"},\"inLanguage\":\"de\",\"potentialAction\":[{\"@type\":\"ReadAction\",\"target\":[\"https:\\\/\\\/www.van-beek.nl\\\/de\\\/buergermeister-und-beigeordnete-zu-besuch-bei-van-beek\\\/\"]}]},{\"@type\":\"ImageObject\",\"inLanguage\":\"de\",\"@id\":\"https:\\\/\\\/www.van-beek.nl\\\/de\\\/buergermeister-und-beigeordnete-zu-besuch-bei-van-beek\\\/#primaryimage\",\"url\":\"https:\\\/\\\/www.van-beek.nl\\\/wp-content\\\/uploads\\\/2021\\\/04\\\/1499068606-burgemeester_en_wethouders_op_bezoek_150.jpg\",\"contentUrl\":\"https:\\\/\\\/www.van-beek.nl\\\/wp-content\\\/uploads\\\/2021\\\/04\\\/1499068606-burgemeester_en_wethouders_op_bezoek_150.jpg\",\"width\":150,\"height\":150},{\"@type\":\"BreadcrumbList\",\"@id\":\"https:\\\/\\\/www.van-beek.nl\\\/de\\\/buergermeister-und-beigeordnete-zu-besuch-bei-van-beek\\\/#breadcrumb\",\"itemListElement\":[{\"@type\":\"ListItem\",\"position\":1,\"name\":\"Home\",\"item\":\"https:\\\/\\\/www.van-beek.nl\\\/de\\\/\"},{\"@type\":\"ListItem\",\"position\":2,\"name\":\"B\u00fcrgermeister und Beigeordnete zu Besuch bei Van Beek\"}]},{\"@type\":\"WebSite\",\"@id\":\"https:\\\/\\\/www.van-beek.nl\\\/de\\\/#website\",\"url\":\"https:\\\/\\\/www.van-beek.nl\\\/de\\\/\",\"name\":\"Van Beek Schroeftransport\",\"description\":\"\",\"publisher\":{\"@id\":\"https:\\\/\\\/www.van-beek.nl\\\/de\\\/#organization\"},\"potentialAction\":[{\"@type\":\"SearchAction\",\"target\":{\"@type\":\"EntryPoint\",\"urlTemplate\":\"https:\\\/\\\/www.van-beek.nl\\\/de\\\/?s={search_term_string}\"},\"query-input\":{\"@type\":\"PropertyValueSpecification\",\"valueRequired\":true,\"valueName\":\"search_term_string\"}}],\"inLanguage\":\"de\"},{\"@type\":\"Organization\",\"@id\":\"https:\\\/\\\/www.van-beek.nl\\\/de\\\/#organization\",\"name\":\"Transportschroeven- en machinefabriek Van Beek B.V.\",\"url\":\"https:\\\/\\\/www.van-beek.nl\\\/de\\\/\",\"logo\":{\"@type\":\"ImageObject\",\"inLanguage\":\"de\",\"@id\":\"https:\\\/\\\/www.van-beek.nl\\\/de\\\/#\\\/schema\\\/logo\\\/image\\\/\",\"url\":\"https:\\\/\\\/van-beek.nl\\\/wp-content\\\/uploads\\\/2020\\\/04\\\/VanBeek-logo.png\",\"contentUrl\":\"https:\\\/\\\/van-beek.nl\\\/wp-content\\\/uploads\\\/2020\\\/04\\\/VanBeek-logo.png\",\"width\":116,\"height\":22,\"caption\":\"Transportschroeven- en machinefabriek Van Beek B.V.\"},\"image\":{\"@id\":\"https:\\\/\\\/www.van-beek.nl\\\/de\\\/#\\\/schema\\\/logo\\\/image\\\/\"}},{\"@type\":\"Person\",\"@id\":\"https:\\\/\\\/www.van-beek.nl\\\/de\\\/#\\\/schema\\\/person\\\/d9dfeecd72ae15b7f694c5972fe9dabb\",\"name\":\"janssen\",\"image\":{\"@type\":\"ImageObject\",\"inLanguage\":\"de\",\"@id\":\"https:\\\/\\\/secure.gravatar.com\\\/avatar\\\/8a1fa2275de352d3a0754e90447a63ca38079c7fa3bed6dcd83dba675d80ab18?s=96&d=mm&r=g\",\"url\":\"https:\\\/\\\/secure.gravatar.com\\\/avatar\\\/8a1fa2275de352d3a0754e90447a63ca38079c7fa3bed6dcd83dba675d80ab18?s=96&d=mm&r=g\",\"contentUrl\":\"https:\\\/\\\/secure.gravatar.com\\\/avatar\\\/8a1fa2275de352d3a0754e90447a63ca38079c7fa3bed6dcd83dba675d80ab18?s=96&d=mm&r=g\",\"caption\":\"janssen\"}}]}<\/script>\n<!-- \/ Yoast SEO plugin. -->","yoast_head_json":{"title":"B\u00fcrgermeister und Beigeordnete zu Besuch bei Van Beek - Van Beek Schroeftransport","robots":{"index":"index","follow":"follow","max-snippet":"max-snippet:-1","max-image-preview":"max-image-preview:large","max-video-preview":"max-video-preview:-1"},"canonical":"https:\/\/www.van-beek.nl\/de\/buergermeister-und-beigeordnete-zu-besuch-bei-van-beek\/","og_locale":"de_DE","og_type":"article","og_title":"B\u00fcrgermeister und Beigeordnete zu Besuch bei Van Beek - Van Beek Schroeftransport","og_description":"B&uuml;rgermeister Jan Hamming und die Beigeordneten der Gemeinde Heusden waren letzte Woche bei uns auf Betriebsbesuch. Unser Umzug an den neuen Standort hat das Interesse des Kollegiums geweckt, und wir berichten gerne &uuml;ber unsere Unternehmensstrategie. Schon kurze Zeit nach dem Besuch erschienen bei LinkedIn die ersten begeisterten Meldungen.","og_url":"https:\/\/www.van-beek.nl\/de\/buergermeister-und-beigeordnete-zu-besuch-bei-van-beek\/","og_site_name":"Van Beek Schroeftransport","article_published_time":"2021-09-16T09:03:59+00:00","article_modified_time":"2024-01-18T12:43:40+00:00","og_image":[{"width":150,"height":150,"url":"https:\/\/www.van-beek.nl\/wp-content\/uploads\/2021\/04\/1499068606-burgemeester_en_wethouders_op_bezoek_150.jpg","type":"image\/jpeg"}],"author":"janssen","twitter_card":"summary_large_image","twitter_misc":{"Verfasst von":"janssen","Gesch\u00e4tzte Lesezeit":"2\u00a0Minuten"},"schema":{"@context":"https:\/\/schema.org","@graph":[{"@type":"Article","@id":"https:\/\/www.van-beek.nl\/de\/buergermeister-und-beigeordnete-zu-besuch-bei-van-beek\/#article","isPartOf":{"@id":"https:\/\/www.van-beek.nl\/de\/buergermeister-und-beigeordnete-zu-besuch-bei-van-beek\/"},"author":{"name":"janssen","@id":"https:\/\/www.van-beek.nl\/de\/#\/schema\/person\/d9dfeecd72ae15b7f694c5972fe9dabb"},"headline":"B\u00fcrgermeister und Beigeordnete zu Besuch bei Van Beek","datePublished":"2021-09-16T09:03:59+00:00","dateModified":"2024-01-18T12:43:40+00:00","mainEntityOfPage":{"@id":"https:\/\/www.van-beek.nl\/de\/buergermeister-und-beigeordnete-zu-besuch-bei-van-beek\/"},"wordCount":375,"publisher":{"@id":"https:\/\/www.van-beek.nl\/de\/#organization"},"image":{"@id":"https:\/\/www.van-beek.nl\/de\/buergermeister-und-beigeordnete-zu-besuch-bei-van-beek\/#primaryimage"},"thumbnailUrl":"https:\/\/www.van-beek.nl\/wp-content\/uploads\/2021\/04\/1499068606-burgemeester_en_wethouders_op_bezoek_150.jpg","articleSection":["Beek"],"inLanguage":"de"},{"@type":"WebPage","@id":"https:\/\/www.van-beek.nl\/de\/buergermeister-und-beigeordnete-zu-besuch-bei-van-beek\/","url":"https:\/\/www.van-beek.nl\/de\/buergermeister-und-beigeordnete-zu-besuch-bei-van-beek\/","name":"B\u00fcrgermeister und Beigeordnete zu Besuch bei Van Beek - Van Beek Schroeftransport","isPartOf":{"@id":"https:\/\/www.van-beek.nl\/de\/#website"},"primaryImageOfPage":{"@id":"https:\/\/www.van-beek.nl\/de\/buergermeister-und-beigeordnete-zu-besuch-bei-van-beek\/#primaryimage"},"image":{"@id":"https:\/\/www.van-beek.nl\/de\/buergermeister-und-beigeordnete-zu-besuch-bei-van-beek\/#primaryimage"},"thumbnailUrl":"https:\/\/www.van-beek.nl\/wp-content\/uploads\/2021\/04\/1499068606-burgemeester_en_wethouders_op_bezoek_150.jpg","datePublished":"2021-09-16T09:03:59+00:00","dateModified":"2024-01-18T12:43:40+00:00","breadcrumb":{"@id":"https:\/\/www.van-beek.nl\/de\/buergermeister-und-beigeordnete-zu-besuch-bei-van-beek\/#breadcrumb"},"inLanguage":"de","potentialAction":[{"@type":"ReadAction","target":["https:\/\/www.van-beek.nl\/de\/buergermeister-und-beigeordnete-zu-besuch-bei-van-beek\/"]}]},{"@type":"ImageObject","inLanguage":"de","@id":"https:\/\/www.van-beek.nl\/de\/buergermeister-und-beigeordnete-zu-besuch-bei-van-beek\/#primaryimage","url":"https:\/\/www.van-beek.nl\/wp-content\/uploads\/2021\/04\/1499068606-burgemeester_en_wethouders_op_bezoek_150.jpg","contentUrl":"https:\/\/www.van-beek.nl\/wp-content\/uploads\/2021\/04\/1499068606-burgemeester_en_wethouders_op_bezoek_150.jpg","width":150,"height":150},{"@type":"BreadcrumbList","@id":"https:\/\/www.van-beek.nl\/de\/buergermeister-und-beigeordnete-zu-besuch-bei-van-beek\/#breadcrumb","itemListElement":[{"@type":"ListItem","position":1,"name":"Home","item":"https:\/\/www.van-beek.nl\/de\/"},{"@type":"ListItem","position":2,"name":"B\u00fcrgermeister und Beigeordnete zu Besuch bei Van Beek"}]},{"@type":"WebSite","@id":"https:\/\/www.van-beek.nl\/de\/#website","url":"https:\/\/www.van-beek.nl\/de\/","name":"Van Beek Schroeftransport","description":"","publisher":{"@id":"https:\/\/www.van-beek.nl\/de\/#organization"},"potentialAction":[{"@type":"SearchAction","target":{"@type":"EntryPoint","urlTemplate":"https:\/\/www.van-beek.nl\/de\/?s={search_term_string}"},"query-input":{"@type":"PropertyValueSpecification","valueRequired":true,"valueName":"search_term_string"}}],"inLanguage":"de"},{"@type":"Organization","@id":"https:\/\/www.van-beek.nl\/de\/#organization","name":"Transportschroeven- en machinefabriek Van Beek B.V.","url":"https:\/\/www.van-beek.nl\/de\/","logo":{"@type":"ImageObject","inLanguage":"de","@id":"https:\/\/www.van-beek.nl\/de\/#\/schema\/logo\/image\/","url":"https:\/\/van-beek.nl\/wp-content\/uploads\/2020\/04\/VanBeek-logo.png","contentUrl":"https:\/\/van-beek.nl\/wp-content\/uploads\/2020\/04\/VanBeek-logo.png","width":116,"height":22,"caption":"Transportschroeven- en machinefabriek Van Beek B.V."},"image":{"@id":"https:\/\/www.van-beek.nl\/de\/#\/schema\/logo\/image\/"}},{"@type":"Person","@id":"https:\/\/www.van-beek.nl\/de\/#\/schema\/person\/d9dfeecd72ae15b7f694c5972fe9dabb","name":"janssen","image":{"@type":"ImageObject","inLanguage":"de","@id":"https:\/\/secure.gravatar.com\/avatar\/8a1fa2275de352d3a0754e90447a63ca38079c7fa3bed6dcd83dba675d80ab18?s=96&d=mm&r=g","url":"https:\/\/secure.gravatar.com\/avatar\/8a1fa2275de352d3a0754e90447a63ca38079c7fa3bed6dcd83dba675d80ab18?s=96&d=mm&r=g","contentUrl":"https:\/\/secure.gravatar.com\/avatar\/8a1fa2275de352d3a0754e90447a63ca38079c7fa3bed6dcd83dba675d80ab18?s=96&d=mm&r=g","caption":"janssen"}}]}},"_links":{"self":[{"href":"https:\/\/www.van-beek.nl\/de\/wp-json\/wp\/v2\/posts\/8634","targetHints":{"allow":["GET"]}}],"collection":[{"href":"https:\/\/www.van-beek.nl\/de\/wp-json\/wp\/v2\/posts"}],"about":[{"href":"https:\/\/www.van-beek.nl\/de\/wp-json\/wp\/v2\/types\/post"}],"author":[{"embeddable":true,"href":"https:\/\/www.van-beek.nl\/de\/wp-json\/wp\/v2\/users\/1"}],"replies":[{"embeddable":true,"href":"https:\/\/www.van-beek.nl\/de\/wp-json\/wp\/v2\/comments?post=8634"}],"version-history":[{"count":2,"href":"https:\/\/www.van-beek.nl\/de\/wp-json\/wp\/v2\/posts\/8634\/revisions"}],"predecessor-version":[{"id":12330,"href":"https:\/\/www.van-beek.nl\/de\/wp-json\/wp\/v2\/posts\/8634\/revisions\/12330"}],"wp:featuredmedia":[{"embeddable":true,"href":"https:\/\/www.van-beek.nl\/de\/wp-json\/wp\/v2\/media\/5061"}],"wp:attachment":[{"href":"https:\/\/www.van-beek.nl\/de\/wp-json\/wp\/v2\/media?parent=8634"}],"wp:term":[{"taxonomy":"category","embeddable":true,"href":"https:\/\/www.van-beek.nl\/de\/wp-json\/wp\/v2\/categories?post=8634"},{"taxonomy":"post_tag","embeddable":true,"href":"https:\/\/www.van-beek.nl\/de\/wp-json\/wp\/v2\/tags?post=8634"}],"curies":[{"name":"wp","href":"https:\/\/api.w.org\/{rel}","templated":true}]}}