{"id":8642,"date":"2021-09-16T09:04:06","date_gmt":"2021-09-16T09:04:06","guid":{"rendered":"https:\/\/van-beek.nl\/ein-weiter-blick-auf-trockenprozesse-waehrend-einer-exkursion-der-arbeitsgruppe-trocknung\/"},"modified":"2021-09-29T09:13:06","modified_gmt":"2021-09-29T09:13:06","slug":"ein-weiter-blick-auf-trockenprozesse-waehrend-einer-exkursion-der-arbeitsgruppe-trocknung","status":"publish","type":"post","link":"https:\/\/www.van-beek.nl\/de\/ein-weiter-blick-auf-trockenprozesse-waehrend-einer-exkursion-der-arbeitsgruppe-trocknung\/","title":{"rendered":"Ein weiter Blick auf Trockenprozesse w\u00e4hrend einer Exkursion der Arbeitsgruppe Trocknung"},"content":{"rendered":"<p><img loading=\"lazy\" decoding=\"async\" src=\"https:\/\/van-beek.nl\/wp-content\/uploads\/newsimages\/1510576077-IMG_3674.jpg\" width=\"320\" height=\"213\" border=\"0\" \/>Die Mitglieder der niederl\u00e4ndischen Arbeitsgruppe Trocknung (Nederlandse Werkgroep Drogen, NWGD) haben unser neues Werksgel\u00e4nde am 25.\u00a0Oktober besucht. W\u00e4hrend der Betriebsf\u00fchrung haben wir den Schwerpunkt auf die weitgehende Automatisierung der Arbeitsprozesse gelegt. Die ca. 20\u00a0Exkursionsteilnehmer konnten sich selbst davon \u00fcberzeugen, wie die CAD-Integration mit unserem ERP-System in der Praxis funktioniert.<\/p>\n<p><strong>Schnell und einfach<br \/>\n<\/strong>Die 3D-Zeichnungen der individuell entworfenen Schneckenf\u00f6rderer gelangen auf Knopfdruck von den Computern im B\u00fcro zu den Touchscreens in der Werkstatt, wo die Produktionsmitarbeiter die Maschinen von Grund auf aufbauen. Sollten die Produktionsmitarbeiter Fragen zur Konstruktion haben, k\u00f6nnen sie sie schnell und einfach \u00fcber eine \u201eIhr-warts-Tafel\u201c stellen. Die Fehlergefahr wird auf diese Weise gesenkt, w\u00e4hrend die Arbeit schnell vorangehen kann. Unser Ziel ist es, die Automatisierung soweit wie m\u00f6glich und fachliche Kompetenz soweit wie n\u00f6tig einzusetzen.<\/p>\n<p><strong>Interesse f\u00fcr Eierschalentrockner<br \/>\n<\/strong>Unter der Marke Celsius stellen wir Schneckenw\u00e4rmetauscher her. Als Beispiel daf\u00fcr haben wir unseren Eierschalentrockner zum Trocknen aufgeschlagener, nasser Eierschalen in der Werkstatt aufgestellt. F\u00fcr unsere Besucher war die Maschine nat\u00fcrlich sehr interessant.<\/p>\n<p><strong><img loading=\"lazy\" decoding=\"async\" src=\"https:\/\/van-beek.nl\/wp-content\/uploads\/newsimages\/1510576078-IMG_3672.jpg\" width=\"320\" height=\"213\" border=\"0\" \/>Ein weiter Blick auf Trocknungsprozesse<br \/>\n<\/strong>Wir haben uns jedoch nicht nur mit Schneckenw\u00e4rmetauschern besch\u00e4ftigt. F\u00fcr das Trocknen von Stoffen sind h\u00e4ufig auch eine Zu- und Abf\u00fchrung oder Dosierung erforderlich \u2013 unsere Schneckenf\u00f6rderer eignen sich hervorragend dazu. So konnten wir unseren Besuchern einen umfassenden Blick auf den gesamten Prozess bieten, was von den Exkursionsteilnehmern sehr gesch\u00e4tzt wurde.<\/p>\n<p><strong>\u00dcber die NWGD<br \/>\n<\/strong>Die Initiative zum Besuch bei Van Beek hat David Hostelle von IP&amp;D Experts ergriffen, der auch Schriftf\u00fchrer der NWGB ist. Der Arbeitsgruppe geh\u00f6ren ca. 120\u00a0Mitglieder aus Universit\u00e4ten, Fachinstituten, der Verfahrensindustrie und dem Maschinenbau an. In der Gruppe kann der Erfahrungs- und Wissensaustausch \u00fcber Trockenprozesse und alle mit ihnen zusammenh\u00e4ngenden Aspekte erfolgen. Diese Exkursion war ein gutes Beispiel daf\u00fcr, da unter anderen David Hostelle einen Vortrag \u00fcber die Messung relevanter Eigenschaften von Pulvern und Granulaten hielt. Um einen breiteren Blick auf die Prozesse zu erm\u00f6glichen, haben auch andere Anlagenhersteller Vortr\u00e4ge gehalten.<\/p>\n","protected":false},"excerpt":{"rendered":"<p>Die Mitglieder der niederl&auml;ndischen Arbeitsgruppe Trocknung (Nederlandse Werkgroep Drogen, NWGD) haben unser neues Werksgel&auml;nde am 25.&nbsp;Oktober besucht. W&auml;hrend der Betriebsf&uuml;hrung haben wir den Schwerpunkt auf die weitgehende Automatisierung der Arbeitsprozesse gelegt. Die ca. 20&nbsp;Exkursionsteilnehmer konnten sich selbst davon &uuml;berzeugen, wie die CAD-Integration mit unserem ERP-System in der Praxis funktioniert.&nbsp;<strong><\/strong><\/p>\n","protected":false},"author":1,"featured_media":5093,"comment_status":"closed","ping_status":"closed","sticky":false,"template":"","format":"standard","meta":{"_acf_changed":false,"content-type":"","inline_featured_image":false,"footnotes":""},"categories":[29,30],"tags":[],"class_list":["post-8642","post","type-post","status-publish","format-standard","has-post-thumbnail","hentry","category-beek-de","category-celsius-de"],"acf":[],"yoast_head":"<!-- This site is optimized with the Yoast SEO plugin v27.5 - https:\/\/yoast.com\/product\/yoast-seo-wordpress\/ -->\n<title>Ein weiter Blick auf Trockenprozesse w\u00e4hrend einer Exkursion der Arbeitsgruppe Trocknung - Van Beek Schroeftransport<\/title>\n<meta name=\"robots\" content=\"index, follow, max-snippet:-1, max-image-preview:large, max-video-preview:-1\" \/>\n<link rel=\"canonical\" href=\"https:\/\/www.van-beek.nl\/de\/ein-weiter-blick-auf-trockenprozesse-waehrend-einer-exkursion-der-arbeitsgruppe-trocknung\/\" \/>\n<meta property=\"og:locale\" content=\"de_DE\" \/>\n<meta property=\"og:type\" content=\"article\" \/>\n<meta property=\"og:title\" content=\"Ein weiter Blick auf Trockenprozesse w\u00e4hrend einer Exkursion der Arbeitsgruppe Trocknung - Van Beek Schroeftransport\" \/>\n<meta property=\"og:description\" content=\"Die Mitglieder der niederl&auml;ndischen Arbeitsgruppe Trocknung (Nederlandse Werkgroep Drogen, NWGD) haben unser neues Werksgel&auml;nde am 25.&nbsp;Oktober besucht. W&auml;hrend der Betriebsf&uuml;hrung haben wir den Schwerpunkt auf die weitgehende Automatisierung der Arbeitsprozesse gelegt. Die ca. 20&nbsp;Exkursionsteilnehmer konnten sich selbst davon &uuml;berzeugen, wie die CAD-Integration mit unserem ERP-System in der Praxis funktioniert.&nbsp;\" \/>\n<meta property=\"og:url\" content=\"https:\/\/www.van-beek.nl\/de\/ein-weiter-blick-auf-trockenprozesse-waehrend-einer-exkursion-der-arbeitsgruppe-trocknung\/\" \/>\n<meta property=\"og:site_name\" content=\"Van Beek Schroeftransport\" \/>\n<meta property=\"article:published_time\" content=\"2021-09-16T09:04:06+00:00\" \/>\n<meta property=\"article:modified_time\" content=\"2021-09-29T09:13:06+00:00\" \/>\n<meta property=\"og:image\" content=\"https:\/\/www.van-beek.nl\/wp-content\/uploads\/2021\/04\/1510575542-Brede_blik_op_droogketen_tijdens_excursie_NWGD_150.jpg\" \/>\n\t<meta property=\"og:image:width\" content=\"220\" \/>\n\t<meta property=\"og:image:height\" content=\"220\" \/>\n\t<meta property=\"og:image:type\" content=\"image\/jpeg\" \/>\n<meta name=\"author\" content=\"janssen\" \/>\n<meta name=\"twitter:card\" content=\"summary_large_image\" \/>\n<meta name=\"twitter:label1\" content=\"Verfasst von\" \/>\n\t<meta name=\"twitter:data1\" content=\"janssen\" \/>\n\t<meta name=\"twitter:label2\" content=\"Gesch\u00e4tzte Lesezeit\" \/>\n\t<meta name=\"twitter:data2\" content=\"2\u00a0Minuten\" \/>\n<script type=\"application\/ld+json\" class=\"yoast-schema-graph\">{\"@context\":\"https:\\\/\\\/schema.org\",\"@graph\":[{\"@type\":\"Article\",\"@id\":\"https:\\\/\\\/www.van-beek.nl\\\/de\\\/ein-weiter-blick-auf-trockenprozesse-waehrend-einer-exkursion-der-arbeitsgruppe-trocknung\\\/#article\",\"isPartOf\":{\"@id\":\"https:\\\/\\\/www.van-beek.nl\\\/de\\\/ein-weiter-blick-auf-trockenprozesse-waehrend-einer-exkursion-der-arbeitsgruppe-trocknung\\\/\"},\"author\":{\"name\":\"janssen\",\"@id\":\"https:\\\/\\\/www.van-beek.nl\\\/de\\\/#\\\/schema\\\/person\\\/d9dfeecd72ae15b7f694c5972fe9dabb\"},\"headline\":\"Ein weiter Blick auf Trockenprozesse w\u00e4hrend einer Exkursion der Arbeitsgruppe Trocknung\",\"datePublished\":\"2021-09-16T09:04:06+00:00\",\"dateModified\":\"2021-09-29T09:13:06+00:00\",\"mainEntityOfPage\":{\"@id\":\"https:\\\/\\\/www.van-beek.nl\\\/de\\\/ein-weiter-blick-auf-trockenprozesse-waehrend-einer-exkursion-der-arbeitsgruppe-trocknung\\\/\"},\"wordCount\":354,\"publisher\":{\"@id\":\"https:\\\/\\\/www.van-beek.nl\\\/de\\\/#organization\"},\"image\":{\"@id\":\"https:\\\/\\\/www.van-beek.nl\\\/de\\\/ein-weiter-blick-auf-trockenprozesse-waehrend-einer-exkursion-der-arbeitsgruppe-trocknung\\\/#primaryimage\"},\"thumbnailUrl\":\"https:\\\/\\\/www.van-beek.nl\\\/wp-content\\\/uploads\\\/2021\\\/04\\\/1510575542-Brede_blik_op_droogketen_tijdens_excursie_NWGD_150.jpg\",\"articleSection\":[\"Beek\",\"Celsius\"],\"inLanguage\":\"de\"},{\"@type\":\"WebPage\",\"@id\":\"https:\\\/\\\/www.van-beek.nl\\\/de\\\/ein-weiter-blick-auf-trockenprozesse-waehrend-einer-exkursion-der-arbeitsgruppe-trocknung\\\/\",\"url\":\"https:\\\/\\\/www.van-beek.nl\\\/de\\\/ein-weiter-blick-auf-trockenprozesse-waehrend-einer-exkursion-der-arbeitsgruppe-trocknung\\\/\",\"name\":\"Ein weiter Blick auf Trockenprozesse w\u00e4hrend einer Exkursion der Arbeitsgruppe Trocknung - Van Beek Schroeftransport\",\"isPartOf\":{\"@id\":\"https:\\\/\\\/www.van-beek.nl\\\/de\\\/#website\"},\"primaryImageOfPage\":{\"@id\":\"https:\\\/\\\/www.van-beek.nl\\\/de\\\/ein-weiter-blick-auf-trockenprozesse-waehrend-einer-exkursion-der-arbeitsgruppe-trocknung\\\/#primaryimage\"},\"image\":{\"@id\":\"https:\\\/\\\/www.van-beek.nl\\\/de\\\/ein-weiter-blick-auf-trockenprozesse-waehrend-einer-exkursion-der-arbeitsgruppe-trocknung\\\/#primaryimage\"},\"thumbnailUrl\":\"https:\\\/\\\/www.van-beek.nl\\\/wp-content\\\/uploads\\\/2021\\\/04\\\/1510575542-Brede_blik_op_droogketen_tijdens_excursie_NWGD_150.jpg\",\"datePublished\":\"2021-09-16T09:04:06+00:00\",\"dateModified\":\"2021-09-29T09:13:06+00:00\",\"breadcrumb\":{\"@id\":\"https:\\\/\\\/www.van-beek.nl\\\/de\\\/ein-weiter-blick-auf-trockenprozesse-waehrend-einer-exkursion-der-arbeitsgruppe-trocknung\\\/#breadcrumb\"},\"inLanguage\":\"de\",\"potentialAction\":[{\"@type\":\"ReadAction\",\"target\":[\"https:\\\/\\\/www.van-beek.nl\\\/de\\\/ein-weiter-blick-auf-trockenprozesse-waehrend-einer-exkursion-der-arbeitsgruppe-trocknung\\\/\"]}]},{\"@type\":\"ImageObject\",\"inLanguage\":\"de\",\"@id\":\"https:\\\/\\\/www.van-beek.nl\\\/de\\\/ein-weiter-blick-auf-trockenprozesse-waehrend-einer-exkursion-der-arbeitsgruppe-trocknung\\\/#primaryimage\",\"url\":\"https:\\\/\\\/www.van-beek.nl\\\/wp-content\\\/uploads\\\/2021\\\/04\\\/1510575542-Brede_blik_op_droogketen_tijdens_excursie_NWGD_150.jpg\",\"contentUrl\":\"https:\\\/\\\/www.van-beek.nl\\\/wp-content\\\/uploads\\\/2021\\\/04\\\/1510575542-Brede_blik_op_droogketen_tijdens_excursie_NWGD_150.jpg\",\"width\":220,\"height\":220},{\"@type\":\"BreadcrumbList\",\"@id\":\"https:\\\/\\\/www.van-beek.nl\\\/de\\\/ein-weiter-blick-auf-trockenprozesse-waehrend-einer-exkursion-der-arbeitsgruppe-trocknung\\\/#breadcrumb\",\"itemListElement\":[{\"@type\":\"ListItem\",\"position\":1,\"name\":\"Home\",\"item\":\"https:\\\/\\\/www.van-beek.nl\\\/de\\\/\"},{\"@type\":\"ListItem\",\"position\":2,\"name\":\"Ein weiter Blick auf Trockenprozesse w\u00e4hrend einer Exkursion der Arbeitsgruppe Trocknung\"}]},{\"@type\":\"WebSite\",\"@id\":\"https:\\\/\\\/www.van-beek.nl\\\/de\\\/#website\",\"url\":\"https:\\\/\\\/www.van-beek.nl\\\/de\\\/\",\"name\":\"Van Beek Schroeftransport\",\"description\":\"\",\"publisher\":{\"@id\":\"https:\\\/\\\/www.van-beek.nl\\\/de\\\/#organization\"},\"potentialAction\":[{\"@type\":\"SearchAction\",\"target\":{\"@type\":\"EntryPoint\",\"urlTemplate\":\"https:\\\/\\\/www.van-beek.nl\\\/de\\\/?s={search_term_string}\"},\"query-input\":{\"@type\":\"PropertyValueSpecification\",\"valueRequired\":true,\"valueName\":\"search_term_string\"}}],\"inLanguage\":\"de\"},{\"@type\":\"Organization\",\"@id\":\"https:\\\/\\\/www.van-beek.nl\\\/de\\\/#organization\",\"name\":\"Transportschroeven- en machinefabriek Van Beek B.V.\",\"url\":\"https:\\\/\\\/www.van-beek.nl\\\/de\\\/\",\"logo\":{\"@type\":\"ImageObject\",\"inLanguage\":\"de\",\"@id\":\"https:\\\/\\\/www.van-beek.nl\\\/de\\\/#\\\/schema\\\/logo\\\/image\\\/\",\"url\":\"https:\\\/\\\/van-beek.nl\\\/wp-content\\\/uploads\\\/2020\\\/04\\\/VanBeek-logo.png\",\"contentUrl\":\"https:\\\/\\\/van-beek.nl\\\/wp-content\\\/uploads\\\/2020\\\/04\\\/VanBeek-logo.png\",\"width\":116,\"height\":22,\"caption\":\"Transportschroeven- en machinefabriek Van Beek B.V.\"},\"image\":{\"@id\":\"https:\\\/\\\/www.van-beek.nl\\\/de\\\/#\\\/schema\\\/logo\\\/image\\\/\"}},{\"@type\":\"Person\",\"@id\":\"https:\\\/\\\/www.van-beek.nl\\\/de\\\/#\\\/schema\\\/person\\\/d9dfeecd72ae15b7f694c5972fe9dabb\",\"name\":\"janssen\",\"image\":{\"@type\":\"ImageObject\",\"inLanguage\":\"de\",\"@id\":\"https:\\\/\\\/secure.gravatar.com\\\/avatar\\\/8a1fa2275de352d3a0754e90447a63ca38079c7fa3bed6dcd83dba675d80ab18?s=96&d=mm&r=g\",\"url\":\"https:\\\/\\\/secure.gravatar.com\\\/avatar\\\/8a1fa2275de352d3a0754e90447a63ca38079c7fa3bed6dcd83dba675d80ab18?s=96&d=mm&r=g\",\"contentUrl\":\"https:\\\/\\\/secure.gravatar.com\\\/avatar\\\/8a1fa2275de352d3a0754e90447a63ca38079c7fa3bed6dcd83dba675d80ab18?s=96&d=mm&r=g\",\"caption\":\"janssen\"}}]}<\/script>\n<!-- \/ Yoast SEO plugin. -->","yoast_head_json":{"title":"Ein weiter Blick auf Trockenprozesse w\u00e4hrend einer Exkursion der Arbeitsgruppe Trocknung - Van Beek Schroeftransport","robots":{"index":"index","follow":"follow","max-snippet":"max-snippet:-1","max-image-preview":"max-image-preview:large","max-video-preview":"max-video-preview:-1"},"canonical":"https:\/\/www.van-beek.nl\/de\/ein-weiter-blick-auf-trockenprozesse-waehrend-einer-exkursion-der-arbeitsgruppe-trocknung\/","og_locale":"de_DE","og_type":"article","og_title":"Ein weiter Blick auf Trockenprozesse w\u00e4hrend einer Exkursion der Arbeitsgruppe Trocknung - Van Beek Schroeftransport","og_description":"Die Mitglieder der niederl&auml;ndischen Arbeitsgruppe Trocknung (Nederlandse Werkgroep Drogen, NWGD) haben unser neues Werksgel&auml;nde am 25.&nbsp;Oktober besucht. W&auml;hrend der Betriebsf&uuml;hrung haben wir den Schwerpunkt auf die weitgehende Automatisierung der Arbeitsprozesse gelegt. Die ca. 20&nbsp;Exkursionsteilnehmer konnten sich selbst davon &uuml;berzeugen, wie die CAD-Integration mit unserem ERP-System in der Praxis funktioniert.&nbsp;","og_url":"https:\/\/www.van-beek.nl\/de\/ein-weiter-blick-auf-trockenprozesse-waehrend-einer-exkursion-der-arbeitsgruppe-trocknung\/","og_site_name":"Van Beek Schroeftransport","article_published_time":"2021-09-16T09:04:06+00:00","article_modified_time":"2021-09-29T09:13:06+00:00","og_image":[{"width":220,"height":220,"url":"https:\/\/www.van-beek.nl\/wp-content\/uploads\/2021\/04\/1510575542-Brede_blik_op_droogketen_tijdens_excursie_NWGD_150.jpg","type":"image\/jpeg"}],"author":"janssen","twitter_card":"summary_large_image","twitter_misc":{"Verfasst von":"janssen","Gesch\u00e4tzte Lesezeit":"2\u00a0Minuten"},"schema":{"@context":"https:\/\/schema.org","@graph":[{"@type":"Article","@id":"https:\/\/www.van-beek.nl\/de\/ein-weiter-blick-auf-trockenprozesse-waehrend-einer-exkursion-der-arbeitsgruppe-trocknung\/#article","isPartOf":{"@id":"https:\/\/www.van-beek.nl\/de\/ein-weiter-blick-auf-trockenprozesse-waehrend-einer-exkursion-der-arbeitsgruppe-trocknung\/"},"author":{"name":"janssen","@id":"https:\/\/www.van-beek.nl\/de\/#\/schema\/person\/d9dfeecd72ae15b7f694c5972fe9dabb"},"headline":"Ein weiter Blick auf Trockenprozesse w\u00e4hrend einer Exkursion der Arbeitsgruppe Trocknung","datePublished":"2021-09-16T09:04:06+00:00","dateModified":"2021-09-29T09:13:06+00:00","mainEntityOfPage":{"@id":"https:\/\/www.van-beek.nl\/de\/ein-weiter-blick-auf-trockenprozesse-waehrend-einer-exkursion-der-arbeitsgruppe-trocknung\/"},"wordCount":354,"publisher":{"@id":"https:\/\/www.van-beek.nl\/de\/#organization"},"image":{"@id":"https:\/\/www.van-beek.nl\/de\/ein-weiter-blick-auf-trockenprozesse-waehrend-einer-exkursion-der-arbeitsgruppe-trocknung\/#primaryimage"},"thumbnailUrl":"https:\/\/www.van-beek.nl\/wp-content\/uploads\/2021\/04\/1510575542-Brede_blik_op_droogketen_tijdens_excursie_NWGD_150.jpg","articleSection":["Beek","Celsius"],"inLanguage":"de"},{"@type":"WebPage","@id":"https:\/\/www.van-beek.nl\/de\/ein-weiter-blick-auf-trockenprozesse-waehrend-einer-exkursion-der-arbeitsgruppe-trocknung\/","url":"https:\/\/www.van-beek.nl\/de\/ein-weiter-blick-auf-trockenprozesse-waehrend-einer-exkursion-der-arbeitsgruppe-trocknung\/","name":"Ein weiter Blick auf Trockenprozesse w\u00e4hrend einer Exkursion der Arbeitsgruppe Trocknung - Van Beek Schroeftransport","isPartOf":{"@id":"https:\/\/www.van-beek.nl\/de\/#website"},"primaryImageOfPage":{"@id":"https:\/\/www.van-beek.nl\/de\/ein-weiter-blick-auf-trockenprozesse-waehrend-einer-exkursion-der-arbeitsgruppe-trocknung\/#primaryimage"},"image":{"@id":"https:\/\/www.van-beek.nl\/de\/ein-weiter-blick-auf-trockenprozesse-waehrend-einer-exkursion-der-arbeitsgruppe-trocknung\/#primaryimage"},"thumbnailUrl":"https:\/\/www.van-beek.nl\/wp-content\/uploads\/2021\/04\/1510575542-Brede_blik_op_droogketen_tijdens_excursie_NWGD_150.jpg","datePublished":"2021-09-16T09:04:06+00:00","dateModified":"2021-09-29T09:13:06+00:00","breadcrumb":{"@id":"https:\/\/www.van-beek.nl\/de\/ein-weiter-blick-auf-trockenprozesse-waehrend-einer-exkursion-der-arbeitsgruppe-trocknung\/#breadcrumb"},"inLanguage":"de","potentialAction":[{"@type":"ReadAction","target":["https:\/\/www.van-beek.nl\/de\/ein-weiter-blick-auf-trockenprozesse-waehrend-einer-exkursion-der-arbeitsgruppe-trocknung\/"]}]},{"@type":"ImageObject","inLanguage":"de","@id":"https:\/\/www.van-beek.nl\/de\/ein-weiter-blick-auf-trockenprozesse-waehrend-einer-exkursion-der-arbeitsgruppe-trocknung\/#primaryimage","url":"https:\/\/www.van-beek.nl\/wp-content\/uploads\/2021\/04\/1510575542-Brede_blik_op_droogketen_tijdens_excursie_NWGD_150.jpg","contentUrl":"https:\/\/www.van-beek.nl\/wp-content\/uploads\/2021\/04\/1510575542-Brede_blik_op_droogketen_tijdens_excursie_NWGD_150.jpg","width":220,"height":220},{"@type":"BreadcrumbList","@id":"https:\/\/www.van-beek.nl\/de\/ein-weiter-blick-auf-trockenprozesse-waehrend-einer-exkursion-der-arbeitsgruppe-trocknung\/#breadcrumb","itemListElement":[{"@type":"ListItem","position":1,"name":"Home","item":"https:\/\/www.van-beek.nl\/de\/"},{"@type":"ListItem","position":2,"name":"Ein weiter Blick auf Trockenprozesse w\u00e4hrend einer Exkursion der Arbeitsgruppe Trocknung"}]},{"@type":"WebSite","@id":"https:\/\/www.van-beek.nl\/de\/#website","url":"https:\/\/www.van-beek.nl\/de\/","name":"Van Beek Schroeftransport","description":"","publisher":{"@id":"https:\/\/www.van-beek.nl\/de\/#organization"},"potentialAction":[{"@type":"SearchAction","target":{"@type":"EntryPoint","urlTemplate":"https:\/\/www.van-beek.nl\/de\/?s={search_term_string}"},"query-input":{"@type":"PropertyValueSpecification","valueRequired":true,"valueName":"search_term_string"}}],"inLanguage":"de"},{"@type":"Organization","@id":"https:\/\/www.van-beek.nl\/de\/#organization","name":"Transportschroeven- en machinefabriek Van Beek B.V.","url":"https:\/\/www.van-beek.nl\/de\/","logo":{"@type":"ImageObject","inLanguage":"de","@id":"https:\/\/www.van-beek.nl\/de\/#\/schema\/logo\/image\/","url":"https:\/\/van-beek.nl\/wp-content\/uploads\/2020\/04\/VanBeek-logo.png","contentUrl":"https:\/\/van-beek.nl\/wp-content\/uploads\/2020\/04\/VanBeek-logo.png","width":116,"height":22,"caption":"Transportschroeven- en machinefabriek Van Beek B.V."},"image":{"@id":"https:\/\/www.van-beek.nl\/de\/#\/schema\/logo\/image\/"}},{"@type":"Person","@id":"https:\/\/www.van-beek.nl\/de\/#\/schema\/person\/d9dfeecd72ae15b7f694c5972fe9dabb","name":"janssen","image":{"@type":"ImageObject","inLanguage":"de","@id":"https:\/\/secure.gravatar.com\/avatar\/8a1fa2275de352d3a0754e90447a63ca38079c7fa3bed6dcd83dba675d80ab18?s=96&d=mm&r=g","url":"https:\/\/secure.gravatar.com\/avatar\/8a1fa2275de352d3a0754e90447a63ca38079c7fa3bed6dcd83dba675d80ab18?s=96&d=mm&r=g","contentUrl":"https:\/\/secure.gravatar.com\/avatar\/8a1fa2275de352d3a0754e90447a63ca38079c7fa3bed6dcd83dba675d80ab18?s=96&d=mm&r=g","caption":"janssen"}}]}},"_links":{"self":[{"href":"https:\/\/www.van-beek.nl\/de\/wp-json\/wp\/v2\/posts\/8642","targetHints":{"allow":["GET"]}}],"collection":[{"href":"https:\/\/www.van-beek.nl\/de\/wp-json\/wp\/v2\/posts"}],"about":[{"href":"https:\/\/www.van-beek.nl\/de\/wp-json\/wp\/v2\/types\/post"}],"author":[{"embeddable":true,"href":"https:\/\/www.van-beek.nl\/de\/wp-json\/wp\/v2\/users\/1"}],"replies":[{"embeddable":true,"href":"https:\/\/www.van-beek.nl\/de\/wp-json\/wp\/v2\/comments?post=8642"}],"version-history":[{"count":2,"href":"https:\/\/www.van-beek.nl\/de\/wp-json\/wp\/v2\/posts\/8642\/revisions"}],"predecessor-version":[{"id":9339,"href":"https:\/\/www.van-beek.nl\/de\/wp-json\/wp\/v2\/posts\/8642\/revisions\/9339"}],"wp:featuredmedia":[{"embeddable":true,"href":"https:\/\/www.van-beek.nl\/de\/wp-json\/wp\/v2\/media\/5093"}],"wp:attachment":[{"href":"https:\/\/www.van-beek.nl\/de\/wp-json\/wp\/v2\/media?parent=8642"}],"wp:term":[{"taxonomy":"category","embeddable":true,"href":"https:\/\/www.van-beek.nl\/de\/wp-json\/wp\/v2\/categories?post=8642"},{"taxonomy":"post_tag","embeddable":true,"href":"https:\/\/www.van-beek.nl\/de\/wp-json\/wp\/v2\/tags?post=8642"}],"curies":[{"name":"wp","href":"https:\/\/api.w.org\/{rel}","templated":true}]}}