{"id":8644,"date":"2021-09-16T09:04:06","date_gmt":"2021-09-16T09:04:06","guid":{"rendered":"https:\/\/van-beek.nl\/interview-mit-roel-kneepkens-alias-mr-bulktruckloader\/"},"modified":"2021-09-29T09:14:52","modified_gmt":"2021-09-29T09:14:52","slug":"interview-mit-roel-kneepkens-alias-mr-bulktruckloader","status":"publish","type":"post","link":"https:\/\/www.van-beek.nl\/de\/interview-mit-roel-kneepkens-alias-mr-bulktruckloader\/","title":{"rendered":"Interview mit Roel Kneepkens alias Mr. Bulktruckloader"},"content":{"rendered":"<h3>\u201e<em>Wir wissen, wor\u00fcber wir reden, das ist die Kernkompetenz aller Vertriebsmitarbeiter hier.<\/em>\u201c<\/h3>\n<p><img loading=\"lazy\" decoding=\"async\" src=\"https:\/\/van-beek.nl\/wp-content\/uploads\/newsimages\/1512987586-Dat_je_weet_waar_je_over_praat_is_de_kracht_van_alle_verkopers_hier.jpg\" width=\"330\" height=\"200\" border=\"0\" \/>Sales Manager Roel Kneepkens kann dieses Jahr sein Jubil\u00e4um bei Van Beek feiern, denn er hat vor 12,5 Jahren bei Van Beek angefangen. Er hat eine solide technische Basis, sodass er mit seinen Kunden mitdenken kann.<\/p>\n<p>Durchschnittlich arbeitet Kneepkens drei Tage im B\u00fcro und zwei Tage bei Kunden vor Ort. \u201eMeistens handelt es sich um System Integrators und gr\u00f6\u00dfere Ingenieursb\u00fcros, die Endbenutzer wie Shell oder DSM bei der Einrichtung neuer Produktionswerke und -linien betreuen.\u201c<\/p>\n<p>Dann wird intensiv \u00fcber Grundrisse und Bid Books diskutiert und besprochen, wie die Schneckenf\u00f6rderer sich am besten in den Prozess integrieren lassen. In den meisten F\u00e4llen passiert dies in den Niederlanden oder Belgien. Van Beek hat jedoch auch Kunden in den USA und Indien. \u201eBei gr\u00f6\u00dferen Auftr\u00e4gen besuchen wir die Kunden vor Ort.\u201c<\/p>\n<p>W\u00e4hrend seines Studiums u.\u00a0a. an der technischen Fachhochschule in Tilburg hat Kneepkens in der Werkstatt von ISCO Technics praktische Erfahrungen gesammelt. Um das Thema seiner Diplomarbeit haben ihn viele beneidet. \u201eDamals hat der M\u00e4rchenpark Efteling untersucht, wie der Park ganzj\u00e4hrig offen bleiben kann (was inzwischen auch der Fall ist). Ich habe damals zur Einrichtung der pr\u00e4ventiven Wartungen beigetragen, die ohne Beeintr\u00e4chtigungen f\u00fcr die Besucher ausgef\u00fchrt werden sollten.\u201c<\/p>\n<p>Diese Erfahrung und seine technische Kompetenz kann er f\u00fcr seine Arbeit gut gebrauchen. \u201eWenn man eine Keksfabrik besucht, sieht man schnell, wie der Prozess abl\u00e4uft und ist dann ein guter Sparringspartner f\u00fcr den Kunden. Wir wissen, wor\u00fcber wir reden, das ist die Kernkompetenz aller Vertriebsmitarbeiter hier.\u201c Um auch Kontakt mit den Produktionsbetrieben zu behalten, bedient Kneepkens au\u00dfer den System Integrators auch einige Endbenutzer, wie z.\u00a0B. Perfetti Van Melle und Imerys Talc.<\/p>\n<p>Seit 2009 ist Kneepkens auch Ansprechpartner f\u00fcr die Dino Silowagenf\u00fcllanlage. \u201eDas ist eine komplett andere Welt, bei der ich vor allem mit Lager- und Umschlagbetrieben und Logistikdienstleistern zu tun habe. In der Verfahrensindustrie ist allgemein bekannt, dass man f\u00fcr den Transport von Feststoffen Schneckenf\u00f6rderer einsetzen kann. Bei Umschlagbetrieben und Logistikdienstleistern denkt man nicht in erster Linie an Schneckenf\u00f6rderer, wenn Big Bags in ein Silofahrzeug umgeladen werden sollen. Man ist dann echt auf der Suche nach einer passenden Verlademaschine.\u201c<\/p>\n<p>\u201eMr. Bulk Truck Loader\u201c ist das Alter Ego von Kneepkens in den sozialen Medien. Jeden Tag ver\u00f6ffentlicht er interessante Fakten oder lustige Nachrichten. M\u00f6chten Sie \u201eMr. Bulk Truck Loader\u201c auch folgen? Sie finden ihn hier auf <a href=\"https:\/\/www.facebook.com\/mrbulktruckload\" target=\"_blank\" rel=\"noopener\">Facebook<\/a> und <a href=\"https:\/\/twitter.com\/mrbulktruckload\" target=\"_blank\" rel=\"noopener\">Twitter<\/a>.<\/p>\n<p>Kneepkens gef\u00e4llt die gro\u00dfe Vielfalt der Kunden. \u201eSchwierige und einfache Probleme wechseln sich so ideal ab. Die Kunden k\u00f6nnen sich in den Niederlanden befinden, aber auch in Belgien, Irland oder S\u00fcdkorea. Es ist wunderbar, an einem Prozess beteiligt zu sein, der mit einer Idee auf Papier anf\u00e4ngt und dann in unserer eigenen Werkstatt verwirklicht wird.\u201c<\/p>\n<p>Das ist nicht der einzige Grund, warum Kneepkens jeden Tag gut gelaunt zur Arbeit geht. \u201eWir sind auch ein tolles Team und arbeiten sehr gut zusammen. Schon an meinem ersten Arbeitstag habe ich gemerkt, dass die erfahrenen Kollegen viel zur guten Arbeitsatmosph\u00e4re bei Van Beek beitragen. Sie erz\u00e4hlen gern \u00fcber ihre Arbeit und freuen sich, wenn sie ihr Wissen teilen oder gegebenenfalls einen Ratschlag geben k\u00f6nnen.\u201c<\/p>\n<p><em><a href=\"https:\/\/van-beek.nl\/\">www.van-beek.nl<\/a><\/em><\/p>\n<p><em><a href=\"http:\/\/www.dino.nl\/\">www.dino.nl<\/a><\/em><\/p>\n<p><em>und in den sozialen Medien <\/em>\u201e<em><a href=\"https:\/\/www.facebook.com\/mrbulktruckload\" target=\"_blank\" rel=\"noopener\">Mr. Bulk Truck Loader<\/a><\/em>\u201c<\/p>\n","protected":false},"excerpt":{"rendered":"<p>Sales Manager Roel Kneepkens kann dieses Jahr sein Jubil&auml;um bei Van Beek feiern, denn er hat vor 12,5 Jahren bei Van Beek angefangen. Er hat eine solide technische Basis, sodass er mit seinen Kunden mitdenken kann.<\/p>\n<p>Durchschnittlich arbeitet Kneepkens drei Tage im B&uuml;ro und zwei Tage bei Kunden vor Ort. &bdquo;Meistens handelt es sich um System Integrators und gr&ouml;&szlig;ere Ingenieursb&uuml;ros, die Endbenutzer wie Shell oder DSM bei der Einrichtung neuer Produktionswerke und -linien betreuen.&ldquo;<\/p>\n","protected":false},"author":1,"featured_media":5101,"comment_status":"closed","ping_status":"closed","sticky":false,"template":"","format":"standard","meta":{"_acf_changed":false,"content-type":"","inline_featured_image":false,"footnotes":""},"categories":[29,31],"tags":[],"class_list":["post-8644","post","type-post","status-publish","format-standard","has-post-thumbnail","hentry","category-beek-de","category-dino-de"],"acf":[],"yoast_head":"<!-- This site is optimized with the Yoast SEO plugin v27.5 - https:\/\/yoast.com\/product\/yoast-seo-wordpress\/ -->\n<title>Interview mit Roel Kneepkens alias Mr. Bulktruckloader - Van Beek Schroeftransport<\/title>\n<meta name=\"robots\" content=\"index, follow, max-snippet:-1, max-image-preview:large, max-video-preview:-1\" \/>\n<link rel=\"canonical\" href=\"https:\/\/www.van-beek.nl\/de\/interview-mit-roel-kneepkens-alias-mr-bulktruckloader\/\" \/>\n<meta property=\"og:locale\" content=\"de_DE\" \/>\n<meta property=\"og:type\" content=\"article\" \/>\n<meta property=\"og:title\" content=\"Interview mit Roel Kneepkens alias Mr. Bulktruckloader - Van Beek Schroeftransport\" \/>\n<meta property=\"og:description\" content=\"Sales Manager Roel Kneepkens kann dieses Jahr sein Jubil&auml;um bei Van Beek feiern, denn er hat vor 12,5 Jahren bei Van Beek angefangen. Er hat eine solide technische Basis, sodass er mit seinen Kunden mitdenken kann. Durchschnittlich arbeitet Kneepkens drei Tage im B&uuml;ro und zwei Tage bei Kunden vor Ort. &bdquo;Meistens handelt es sich um System Integrators und gr&ouml;&szlig;ere Ingenieursb&uuml;ros, die Endbenutzer wie Shell oder DSM bei der Einrichtung neuer Produktionswerke und -linien betreuen.&ldquo;\" \/>\n<meta property=\"og:url\" content=\"https:\/\/www.van-beek.nl\/de\/interview-mit-roel-kneepkens-alias-mr-bulktruckloader\/\" \/>\n<meta property=\"og:site_name\" content=\"Van Beek Schroeftransport\" \/>\n<meta property=\"article:published_time\" content=\"2021-09-16T09:04:06+00:00\" \/>\n<meta property=\"article:modified_time\" content=\"2021-09-29T09:14:52+00:00\" \/>\n<meta property=\"og:image\" content=\"https:\/\/www.van-beek.nl\/wp-content\/uploads\/2021\/04\/1512986345-Dat_je_weet_waar_je_over_praat_is_de_kracht_van_alle_verkopers_hier_150.jpg\" \/>\n\t<meta property=\"og:image:width\" content=\"150\" \/>\n\t<meta property=\"og:image:height\" content=\"150\" \/>\n\t<meta property=\"og:image:type\" content=\"image\/jpeg\" \/>\n<meta name=\"author\" content=\"janssen\" \/>\n<meta name=\"twitter:card\" content=\"summary_large_image\" \/>\n<meta name=\"twitter:label1\" content=\"Verfasst von\" \/>\n\t<meta name=\"twitter:data1\" content=\"janssen\" \/>\n\t<meta name=\"twitter:label2\" content=\"Gesch\u00e4tzte Lesezeit\" \/>\n\t<meta name=\"twitter:data2\" content=\"3\u00a0Minuten\" \/>\n<script type=\"application\/ld+json\" class=\"yoast-schema-graph\">{\"@context\":\"https:\\\/\\\/schema.org\",\"@graph\":[{\"@type\":\"Article\",\"@id\":\"https:\\\/\\\/www.van-beek.nl\\\/de\\\/interview-mit-roel-kneepkens-alias-mr-bulktruckloader\\\/#article\",\"isPartOf\":{\"@id\":\"https:\\\/\\\/www.van-beek.nl\\\/de\\\/interview-mit-roel-kneepkens-alias-mr-bulktruckloader\\\/\"},\"author\":{\"name\":\"janssen\",\"@id\":\"https:\\\/\\\/www.van-beek.nl\\\/de\\\/#\\\/schema\\\/person\\\/d9dfeecd72ae15b7f694c5972fe9dabb\"},\"headline\":\"Interview mit Roel Kneepkens alias Mr. Bulktruckloader\",\"datePublished\":\"2021-09-16T09:04:06+00:00\",\"dateModified\":\"2021-09-29T09:14:52+00:00\",\"mainEntityOfPage\":{\"@id\":\"https:\\\/\\\/www.van-beek.nl\\\/de\\\/interview-mit-roel-kneepkens-alias-mr-bulktruckloader\\\/\"},\"wordCount\":573,\"publisher\":{\"@id\":\"https:\\\/\\\/www.van-beek.nl\\\/de\\\/#organization\"},\"image\":{\"@id\":\"https:\\\/\\\/www.van-beek.nl\\\/de\\\/interview-mit-roel-kneepkens-alias-mr-bulktruckloader\\\/#primaryimage\"},\"thumbnailUrl\":\"https:\\\/\\\/www.van-beek.nl\\\/wp-content\\\/uploads\\\/2021\\\/04\\\/1512986345-Dat_je_weet_waar_je_over_praat_is_de_kracht_van_alle_verkopers_hier_150.jpg\",\"articleSection\":[\"Beek\",\"Dino\"],\"inLanguage\":\"de\"},{\"@type\":\"WebPage\",\"@id\":\"https:\\\/\\\/www.van-beek.nl\\\/de\\\/interview-mit-roel-kneepkens-alias-mr-bulktruckloader\\\/\",\"url\":\"https:\\\/\\\/www.van-beek.nl\\\/de\\\/interview-mit-roel-kneepkens-alias-mr-bulktruckloader\\\/\",\"name\":\"Interview mit Roel Kneepkens alias Mr. Bulktruckloader - Van Beek Schroeftransport\",\"isPartOf\":{\"@id\":\"https:\\\/\\\/www.van-beek.nl\\\/de\\\/#website\"},\"primaryImageOfPage\":{\"@id\":\"https:\\\/\\\/www.van-beek.nl\\\/de\\\/interview-mit-roel-kneepkens-alias-mr-bulktruckloader\\\/#primaryimage\"},\"image\":{\"@id\":\"https:\\\/\\\/www.van-beek.nl\\\/de\\\/interview-mit-roel-kneepkens-alias-mr-bulktruckloader\\\/#primaryimage\"},\"thumbnailUrl\":\"https:\\\/\\\/www.van-beek.nl\\\/wp-content\\\/uploads\\\/2021\\\/04\\\/1512986345-Dat_je_weet_waar_je_over_praat_is_de_kracht_van_alle_verkopers_hier_150.jpg\",\"datePublished\":\"2021-09-16T09:04:06+00:00\",\"dateModified\":\"2021-09-29T09:14:52+00:00\",\"breadcrumb\":{\"@id\":\"https:\\\/\\\/www.van-beek.nl\\\/de\\\/interview-mit-roel-kneepkens-alias-mr-bulktruckloader\\\/#breadcrumb\"},\"inLanguage\":\"de\",\"potentialAction\":[{\"@type\":\"ReadAction\",\"target\":[\"https:\\\/\\\/www.van-beek.nl\\\/de\\\/interview-mit-roel-kneepkens-alias-mr-bulktruckloader\\\/\"]}]},{\"@type\":\"ImageObject\",\"inLanguage\":\"de\",\"@id\":\"https:\\\/\\\/www.van-beek.nl\\\/de\\\/interview-mit-roel-kneepkens-alias-mr-bulktruckloader\\\/#primaryimage\",\"url\":\"https:\\\/\\\/www.van-beek.nl\\\/wp-content\\\/uploads\\\/2021\\\/04\\\/1512986345-Dat_je_weet_waar_je_over_praat_is_de_kracht_van_alle_verkopers_hier_150.jpg\",\"contentUrl\":\"https:\\\/\\\/www.van-beek.nl\\\/wp-content\\\/uploads\\\/2021\\\/04\\\/1512986345-Dat_je_weet_waar_je_over_praat_is_de_kracht_van_alle_verkopers_hier_150.jpg\",\"width\":150,\"height\":150},{\"@type\":\"BreadcrumbList\",\"@id\":\"https:\\\/\\\/www.van-beek.nl\\\/de\\\/interview-mit-roel-kneepkens-alias-mr-bulktruckloader\\\/#breadcrumb\",\"itemListElement\":[{\"@type\":\"ListItem\",\"position\":1,\"name\":\"Home\",\"item\":\"https:\\\/\\\/www.van-beek.nl\\\/de\\\/\"},{\"@type\":\"ListItem\",\"position\":2,\"name\":\"Interview mit Roel Kneepkens alias Mr. Bulktruckloader\"}]},{\"@type\":\"WebSite\",\"@id\":\"https:\\\/\\\/www.van-beek.nl\\\/de\\\/#website\",\"url\":\"https:\\\/\\\/www.van-beek.nl\\\/de\\\/\",\"name\":\"Van Beek Schroeftransport\",\"description\":\"\",\"publisher\":{\"@id\":\"https:\\\/\\\/www.van-beek.nl\\\/de\\\/#organization\"},\"potentialAction\":[{\"@type\":\"SearchAction\",\"target\":{\"@type\":\"EntryPoint\",\"urlTemplate\":\"https:\\\/\\\/www.van-beek.nl\\\/de\\\/?s={search_term_string}\"},\"query-input\":{\"@type\":\"PropertyValueSpecification\",\"valueRequired\":true,\"valueName\":\"search_term_string\"}}],\"inLanguage\":\"de\"},{\"@type\":\"Organization\",\"@id\":\"https:\\\/\\\/www.van-beek.nl\\\/de\\\/#organization\",\"name\":\"Transportschroeven- en machinefabriek Van Beek B.V.\",\"url\":\"https:\\\/\\\/www.van-beek.nl\\\/de\\\/\",\"logo\":{\"@type\":\"ImageObject\",\"inLanguage\":\"de\",\"@id\":\"https:\\\/\\\/www.van-beek.nl\\\/de\\\/#\\\/schema\\\/logo\\\/image\\\/\",\"url\":\"https:\\\/\\\/van-beek.nl\\\/wp-content\\\/uploads\\\/2020\\\/04\\\/VanBeek-logo.png\",\"contentUrl\":\"https:\\\/\\\/van-beek.nl\\\/wp-content\\\/uploads\\\/2020\\\/04\\\/VanBeek-logo.png\",\"width\":116,\"height\":22,\"caption\":\"Transportschroeven- en machinefabriek Van Beek B.V.\"},\"image\":{\"@id\":\"https:\\\/\\\/www.van-beek.nl\\\/de\\\/#\\\/schema\\\/logo\\\/image\\\/\"}},{\"@type\":\"Person\",\"@id\":\"https:\\\/\\\/www.van-beek.nl\\\/de\\\/#\\\/schema\\\/person\\\/d9dfeecd72ae15b7f694c5972fe9dabb\",\"name\":\"janssen\",\"image\":{\"@type\":\"ImageObject\",\"inLanguage\":\"de\",\"@id\":\"https:\\\/\\\/secure.gravatar.com\\\/avatar\\\/8a1fa2275de352d3a0754e90447a63ca38079c7fa3bed6dcd83dba675d80ab18?s=96&d=mm&r=g\",\"url\":\"https:\\\/\\\/secure.gravatar.com\\\/avatar\\\/8a1fa2275de352d3a0754e90447a63ca38079c7fa3bed6dcd83dba675d80ab18?s=96&d=mm&r=g\",\"contentUrl\":\"https:\\\/\\\/secure.gravatar.com\\\/avatar\\\/8a1fa2275de352d3a0754e90447a63ca38079c7fa3bed6dcd83dba675d80ab18?s=96&d=mm&r=g\",\"caption\":\"janssen\"}}]}<\/script>\n<!-- \/ Yoast SEO plugin. -->","yoast_head_json":{"title":"Interview mit Roel Kneepkens alias Mr. Bulktruckloader - Van Beek Schroeftransport","robots":{"index":"index","follow":"follow","max-snippet":"max-snippet:-1","max-image-preview":"max-image-preview:large","max-video-preview":"max-video-preview:-1"},"canonical":"https:\/\/www.van-beek.nl\/de\/interview-mit-roel-kneepkens-alias-mr-bulktruckloader\/","og_locale":"de_DE","og_type":"article","og_title":"Interview mit Roel Kneepkens alias Mr. Bulktruckloader - Van Beek Schroeftransport","og_description":"Sales Manager Roel Kneepkens kann dieses Jahr sein Jubil&auml;um bei Van Beek feiern, denn er hat vor 12,5 Jahren bei Van Beek angefangen. Er hat eine solide technische Basis, sodass er mit seinen Kunden mitdenken kann. Durchschnittlich arbeitet Kneepkens drei Tage im B&uuml;ro und zwei Tage bei Kunden vor Ort. &bdquo;Meistens handelt es sich um System Integrators und gr&ouml;&szlig;ere Ingenieursb&uuml;ros, die Endbenutzer wie Shell oder DSM bei der Einrichtung neuer Produktionswerke und -linien betreuen.&ldquo;","og_url":"https:\/\/www.van-beek.nl\/de\/interview-mit-roel-kneepkens-alias-mr-bulktruckloader\/","og_site_name":"Van Beek Schroeftransport","article_published_time":"2021-09-16T09:04:06+00:00","article_modified_time":"2021-09-29T09:14:52+00:00","og_image":[{"width":150,"height":150,"url":"https:\/\/www.van-beek.nl\/wp-content\/uploads\/2021\/04\/1512986345-Dat_je_weet_waar_je_over_praat_is_de_kracht_van_alle_verkopers_hier_150.jpg","type":"image\/jpeg"}],"author":"janssen","twitter_card":"summary_large_image","twitter_misc":{"Verfasst von":"janssen","Gesch\u00e4tzte Lesezeit":"3\u00a0Minuten"},"schema":{"@context":"https:\/\/schema.org","@graph":[{"@type":"Article","@id":"https:\/\/www.van-beek.nl\/de\/interview-mit-roel-kneepkens-alias-mr-bulktruckloader\/#article","isPartOf":{"@id":"https:\/\/www.van-beek.nl\/de\/interview-mit-roel-kneepkens-alias-mr-bulktruckloader\/"},"author":{"name":"janssen","@id":"https:\/\/www.van-beek.nl\/de\/#\/schema\/person\/d9dfeecd72ae15b7f694c5972fe9dabb"},"headline":"Interview mit Roel Kneepkens alias Mr. Bulktruckloader","datePublished":"2021-09-16T09:04:06+00:00","dateModified":"2021-09-29T09:14:52+00:00","mainEntityOfPage":{"@id":"https:\/\/www.van-beek.nl\/de\/interview-mit-roel-kneepkens-alias-mr-bulktruckloader\/"},"wordCount":573,"publisher":{"@id":"https:\/\/www.van-beek.nl\/de\/#organization"},"image":{"@id":"https:\/\/www.van-beek.nl\/de\/interview-mit-roel-kneepkens-alias-mr-bulktruckloader\/#primaryimage"},"thumbnailUrl":"https:\/\/www.van-beek.nl\/wp-content\/uploads\/2021\/04\/1512986345-Dat_je_weet_waar_je_over_praat_is_de_kracht_van_alle_verkopers_hier_150.jpg","articleSection":["Beek","Dino"],"inLanguage":"de"},{"@type":"WebPage","@id":"https:\/\/www.van-beek.nl\/de\/interview-mit-roel-kneepkens-alias-mr-bulktruckloader\/","url":"https:\/\/www.van-beek.nl\/de\/interview-mit-roel-kneepkens-alias-mr-bulktruckloader\/","name":"Interview mit Roel Kneepkens alias Mr. Bulktruckloader - Van Beek Schroeftransport","isPartOf":{"@id":"https:\/\/www.van-beek.nl\/de\/#website"},"primaryImageOfPage":{"@id":"https:\/\/www.van-beek.nl\/de\/interview-mit-roel-kneepkens-alias-mr-bulktruckloader\/#primaryimage"},"image":{"@id":"https:\/\/www.van-beek.nl\/de\/interview-mit-roel-kneepkens-alias-mr-bulktruckloader\/#primaryimage"},"thumbnailUrl":"https:\/\/www.van-beek.nl\/wp-content\/uploads\/2021\/04\/1512986345-Dat_je_weet_waar_je_over_praat_is_de_kracht_van_alle_verkopers_hier_150.jpg","datePublished":"2021-09-16T09:04:06+00:00","dateModified":"2021-09-29T09:14:52+00:00","breadcrumb":{"@id":"https:\/\/www.van-beek.nl\/de\/interview-mit-roel-kneepkens-alias-mr-bulktruckloader\/#breadcrumb"},"inLanguage":"de","potentialAction":[{"@type":"ReadAction","target":["https:\/\/www.van-beek.nl\/de\/interview-mit-roel-kneepkens-alias-mr-bulktruckloader\/"]}]},{"@type":"ImageObject","inLanguage":"de","@id":"https:\/\/www.van-beek.nl\/de\/interview-mit-roel-kneepkens-alias-mr-bulktruckloader\/#primaryimage","url":"https:\/\/www.van-beek.nl\/wp-content\/uploads\/2021\/04\/1512986345-Dat_je_weet_waar_je_over_praat_is_de_kracht_van_alle_verkopers_hier_150.jpg","contentUrl":"https:\/\/www.van-beek.nl\/wp-content\/uploads\/2021\/04\/1512986345-Dat_je_weet_waar_je_over_praat_is_de_kracht_van_alle_verkopers_hier_150.jpg","width":150,"height":150},{"@type":"BreadcrumbList","@id":"https:\/\/www.van-beek.nl\/de\/interview-mit-roel-kneepkens-alias-mr-bulktruckloader\/#breadcrumb","itemListElement":[{"@type":"ListItem","position":1,"name":"Home","item":"https:\/\/www.van-beek.nl\/de\/"},{"@type":"ListItem","position":2,"name":"Interview mit Roel Kneepkens alias Mr. Bulktruckloader"}]},{"@type":"WebSite","@id":"https:\/\/www.van-beek.nl\/de\/#website","url":"https:\/\/www.van-beek.nl\/de\/","name":"Van Beek Schroeftransport","description":"","publisher":{"@id":"https:\/\/www.van-beek.nl\/de\/#organization"},"potentialAction":[{"@type":"SearchAction","target":{"@type":"EntryPoint","urlTemplate":"https:\/\/www.van-beek.nl\/de\/?s={search_term_string}"},"query-input":{"@type":"PropertyValueSpecification","valueRequired":true,"valueName":"search_term_string"}}],"inLanguage":"de"},{"@type":"Organization","@id":"https:\/\/www.van-beek.nl\/de\/#organization","name":"Transportschroeven- en machinefabriek Van Beek B.V.","url":"https:\/\/www.van-beek.nl\/de\/","logo":{"@type":"ImageObject","inLanguage":"de","@id":"https:\/\/www.van-beek.nl\/de\/#\/schema\/logo\/image\/","url":"https:\/\/van-beek.nl\/wp-content\/uploads\/2020\/04\/VanBeek-logo.png","contentUrl":"https:\/\/van-beek.nl\/wp-content\/uploads\/2020\/04\/VanBeek-logo.png","width":116,"height":22,"caption":"Transportschroeven- en machinefabriek Van Beek B.V."},"image":{"@id":"https:\/\/www.van-beek.nl\/de\/#\/schema\/logo\/image\/"}},{"@type":"Person","@id":"https:\/\/www.van-beek.nl\/de\/#\/schema\/person\/d9dfeecd72ae15b7f694c5972fe9dabb","name":"janssen","image":{"@type":"ImageObject","inLanguage":"de","@id":"https:\/\/secure.gravatar.com\/avatar\/8a1fa2275de352d3a0754e90447a63ca38079c7fa3bed6dcd83dba675d80ab18?s=96&d=mm&r=g","url":"https:\/\/secure.gravatar.com\/avatar\/8a1fa2275de352d3a0754e90447a63ca38079c7fa3bed6dcd83dba675d80ab18?s=96&d=mm&r=g","contentUrl":"https:\/\/secure.gravatar.com\/avatar\/8a1fa2275de352d3a0754e90447a63ca38079c7fa3bed6dcd83dba675d80ab18?s=96&d=mm&r=g","caption":"janssen"}}]}},"_links":{"self":[{"href":"https:\/\/www.van-beek.nl\/de\/wp-json\/wp\/v2\/posts\/8644","targetHints":{"allow":["GET"]}}],"collection":[{"href":"https:\/\/www.van-beek.nl\/de\/wp-json\/wp\/v2\/posts"}],"about":[{"href":"https:\/\/www.van-beek.nl\/de\/wp-json\/wp\/v2\/types\/post"}],"author":[{"embeddable":true,"href":"https:\/\/www.van-beek.nl\/de\/wp-json\/wp\/v2\/users\/1"}],"replies":[{"embeddable":true,"href":"https:\/\/www.van-beek.nl\/de\/wp-json\/wp\/v2\/comments?post=8644"}],"version-history":[{"count":2,"href":"https:\/\/www.van-beek.nl\/de\/wp-json\/wp\/v2\/posts\/8644\/revisions"}],"predecessor-version":[{"id":9342,"href":"https:\/\/www.van-beek.nl\/de\/wp-json\/wp\/v2\/posts\/8644\/revisions\/9342"}],"wp:featuredmedia":[{"embeddable":true,"href":"https:\/\/www.van-beek.nl\/de\/wp-json\/wp\/v2\/media\/5101"}],"wp:attachment":[{"href":"https:\/\/www.van-beek.nl\/de\/wp-json\/wp\/v2\/media?parent=8644"}],"wp:term":[{"taxonomy":"category","embeddable":true,"href":"https:\/\/www.van-beek.nl\/de\/wp-json\/wp\/v2\/categories?post=8644"},{"taxonomy":"post_tag","embeddable":true,"href":"https:\/\/www.van-beek.nl\/de\/wp-json\/wp\/v2\/tags?post=8644"}],"curies":[{"name":"wp","href":"https:\/\/api.w.org\/{rel}","templated":true}]}}