{"id":8669,"date":"2021-09-16T09:04:21","date_gmt":"2021-09-16T09:04:21","guid":{"rendered":"https:\/\/van-beek.nl\/neues-kompetenzzentrum-bei-van-beek-die-blue-zone\/"},"modified":"2021-09-29T08:38:48","modified_gmt":"2021-09-29T08:38:48","slug":"neues-kompetenzzentrum-bei-van-beek-die-blue-zone","status":"publish","type":"post","link":"https:\/\/www.van-beek.nl\/de\/neues-kompetenzzentrum-bei-van-beek-die-blue-zone\/","title":{"rendered":"Neues Kompetenzzentrum bei Van Beek: die Blue Zone"},"content":{"rendered":"<p>Die Blue Zone ist unser neues Kompetenzzentrum f\u00fcr Schneckenf\u00f6rderer. Bei der Blue Zone handelt es sich um einen abgegrenzten Bereich unserer Betriebshalle, in dem unsere Produkte getestet, untersucht und \u00fcberpr\u00fcft werden. In diesem auf Innovation und weitere Professionalisierung ausgerichteten Bereich findet auch die Abnahme unserer Produkte statt.<\/p>\n<p><strong><img loading=\"lazy\" decoding=\"async\" src=\"https:\/\/van-beek.nl\/wp-content\/uploads\/newsimages\/1581414067-Nieuw_expertisecentrum_bij_Van_Beek_de_Blue_Zone_01.jpg\" width=\"330\" height=\"220\" border=\"0\" \/>Optisch hervorgehoben<\/strong><br \/>\nBei der Gestaltung der Blue Zone spielte das Blau im Logo von Van Beek eine markante Rolle. Die Blue Zone ist durch den blau ausgef\u00fchrten Hallenboden im Eckbereich der Betriebshalle deutlich gekennzeichnet. Gro\u00dfe bewegliche Leinw\u00e4nde und Stellw\u00e4nde sorgen f\u00fcr eine noch bessere optische Abgrenzung dieses f\u00fcr Innovations-, Forschungs- und Abnahmezwecke vorgesehenen Bereichs. \u201eDiese Leinw\u00e4nde bilden auch die Kulisse f\u00fcr die einheitliche Pr\u00e4sentation unserer neuen Produkte\u201c, sagt F&amp;E-Ingenieur Michiel van Mourik stolz. \u201eEin vielseitiger Bereich der Halle, den wir optimal nutzen, um unsere Produkte zu optimieren und die W\u00fcnsche unserer Kunden zu erf\u00fcllen.\u201c<\/p>\n<p><strong><img loading=\"lazy\" decoding=\"async\" src=\"https:\/\/van-beek.nl\/wp-content\/uploads\/newsimages\/1581414066-Nieuw_expertisecentrum_bij_Van_Beek_de_Blue_Zone.jpg\" width=\"330\" height=\"220\" border=\"0\" \/>Testen<br \/>\n<\/strong>Die Blue Zone besteht aus drei Teilbereichen: dem \u201eTest Room\u201c, dem \u201eBrain Room\u201c und dem \u201eTake-off\u201c. Im abgegrenzten \u201eTest Room\u201c testen wir f\u00fcr unsere Kunden das Laufverhalten verschiedener Produkte. \u201eSo k\u00f6nnen wir die Auswirkungen eines Schneckenf\u00f6rderers auf ein bestimmtes Produkt, wie zum Beispiel marinierte H\u00e4hnchenteile, testen\u201c, erkl\u00e4rt Van Mourik. \u201eDiese Tests k\u00f6nnen 5 Minuten in Anspruch nehmen, aber auch einen ganzen Tag dauern. Gemeinsam mit dem Kunden suchen wir die beste L\u00f6sung f\u00fcr ein optimales Endergebnis\u201c. Die Testmaschinen k\u00f6nnen vom Kunden auch f\u00fcr Tests im eigenen Produktionsprozess geliehen werden.<\/p>\n<p><strong><img loading=\"lazy\" decoding=\"async\" src=\"https:\/\/van-beek.nl\/wp-content\/uploads\/newsimages\/1581414067-Nieuw_expertisecentrum_bij_Van_Beek_de_Blue_Zone_02.jpg\" width=\"330\" height=\"220\" border=\"0\" \/>Analysieren<br \/>\n<\/strong>Im \u201eBrain Room\u201c k\u00f6nnen Kunden alle Testergebnisse sofort einsehen, analysieren und besprechen. \u201eWir filmen und analysieren jeden Test\u201c, sagt Van Mourik. \u201eWelche Probleme gibt es, was k\u00f6nnte verbessert werden? Alle Testergebnisse werden in einer Datenbank erfasst, um das Verhalten des Produkts in einer bestimmten Maschine vorhersagen zu k\u00f6nnen. Mit diesem Wissen k\u00f6nnen wir bereits im Vorfeld absch\u00e4tzen, welcher Schneckenf\u00f6rderer sich f\u00fcr einen Kunden und sein Produkt am besten eignet und brauchen w\u00e4hrend des Projekts keine weiteren Tests mehr durchzuf\u00fchren. Wir vergr\u00f6\u00dfern st\u00e4ndig unser Know-how und bieten unseren Kunden so die bestm\u00f6gliche L\u00f6sung f\u00fcr ihre Bed\u00fcrfnisse.\u201c Derzeit nutzen wir die Blue Zone zum Beispiel f\u00fcr die Entwicklung einer m\u00f6glichst verschlei\u00dfarmen Dichtung f\u00fcr ein bestimmtes Produkt.<\/p>\n<p><strong><img loading=\"lazy\" decoding=\"async\" src=\"https:\/\/van-beek.nl\/wp-content\/uploads\/newsimages\/1581414234-Nieuw_expertisecentrum_bij_Van_Beek_de_Blue_Zone_03.jpg\" width=\"330\" height=\"220\" border=\"0\" \/>Abnahme<br \/>\n<\/strong>Fr\u00fcher fand die Abnahme der Maschine durch den Kunden in der Fertigung statt, jetzt ist daf\u00fcr der \u201eTake-off\u201c-Bereich in der Blue Zone vorgesehen. Dieser Bereich erm\u00f6glicht die offizielle \u00dcbergabe einer Maschine an den Kunden in angemessener Weise. \u201eJetzt verf\u00fcgen wir \u00fcber den geeigneten Ort, um die Abnahme ungest\u00f6rt durchf\u00fchren zu k\u00f6nnen\u201c, f\u00e4hrt Van Mourik zufrieden fort. \u201eDie Blue Zone als Kompetenzzentrum f\u00fcr Schneckenf\u00f6rderer erm\u00f6glicht es uns, unsere Kunden fr\u00fchzeitig in das Projekt einzubeziehen. Au\u00dferdem k\u00f6nnen wir ein Projekt jetzt angemessen abschlie\u00dfen\u201c.<\/p>\n<p><strong>Sind Sie neugierig geworden?<br \/>\n<\/strong>Die Blue Zone kommt sowohl intern als auch extern gut an und wird zunehmend genutzt. M\u00f6chten Sie mehr dar\u00fcber erfahren, welche M\u00f6glichkeiten Ihnen die Blue Zone zu bieten hat? Kontaktieren Sie uns! Wir laden Sie herzlich ein, bei uns vorbeizuschauen und sich selbst einen ersten Eindruck zu verschaffen.<\/p>\n","protected":false},"excerpt":{"rendered":"<p>Die Blue Zone ist unser neues Kompetenzzentrum f&uuml;r Schneckenf&ouml;rderer. Bei der Blue Zone handelt es sich um einen abgegrenzten Bereich unserer Betriebshalle, in dem unsere Produkte getestet, untersucht und &uuml;berpr&uuml;ft werden. In diesem auf Innovation und weitere Professionalisierung ausgerichteten Bereich findet auch die Abnahme unserer Produkte statt.<\/p>\n","protected":false},"author":1,"featured_media":5225,"comment_status":"closed","ping_status":"closed","sticky":false,"template":"","format":"standard","meta":{"_acf_changed":false,"content-type":"","inline_featured_image":false,"footnotes":""},"categories":[29,30,31],"tags":[],"class_list":["post-8669","post","type-post","status-publish","format-standard","has-post-thumbnail","hentry","category-beek-de","category-celsius-de","category-dino-de"],"acf":[],"yoast_head":"<!-- This site is optimized with the Yoast SEO plugin v27.5 - https:\/\/yoast.com\/product\/yoast-seo-wordpress\/ -->\n<title>Neues Kompetenzzentrum bei Van Beek: die Blue Zone - Van Beek Schroeftransport<\/title>\n<meta name=\"robots\" content=\"index, follow, max-snippet:-1, max-image-preview:large, max-video-preview:-1\" \/>\n<link rel=\"canonical\" href=\"https:\/\/www.van-beek.nl\/de\/neues-kompetenzzentrum-bei-van-beek-die-blue-zone\/\" \/>\n<meta property=\"og:locale\" content=\"de_DE\" \/>\n<meta property=\"og:type\" content=\"article\" \/>\n<meta property=\"og:title\" content=\"Neues Kompetenzzentrum bei Van Beek: die Blue Zone - Van Beek Schroeftransport\" \/>\n<meta property=\"og:description\" content=\"Die Blue Zone ist unser neues Kompetenzzentrum f&uuml;r Schneckenf&ouml;rderer. Bei der Blue Zone handelt es sich um einen abgegrenzten Bereich unserer Betriebshalle, in dem unsere Produkte getestet, untersucht und &uuml;berpr&uuml;ft werden. In diesem auf Innovation und weitere Professionalisierung ausgerichteten Bereich findet auch die Abnahme unserer Produkte statt.\" \/>\n<meta property=\"og:url\" content=\"https:\/\/www.van-beek.nl\/de\/neues-kompetenzzentrum-bei-van-beek-die-blue-zone\/\" \/>\n<meta property=\"og:site_name\" content=\"Van Beek Schroeftransport\" \/>\n<meta property=\"article:published_time\" content=\"2021-09-16T09:04:21+00:00\" \/>\n<meta property=\"article:modified_time\" content=\"2021-09-29T08:38:48+00:00\" \/>\n<meta property=\"og:image\" content=\"https:\/\/www.van-beek.nl\/wp-content\/uploads\/2021\/04\/1581413817-Nieuw_expertisecentrum_bij_Van_Beek_de_Blue_Zone_150.jpg\" \/>\n\t<meta property=\"og:image:width\" content=\"150\" \/>\n\t<meta property=\"og:image:height\" content=\"150\" \/>\n\t<meta property=\"og:image:type\" content=\"image\/jpeg\" \/>\n<meta name=\"author\" content=\"janssen\" \/>\n<meta name=\"twitter:card\" content=\"summary_large_image\" \/>\n<meta name=\"twitter:label1\" content=\"Verfasst von\" \/>\n\t<meta name=\"twitter:data1\" content=\"janssen\" \/>\n\t<meta name=\"twitter:label2\" content=\"Gesch\u00e4tzte Lesezeit\" \/>\n\t<meta name=\"twitter:data2\" content=\"3\u00a0Minuten\" \/>\n<script type=\"application\/ld+json\" class=\"yoast-schema-graph\">{\"@context\":\"https:\\\/\\\/schema.org\",\"@graph\":[{\"@type\":\"Article\",\"@id\":\"https:\\\/\\\/www.van-beek.nl\\\/de\\\/neues-kompetenzzentrum-bei-van-beek-die-blue-zone\\\/#article\",\"isPartOf\":{\"@id\":\"https:\\\/\\\/www.van-beek.nl\\\/de\\\/neues-kompetenzzentrum-bei-van-beek-die-blue-zone\\\/\"},\"author\":{\"name\":\"janssen\",\"@id\":\"https:\\\/\\\/www.van-beek.nl\\\/de\\\/#\\\/schema\\\/person\\\/d9dfeecd72ae15b7f694c5972fe9dabb\"},\"headline\":\"Neues Kompetenzzentrum bei Van Beek: die Blue Zone\",\"datePublished\":\"2021-09-16T09:04:21+00:00\",\"dateModified\":\"2021-09-29T08:38:48+00:00\",\"mainEntityOfPage\":{\"@id\":\"https:\\\/\\\/www.van-beek.nl\\\/de\\\/neues-kompetenzzentrum-bei-van-beek-die-blue-zone\\\/\"},\"wordCount\":551,\"publisher\":{\"@id\":\"https:\\\/\\\/www.van-beek.nl\\\/de\\\/#organization\"},\"image\":{\"@id\":\"https:\\\/\\\/www.van-beek.nl\\\/de\\\/neues-kompetenzzentrum-bei-van-beek-die-blue-zone\\\/#primaryimage\"},\"thumbnailUrl\":\"https:\\\/\\\/www.van-beek.nl\\\/wp-content\\\/uploads\\\/2021\\\/04\\\/1581413817-Nieuw_expertisecentrum_bij_Van_Beek_de_Blue_Zone_150.jpg\",\"articleSection\":[\"Beek\",\"Celsius\",\"Dino\"],\"inLanguage\":\"de\"},{\"@type\":\"WebPage\",\"@id\":\"https:\\\/\\\/www.van-beek.nl\\\/de\\\/neues-kompetenzzentrum-bei-van-beek-die-blue-zone\\\/\",\"url\":\"https:\\\/\\\/www.van-beek.nl\\\/de\\\/neues-kompetenzzentrum-bei-van-beek-die-blue-zone\\\/\",\"name\":\"Neues Kompetenzzentrum bei Van Beek: die Blue Zone - Van Beek Schroeftransport\",\"isPartOf\":{\"@id\":\"https:\\\/\\\/www.van-beek.nl\\\/de\\\/#website\"},\"primaryImageOfPage\":{\"@id\":\"https:\\\/\\\/www.van-beek.nl\\\/de\\\/neues-kompetenzzentrum-bei-van-beek-die-blue-zone\\\/#primaryimage\"},\"image\":{\"@id\":\"https:\\\/\\\/www.van-beek.nl\\\/de\\\/neues-kompetenzzentrum-bei-van-beek-die-blue-zone\\\/#primaryimage\"},\"thumbnailUrl\":\"https:\\\/\\\/www.van-beek.nl\\\/wp-content\\\/uploads\\\/2021\\\/04\\\/1581413817-Nieuw_expertisecentrum_bij_Van_Beek_de_Blue_Zone_150.jpg\",\"datePublished\":\"2021-09-16T09:04:21+00:00\",\"dateModified\":\"2021-09-29T08:38:48+00:00\",\"breadcrumb\":{\"@id\":\"https:\\\/\\\/www.van-beek.nl\\\/de\\\/neues-kompetenzzentrum-bei-van-beek-die-blue-zone\\\/#breadcrumb\"},\"inLanguage\":\"de\",\"potentialAction\":[{\"@type\":\"ReadAction\",\"target\":[\"https:\\\/\\\/www.van-beek.nl\\\/de\\\/neues-kompetenzzentrum-bei-van-beek-die-blue-zone\\\/\"]}]},{\"@type\":\"ImageObject\",\"inLanguage\":\"de\",\"@id\":\"https:\\\/\\\/www.van-beek.nl\\\/de\\\/neues-kompetenzzentrum-bei-van-beek-die-blue-zone\\\/#primaryimage\",\"url\":\"https:\\\/\\\/www.van-beek.nl\\\/wp-content\\\/uploads\\\/2021\\\/04\\\/1581413817-Nieuw_expertisecentrum_bij_Van_Beek_de_Blue_Zone_150.jpg\",\"contentUrl\":\"https:\\\/\\\/www.van-beek.nl\\\/wp-content\\\/uploads\\\/2021\\\/04\\\/1581413817-Nieuw_expertisecentrum_bij_Van_Beek_de_Blue_Zone_150.jpg\",\"width\":150,\"height\":150},{\"@type\":\"BreadcrumbList\",\"@id\":\"https:\\\/\\\/www.van-beek.nl\\\/de\\\/neues-kompetenzzentrum-bei-van-beek-die-blue-zone\\\/#breadcrumb\",\"itemListElement\":[{\"@type\":\"ListItem\",\"position\":1,\"name\":\"Home\",\"item\":\"https:\\\/\\\/www.van-beek.nl\\\/de\\\/\"},{\"@type\":\"ListItem\",\"position\":2,\"name\":\"Neues Kompetenzzentrum bei Van Beek: die Blue Zone\"}]},{\"@type\":\"WebSite\",\"@id\":\"https:\\\/\\\/www.van-beek.nl\\\/de\\\/#website\",\"url\":\"https:\\\/\\\/www.van-beek.nl\\\/de\\\/\",\"name\":\"Van Beek Schroeftransport\",\"description\":\"\",\"publisher\":{\"@id\":\"https:\\\/\\\/www.van-beek.nl\\\/de\\\/#organization\"},\"potentialAction\":[{\"@type\":\"SearchAction\",\"target\":{\"@type\":\"EntryPoint\",\"urlTemplate\":\"https:\\\/\\\/www.van-beek.nl\\\/de\\\/?s={search_term_string}\"},\"query-input\":{\"@type\":\"PropertyValueSpecification\",\"valueRequired\":true,\"valueName\":\"search_term_string\"}}],\"inLanguage\":\"de\"},{\"@type\":\"Organization\",\"@id\":\"https:\\\/\\\/www.van-beek.nl\\\/de\\\/#organization\",\"name\":\"Transportschroeven- en machinefabriek Van Beek B.V.\",\"url\":\"https:\\\/\\\/www.van-beek.nl\\\/de\\\/\",\"logo\":{\"@type\":\"ImageObject\",\"inLanguage\":\"de\",\"@id\":\"https:\\\/\\\/www.van-beek.nl\\\/de\\\/#\\\/schema\\\/logo\\\/image\\\/\",\"url\":\"https:\\\/\\\/van-beek.nl\\\/wp-content\\\/uploads\\\/2020\\\/04\\\/VanBeek-logo.png\",\"contentUrl\":\"https:\\\/\\\/van-beek.nl\\\/wp-content\\\/uploads\\\/2020\\\/04\\\/VanBeek-logo.png\",\"width\":116,\"height\":22,\"caption\":\"Transportschroeven- en machinefabriek Van Beek B.V.\"},\"image\":{\"@id\":\"https:\\\/\\\/www.van-beek.nl\\\/de\\\/#\\\/schema\\\/logo\\\/image\\\/\"}},{\"@type\":\"Person\",\"@id\":\"https:\\\/\\\/www.van-beek.nl\\\/de\\\/#\\\/schema\\\/person\\\/d9dfeecd72ae15b7f694c5972fe9dabb\",\"name\":\"janssen\",\"image\":{\"@type\":\"ImageObject\",\"inLanguage\":\"de\",\"@id\":\"https:\\\/\\\/secure.gravatar.com\\\/avatar\\\/8a1fa2275de352d3a0754e90447a63ca38079c7fa3bed6dcd83dba675d80ab18?s=96&d=mm&r=g\",\"url\":\"https:\\\/\\\/secure.gravatar.com\\\/avatar\\\/8a1fa2275de352d3a0754e90447a63ca38079c7fa3bed6dcd83dba675d80ab18?s=96&d=mm&r=g\",\"contentUrl\":\"https:\\\/\\\/secure.gravatar.com\\\/avatar\\\/8a1fa2275de352d3a0754e90447a63ca38079c7fa3bed6dcd83dba675d80ab18?s=96&d=mm&r=g\",\"caption\":\"janssen\"}}]}<\/script>\n<!-- \/ Yoast SEO plugin. -->","yoast_head_json":{"title":"Neues Kompetenzzentrum bei Van Beek: die Blue Zone - Van Beek Schroeftransport","robots":{"index":"index","follow":"follow","max-snippet":"max-snippet:-1","max-image-preview":"max-image-preview:large","max-video-preview":"max-video-preview:-1"},"canonical":"https:\/\/www.van-beek.nl\/de\/neues-kompetenzzentrum-bei-van-beek-die-blue-zone\/","og_locale":"de_DE","og_type":"article","og_title":"Neues Kompetenzzentrum bei Van Beek: die Blue Zone - Van Beek Schroeftransport","og_description":"Die Blue Zone ist unser neues Kompetenzzentrum f&uuml;r Schneckenf&ouml;rderer. Bei der Blue Zone handelt es sich um einen abgegrenzten Bereich unserer Betriebshalle, in dem unsere Produkte getestet, untersucht und &uuml;berpr&uuml;ft werden. In diesem auf Innovation und weitere Professionalisierung ausgerichteten Bereich findet auch die Abnahme unserer Produkte statt.","og_url":"https:\/\/www.van-beek.nl\/de\/neues-kompetenzzentrum-bei-van-beek-die-blue-zone\/","og_site_name":"Van Beek Schroeftransport","article_published_time":"2021-09-16T09:04:21+00:00","article_modified_time":"2021-09-29T08:38:48+00:00","og_image":[{"width":150,"height":150,"url":"https:\/\/www.van-beek.nl\/wp-content\/uploads\/2021\/04\/1581413817-Nieuw_expertisecentrum_bij_Van_Beek_de_Blue_Zone_150.jpg","type":"image\/jpeg"}],"author":"janssen","twitter_card":"summary_large_image","twitter_misc":{"Verfasst von":"janssen","Gesch\u00e4tzte Lesezeit":"3\u00a0Minuten"},"schema":{"@context":"https:\/\/schema.org","@graph":[{"@type":"Article","@id":"https:\/\/www.van-beek.nl\/de\/neues-kompetenzzentrum-bei-van-beek-die-blue-zone\/#article","isPartOf":{"@id":"https:\/\/www.van-beek.nl\/de\/neues-kompetenzzentrum-bei-van-beek-die-blue-zone\/"},"author":{"name":"janssen","@id":"https:\/\/www.van-beek.nl\/de\/#\/schema\/person\/d9dfeecd72ae15b7f694c5972fe9dabb"},"headline":"Neues Kompetenzzentrum bei Van Beek: die Blue Zone","datePublished":"2021-09-16T09:04:21+00:00","dateModified":"2021-09-29T08:38:48+00:00","mainEntityOfPage":{"@id":"https:\/\/www.van-beek.nl\/de\/neues-kompetenzzentrum-bei-van-beek-die-blue-zone\/"},"wordCount":551,"publisher":{"@id":"https:\/\/www.van-beek.nl\/de\/#organization"},"image":{"@id":"https:\/\/www.van-beek.nl\/de\/neues-kompetenzzentrum-bei-van-beek-die-blue-zone\/#primaryimage"},"thumbnailUrl":"https:\/\/www.van-beek.nl\/wp-content\/uploads\/2021\/04\/1581413817-Nieuw_expertisecentrum_bij_Van_Beek_de_Blue_Zone_150.jpg","articleSection":["Beek","Celsius","Dino"],"inLanguage":"de"},{"@type":"WebPage","@id":"https:\/\/www.van-beek.nl\/de\/neues-kompetenzzentrum-bei-van-beek-die-blue-zone\/","url":"https:\/\/www.van-beek.nl\/de\/neues-kompetenzzentrum-bei-van-beek-die-blue-zone\/","name":"Neues Kompetenzzentrum bei Van Beek: die Blue Zone - Van Beek Schroeftransport","isPartOf":{"@id":"https:\/\/www.van-beek.nl\/de\/#website"},"primaryImageOfPage":{"@id":"https:\/\/www.van-beek.nl\/de\/neues-kompetenzzentrum-bei-van-beek-die-blue-zone\/#primaryimage"},"image":{"@id":"https:\/\/www.van-beek.nl\/de\/neues-kompetenzzentrum-bei-van-beek-die-blue-zone\/#primaryimage"},"thumbnailUrl":"https:\/\/www.van-beek.nl\/wp-content\/uploads\/2021\/04\/1581413817-Nieuw_expertisecentrum_bij_Van_Beek_de_Blue_Zone_150.jpg","datePublished":"2021-09-16T09:04:21+00:00","dateModified":"2021-09-29T08:38:48+00:00","breadcrumb":{"@id":"https:\/\/www.van-beek.nl\/de\/neues-kompetenzzentrum-bei-van-beek-die-blue-zone\/#breadcrumb"},"inLanguage":"de","potentialAction":[{"@type":"ReadAction","target":["https:\/\/www.van-beek.nl\/de\/neues-kompetenzzentrum-bei-van-beek-die-blue-zone\/"]}]},{"@type":"ImageObject","inLanguage":"de","@id":"https:\/\/www.van-beek.nl\/de\/neues-kompetenzzentrum-bei-van-beek-die-blue-zone\/#primaryimage","url":"https:\/\/www.van-beek.nl\/wp-content\/uploads\/2021\/04\/1581413817-Nieuw_expertisecentrum_bij_Van_Beek_de_Blue_Zone_150.jpg","contentUrl":"https:\/\/www.van-beek.nl\/wp-content\/uploads\/2021\/04\/1581413817-Nieuw_expertisecentrum_bij_Van_Beek_de_Blue_Zone_150.jpg","width":150,"height":150},{"@type":"BreadcrumbList","@id":"https:\/\/www.van-beek.nl\/de\/neues-kompetenzzentrum-bei-van-beek-die-blue-zone\/#breadcrumb","itemListElement":[{"@type":"ListItem","position":1,"name":"Home","item":"https:\/\/www.van-beek.nl\/de\/"},{"@type":"ListItem","position":2,"name":"Neues Kompetenzzentrum bei Van Beek: die Blue Zone"}]},{"@type":"WebSite","@id":"https:\/\/www.van-beek.nl\/de\/#website","url":"https:\/\/www.van-beek.nl\/de\/","name":"Van Beek Schroeftransport","description":"","publisher":{"@id":"https:\/\/www.van-beek.nl\/de\/#organization"},"potentialAction":[{"@type":"SearchAction","target":{"@type":"EntryPoint","urlTemplate":"https:\/\/www.van-beek.nl\/de\/?s={search_term_string}"},"query-input":{"@type":"PropertyValueSpecification","valueRequired":true,"valueName":"search_term_string"}}],"inLanguage":"de"},{"@type":"Organization","@id":"https:\/\/www.van-beek.nl\/de\/#organization","name":"Transportschroeven- en machinefabriek Van Beek B.V.","url":"https:\/\/www.van-beek.nl\/de\/","logo":{"@type":"ImageObject","inLanguage":"de","@id":"https:\/\/www.van-beek.nl\/de\/#\/schema\/logo\/image\/","url":"https:\/\/van-beek.nl\/wp-content\/uploads\/2020\/04\/VanBeek-logo.png","contentUrl":"https:\/\/van-beek.nl\/wp-content\/uploads\/2020\/04\/VanBeek-logo.png","width":116,"height":22,"caption":"Transportschroeven- en machinefabriek Van Beek B.V."},"image":{"@id":"https:\/\/www.van-beek.nl\/de\/#\/schema\/logo\/image\/"}},{"@type":"Person","@id":"https:\/\/www.van-beek.nl\/de\/#\/schema\/person\/d9dfeecd72ae15b7f694c5972fe9dabb","name":"janssen","image":{"@type":"ImageObject","inLanguage":"de","@id":"https:\/\/secure.gravatar.com\/avatar\/8a1fa2275de352d3a0754e90447a63ca38079c7fa3bed6dcd83dba675d80ab18?s=96&d=mm&r=g","url":"https:\/\/secure.gravatar.com\/avatar\/8a1fa2275de352d3a0754e90447a63ca38079c7fa3bed6dcd83dba675d80ab18?s=96&d=mm&r=g","contentUrl":"https:\/\/secure.gravatar.com\/avatar\/8a1fa2275de352d3a0754e90447a63ca38079c7fa3bed6dcd83dba675d80ab18?s=96&d=mm&r=g","caption":"janssen"}}]}},"_links":{"self":[{"href":"https:\/\/www.van-beek.nl\/de\/wp-json\/wp\/v2\/posts\/8669","targetHints":{"allow":["GET"]}}],"collection":[{"href":"https:\/\/www.van-beek.nl\/de\/wp-json\/wp\/v2\/posts"}],"about":[{"href":"https:\/\/www.van-beek.nl\/de\/wp-json\/wp\/v2\/types\/post"}],"author":[{"embeddable":true,"href":"https:\/\/www.van-beek.nl\/de\/wp-json\/wp\/v2\/users\/1"}],"replies":[{"embeddable":true,"href":"https:\/\/www.van-beek.nl\/de\/wp-json\/wp\/v2\/comments?post=8669"}],"version-history":[{"count":2,"href":"https:\/\/www.van-beek.nl\/de\/wp-json\/wp\/v2\/posts\/8669\/revisions"}],"predecessor-version":[{"id":9327,"href":"https:\/\/www.van-beek.nl\/de\/wp-json\/wp\/v2\/posts\/8669\/revisions\/9327"}],"wp:featuredmedia":[{"embeddable":true,"href":"https:\/\/www.van-beek.nl\/de\/wp-json\/wp\/v2\/media\/5225"}],"wp:attachment":[{"href":"https:\/\/www.van-beek.nl\/de\/wp-json\/wp\/v2\/media?parent=8669"}],"wp:term":[{"taxonomy":"category","embeddable":true,"href":"https:\/\/www.van-beek.nl\/de\/wp-json\/wp\/v2\/categories?post=8669"},{"taxonomy":"post_tag","embeddable":true,"href":"https:\/\/www.van-beek.nl\/de\/wp-json\/wp\/v2\/tags?post=8669"}],"curies":[{"name":"wp","href":"https:\/\/api.w.org\/{rel}","templated":true}]}}