{"id":8674,"date":"2021-09-16T09:04:21","date_gmt":"2021-09-16T09:04:21","guid":{"rendered":"https:\/\/van-beek.nl\/die-zeitung-echo-van-het-zuiden-berichtet-1968-lobend-ueber-van-beek\/"},"modified":"2021-09-29T08:41:39","modified_gmt":"2021-09-29T08:41:39","slug":"die-zeitung-echo-van-het-zuiden-berichtet-1968-lobend-ueber-van-beek","status":"publish","type":"post","link":"https:\/\/www.van-beek.nl\/de\/die-zeitung-echo-van-het-zuiden-berichtet-1968-lobend-ueber-van-beek\/","title":{"rendered":"Die Zeitung &#8218;Echo van het Zuiden&#8216; berichtet 1968 lobend \u00fcber Van Beek"},"content":{"rendered":"<h4><em>\u201eEs ist kaum vorstellbar, dass ein einziger Mensch die F\u00f6rderschnecke\u00a0<\/em><em>erfunden und auch gebaut hat\u201c<\/em><\/h4>\n<p><em>\u00a0<\/em><\/p>\n<p><img loading=\"lazy\" decoding=\"async\" src=\"https:\/\/van-beek.nl\/wp-content\/uploads\/newsimages\/1594114697-De-Echo-van-het-zuiden-van-beek.jpg\" width=\"330\" height=\"200\" border=\"0\" \/>Improvisationstalent, Innovationsgeist und der Anspruch Qualit\u00e4tsprodukte\u00a0herstellen zu wollen, verhalfen Van Beek bereits in den 1960er Jahren zu Weltruhm. So wurden unsere Schneckenf\u00f6rderer auf internationalen Messen, u. a. in Nairobi, gezeigt, und potenzielle K\u00e4ufer aus L\u00e4ndern wie Japan und Pakistan zeigten ihr Interesse. Dies geht aus einem Artikel hervor, der am 18. November 1968 in der Zeitung \u201eEcho van het Zuiden, de Waalwijkse en Langstraatse Courant\u201c ver\u00f6ffentlicht wurde. Darin wird lobend und voller Bewunderung \u00fcber den Gr\u00fcnder von Van Beek Schroeftransport, Marinus van Beek, berichtet.<\/p>\n<p>Der Innovationsgeist von Marinus van Beek zeigte sich bereits in den Vorkriegsjahren in der Entwicklung von verschiedenen Maschinen. \u201eWas mein Vater erreicht hat, ist haupts\u00e4chlich seinem Techniksinn zu verdanken. Die erste von ihm entwickelte Maschine war ein Kartoffelroder\u201c, berichtet sein Sohn, Beb van Beek, in dem Artikel \u00fcber eine Erfindung, die letztendlich nicht in Produktion ging. Zwar wurde kurzzeitig eine von Van Beek Senior entwickelte Flachsraufmaschine produziert, doch verhinderte damals eine Krise in der niederl\u00e4ndischen Flachsindustrie die Weiterentwicklung der Maschine.<\/p>\n<p><strong>Der Zeit weit voraus<br \/>\n<\/strong>Es war w\u00e4hrend dieser Krise, als Marinus van Beek mit der Produktion von Schneckenf\u00f6rderern begann. Der Gr\u00fcnder der leistungsf\u00e4higen, innovativen Organisation, wie wir sie heute kennen, war der Auffassung, dass die sehr arbeitsintensive Produktion, die viel Arbeitskr\u00e4fte und unn\u00f6tig teures Material erforderte, optimiert werden k\u00f6nne. Schon damals stand bei Van Beek eine zirkul\u00e4re, nachhaltige Wirtschaft im Vordergrund, lange bevor dies Jahrzehnte sp\u00e4ter \u00fcberhaupt ein bedeutendes Thema wurde.<\/p>\n<p><strong>Voller Lob und Anerkennung<br \/>\n<\/strong>Schon bald wurde die erste Maschine fertiggestellt, die laut \u201eEcho van het Zuiden\u201c <em>\u201edie Gro\u00dfproduktion von Schnecken in verbesserter Qualit\u00e4t sowie enorme Einsparungen, mindestens um das 50-Fache, erm\u00f6glichte\u201c<\/em>. Au\u00dferdem war die Zeitung voller Lob und Anerkennung f\u00fcr das Talent von Van Beek und sehr \u00fcberrascht, dass in den damals noch kleinen Gesch\u00e4ftsr\u00e4umen in der Raadhuisstraat in Sprang-Capelle derart bedeutende Erfindungen gemacht wurden: <em>\u201eEs ist beim Betreten der Werkstatt der Maschinenfabrik von Van Beek und dem Anblick der gro\u00dfen, komplizierten Maschine kaum vorstellbar, dass diese von einem einzigen Mann erfunden und gebaut wurde.\u201c<\/em> Es war auch die erste Maschine dieser Art weltweit, und lange Zeit blieb Van Beek auch die einzige Maschinenfabrik f\u00fcr die Herstellung von Schneckenf\u00f6rderern in den Beneluxl\u00e4ndern. \u201eAch, um so etwas zu erreichen, muss man daf\u00fcr geboren sein. Vater bedient die Maschine meistens auch selbst. Unterdessen sucht er st\u00e4ndig nach neuen M\u00f6glichkeiten\u201c, bemerkte Van Beek Junior seinerzeit.<\/p>\n<p><strong>Von strenger Geheimhaltung zu mehr Transparenz<br \/>\n<\/strong>Obwohl die Erfindung von Marinus van Beek \u00e4u\u00dferst Erfolg versprechend war, verzichtete er bewusst darauf, ein Patent anzumelden. Dies h\u00e4tte die Vorlage einer vollst\u00e4ndigen Zeichnung der Maschine erfordert, die von Technikern weltweit genutzt h\u00e4tte werden k\u00f6nnen. Deshalb war es dem \u201eEcho van het Zuiden\u201c im November 1968 auch ausdr\u00fccklich verboten, die Erfindung in der Werkstatt zu fotografieren.<\/p>\n<p>Heutzutage kann Van Beek seine Maschinen und Projekte stolz vorstellen, weil es sich heutzutage ausschlie\u00dflich um Einzelanfertigungen handelt und jeder einzelne Entwurf ein Unikat ist. Au\u00dferdem ist Van Beek von der Werkstatt in der Raadhuisstraat in Sprang-Capelle an einen neuen, ger\u00e4umigen und sauberen Standort im etwa zehn Kilometer entfernten Drunen umgezogen. Der Techniksinn von Marinus van Beek, die st\u00e4ndige Suche nach neuen M\u00f6glichkeiten und der Innovationswille sind auch heute noch in unserer Organisation sp\u00fcrbar. So setzt Van Beek beispielsweise die neuesten Technologien ein, und vermitteln wir anderen unser Fachwissen durch die Van Beek Academy, die Wissensdatenbank von Van Beek.<\/p>\n<p>Das \u201eEcho van het Zuiden\u201c schlie\u00dft den Artikel mit der mehr als erf\u00fcllten Zukunftsprognose: \u201eVon diesem Unternehmen aus Sprang-Capelle werden wir in Zukunft zweifellos noch mehr h\u00f6ren.\u201c<\/p>\n","protected":false},"excerpt":{"rendered":"<p>Improvisationstalent, Innovationsgeist und der Anspruch Qualit&auml;tsprodukte&nbsp;herstellen zu wollen, verhalfen Van Beek bereits in den 1960er Jahren zu Weltruhm. So wurden unsere Schneckenf&ouml;rderer auf internationalen Messen, u. a. in Nairobi, gezeigt, und potenzielle K&auml;ufer aus L&auml;ndern wie Japan und Pakistan zeigten ihr Interesse. Dies geht aus einem Artikel hervor, der am 18. November 1968 in der Zeitung &bdquo;Echo van het Zuiden, de Waalwijkse en Langstraatse Courant&ldquo; ver&ouml;ffentlicht wurde. Darin wird lobend und voller Bewunderung &uuml;ber den Gr&uuml;nder von Van Beek Schroeftransport, Marinus van Beek, berichtet.<\/p>\n<p><strong>&nbsp;<\/strong><\/p>\n","protected":false},"author":1,"featured_media":5249,"comment_status":"closed","ping_status":"closed","sticky":false,"template":"","format":"standard","meta":{"_acf_changed":false,"content-type":"","inline_featured_image":false,"footnotes":""},"categories":[29],"tags":[],"class_list":["post-8674","post","type-post","status-publish","format-standard","has-post-thumbnail","hentry","category-beek-de"],"acf":[],"yoast_head":"<!-- This site is optimized with the Yoast SEO plugin v27.5 - https:\/\/yoast.com\/product\/yoast-seo-wordpress\/ -->\n<title>Die Zeitung &#039;Echo van het Zuiden&#039; berichtet 1968 lobend \u00fcber Van Beek - Van Beek Schroeftransport<\/title>\n<meta name=\"robots\" content=\"index, follow, max-snippet:-1, max-image-preview:large, max-video-preview:-1\" \/>\n<link rel=\"canonical\" href=\"https:\/\/www.van-beek.nl\/de\/die-zeitung-echo-van-het-zuiden-berichtet-1968-lobend-ueber-van-beek\/\" \/>\n<meta property=\"og:locale\" content=\"de_DE\" \/>\n<meta property=\"og:type\" content=\"article\" \/>\n<meta property=\"og:title\" content=\"Die Zeitung &#039;Echo van het Zuiden&#039; berichtet 1968 lobend \u00fcber Van Beek - Van Beek Schroeftransport\" \/>\n<meta property=\"og:description\" content=\"Improvisationstalent, Innovationsgeist und der Anspruch Qualit&auml;tsprodukte&nbsp;herstellen zu wollen, verhalfen Van Beek bereits in den 1960er Jahren zu Weltruhm. So wurden unsere Schneckenf&ouml;rderer auf internationalen Messen, u. a. in Nairobi, gezeigt, und potenzielle K&auml;ufer aus L&auml;ndern wie Japan und Pakistan zeigten ihr Interesse. Dies geht aus einem Artikel hervor, der am 18. November 1968 in der Zeitung &bdquo;Echo van het Zuiden, de Waalwijkse en Langstraatse Courant&ldquo; ver&ouml;ffentlicht wurde. Darin wird lobend und voller Bewunderung &uuml;ber den Gr&uuml;nder von Van Beek Schroeftransport, Marinus van Beek, berichtet. &nbsp;\" \/>\n<meta property=\"og:url\" content=\"https:\/\/www.van-beek.nl\/de\/die-zeitung-echo-van-het-zuiden-berichtet-1968-lobend-ueber-van-beek\/\" \/>\n<meta property=\"og:site_name\" content=\"Van Beek Schroeftransport\" \/>\n<meta property=\"article:published_time\" content=\"2021-09-16T09:04:21+00:00\" \/>\n<meta property=\"article:modified_time\" content=\"2021-09-29T08:41:39+00:00\" \/>\n<meta property=\"og:image\" content=\"https:\/\/www.van-beek.nl\/wp-content\/uploads\/2021\/04\/1594114665-De-Echo-van-het-zuiden-van-beek-150.jpg\" \/>\n\t<meta property=\"og:image:width\" content=\"150\" \/>\n\t<meta property=\"og:image:height\" content=\"150\" \/>\n\t<meta property=\"og:image:type\" content=\"image\/jpeg\" \/>\n<meta name=\"author\" content=\"janssen\" \/>\n<meta name=\"twitter:card\" content=\"summary_large_image\" \/>\n<meta name=\"twitter:label1\" content=\"Verfasst von\" \/>\n\t<meta name=\"twitter:data1\" content=\"janssen\" \/>\n\t<meta name=\"twitter:label2\" content=\"Gesch\u00e4tzte Lesezeit\" \/>\n\t<meta name=\"twitter:data2\" content=\"3\u00a0Minuten\" \/>\n<script type=\"application\/ld+json\" class=\"yoast-schema-graph\">{\"@context\":\"https:\\\/\\\/schema.org\",\"@graph\":[{\"@type\":\"Article\",\"@id\":\"https:\\\/\\\/www.van-beek.nl\\\/de\\\/die-zeitung-echo-van-het-zuiden-berichtet-1968-lobend-ueber-van-beek\\\/#article\",\"isPartOf\":{\"@id\":\"https:\\\/\\\/www.van-beek.nl\\\/de\\\/die-zeitung-echo-van-het-zuiden-berichtet-1968-lobend-ueber-van-beek\\\/\"},\"author\":{\"name\":\"janssen\",\"@id\":\"https:\\\/\\\/www.van-beek.nl\\\/de\\\/#\\\/schema\\\/person\\\/d9dfeecd72ae15b7f694c5972fe9dabb\"},\"headline\":\"Die Zeitung &#8218;Echo van het Zuiden&#8216; berichtet 1968 lobend \u00fcber Van Beek\",\"datePublished\":\"2021-09-16T09:04:21+00:00\",\"dateModified\":\"2021-09-29T08:41:39+00:00\",\"mainEntityOfPage\":{\"@id\":\"https:\\\/\\\/www.van-beek.nl\\\/de\\\/die-zeitung-echo-van-het-zuiden-berichtet-1968-lobend-ueber-van-beek\\\/\"},\"wordCount\":648,\"publisher\":{\"@id\":\"https:\\\/\\\/www.van-beek.nl\\\/de\\\/#organization\"},\"image\":{\"@id\":\"https:\\\/\\\/www.van-beek.nl\\\/de\\\/die-zeitung-echo-van-het-zuiden-berichtet-1968-lobend-ueber-van-beek\\\/#primaryimage\"},\"thumbnailUrl\":\"https:\\\/\\\/www.van-beek.nl\\\/wp-content\\\/uploads\\\/2021\\\/04\\\/1594114665-De-Echo-van-het-zuiden-van-beek-150.jpg\",\"articleSection\":[\"Beek\"],\"inLanguage\":\"de\"},{\"@type\":\"WebPage\",\"@id\":\"https:\\\/\\\/www.van-beek.nl\\\/de\\\/die-zeitung-echo-van-het-zuiden-berichtet-1968-lobend-ueber-van-beek\\\/\",\"url\":\"https:\\\/\\\/www.van-beek.nl\\\/de\\\/die-zeitung-echo-van-het-zuiden-berichtet-1968-lobend-ueber-van-beek\\\/\",\"name\":\"Die Zeitung 'Echo van het Zuiden' berichtet 1968 lobend \u00fcber Van Beek - Van Beek Schroeftransport\",\"isPartOf\":{\"@id\":\"https:\\\/\\\/www.van-beek.nl\\\/de\\\/#website\"},\"primaryImageOfPage\":{\"@id\":\"https:\\\/\\\/www.van-beek.nl\\\/de\\\/die-zeitung-echo-van-het-zuiden-berichtet-1968-lobend-ueber-van-beek\\\/#primaryimage\"},\"image\":{\"@id\":\"https:\\\/\\\/www.van-beek.nl\\\/de\\\/die-zeitung-echo-van-het-zuiden-berichtet-1968-lobend-ueber-van-beek\\\/#primaryimage\"},\"thumbnailUrl\":\"https:\\\/\\\/www.van-beek.nl\\\/wp-content\\\/uploads\\\/2021\\\/04\\\/1594114665-De-Echo-van-het-zuiden-van-beek-150.jpg\",\"datePublished\":\"2021-09-16T09:04:21+00:00\",\"dateModified\":\"2021-09-29T08:41:39+00:00\",\"breadcrumb\":{\"@id\":\"https:\\\/\\\/www.van-beek.nl\\\/de\\\/die-zeitung-echo-van-het-zuiden-berichtet-1968-lobend-ueber-van-beek\\\/#breadcrumb\"},\"inLanguage\":\"de\",\"potentialAction\":[{\"@type\":\"ReadAction\",\"target\":[\"https:\\\/\\\/www.van-beek.nl\\\/de\\\/die-zeitung-echo-van-het-zuiden-berichtet-1968-lobend-ueber-van-beek\\\/\"]}]},{\"@type\":\"ImageObject\",\"inLanguage\":\"de\",\"@id\":\"https:\\\/\\\/www.van-beek.nl\\\/de\\\/die-zeitung-echo-van-het-zuiden-berichtet-1968-lobend-ueber-van-beek\\\/#primaryimage\",\"url\":\"https:\\\/\\\/www.van-beek.nl\\\/wp-content\\\/uploads\\\/2021\\\/04\\\/1594114665-De-Echo-van-het-zuiden-van-beek-150.jpg\",\"contentUrl\":\"https:\\\/\\\/www.van-beek.nl\\\/wp-content\\\/uploads\\\/2021\\\/04\\\/1594114665-De-Echo-van-het-zuiden-van-beek-150.jpg\",\"width\":150,\"height\":150},{\"@type\":\"BreadcrumbList\",\"@id\":\"https:\\\/\\\/www.van-beek.nl\\\/de\\\/die-zeitung-echo-van-het-zuiden-berichtet-1968-lobend-ueber-van-beek\\\/#breadcrumb\",\"itemListElement\":[{\"@type\":\"ListItem\",\"position\":1,\"name\":\"Home\",\"item\":\"https:\\\/\\\/www.van-beek.nl\\\/de\\\/\"},{\"@type\":\"ListItem\",\"position\":2,\"name\":\"Die Zeitung &#8216;Echo van het Zuiden&#8217; berichtet 1968 lobend \u00fcber Van Beek\"}]},{\"@type\":\"WebSite\",\"@id\":\"https:\\\/\\\/www.van-beek.nl\\\/de\\\/#website\",\"url\":\"https:\\\/\\\/www.van-beek.nl\\\/de\\\/\",\"name\":\"Van Beek Schroeftransport\",\"description\":\"\",\"publisher\":{\"@id\":\"https:\\\/\\\/www.van-beek.nl\\\/de\\\/#organization\"},\"potentialAction\":[{\"@type\":\"SearchAction\",\"target\":{\"@type\":\"EntryPoint\",\"urlTemplate\":\"https:\\\/\\\/www.van-beek.nl\\\/de\\\/?s={search_term_string}\"},\"query-input\":{\"@type\":\"PropertyValueSpecification\",\"valueRequired\":true,\"valueName\":\"search_term_string\"}}],\"inLanguage\":\"de\"},{\"@type\":\"Organization\",\"@id\":\"https:\\\/\\\/www.van-beek.nl\\\/de\\\/#organization\",\"name\":\"Transportschroeven- en machinefabriek Van Beek B.V.\",\"url\":\"https:\\\/\\\/www.van-beek.nl\\\/de\\\/\",\"logo\":{\"@type\":\"ImageObject\",\"inLanguage\":\"de\",\"@id\":\"https:\\\/\\\/www.van-beek.nl\\\/de\\\/#\\\/schema\\\/logo\\\/image\\\/\",\"url\":\"https:\\\/\\\/van-beek.nl\\\/wp-content\\\/uploads\\\/2020\\\/04\\\/VanBeek-logo.png\",\"contentUrl\":\"https:\\\/\\\/van-beek.nl\\\/wp-content\\\/uploads\\\/2020\\\/04\\\/VanBeek-logo.png\",\"width\":116,\"height\":22,\"caption\":\"Transportschroeven- en machinefabriek Van Beek B.V.\"},\"image\":{\"@id\":\"https:\\\/\\\/www.van-beek.nl\\\/de\\\/#\\\/schema\\\/logo\\\/image\\\/\"}},{\"@type\":\"Person\",\"@id\":\"https:\\\/\\\/www.van-beek.nl\\\/de\\\/#\\\/schema\\\/person\\\/d9dfeecd72ae15b7f694c5972fe9dabb\",\"name\":\"janssen\",\"image\":{\"@type\":\"ImageObject\",\"inLanguage\":\"de\",\"@id\":\"https:\\\/\\\/secure.gravatar.com\\\/avatar\\\/8a1fa2275de352d3a0754e90447a63ca38079c7fa3bed6dcd83dba675d80ab18?s=96&d=mm&r=g\",\"url\":\"https:\\\/\\\/secure.gravatar.com\\\/avatar\\\/8a1fa2275de352d3a0754e90447a63ca38079c7fa3bed6dcd83dba675d80ab18?s=96&d=mm&r=g\",\"contentUrl\":\"https:\\\/\\\/secure.gravatar.com\\\/avatar\\\/8a1fa2275de352d3a0754e90447a63ca38079c7fa3bed6dcd83dba675d80ab18?s=96&d=mm&r=g\",\"caption\":\"janssen\"}}]}<\/script>\n<!-- \/ Yoast SEO plugin. -->","yoast_head_json":{"title":"Die Zeitung 'Echo van het Zuiden' berichtet 1968 lobend \u00fcber Van Beek - Van Beek Schroeftransport","robots":{"index":"index","follow":"follow","max-snippet":"max-snippet:-1","max-image-preview":"max-image-preview:large","max-video-preview":"max-video-preview:-1"},"canonical":"https:\/\/www.van-beek.nl\/de\/die-zeitung-echo-van-het-zuiden-berichtet-1968-lobend-ueber-van-beek\/","og_locale":"de_DE","og_type":"article","og_title":"Die Zeitung 'Echo van het Zuiden' berichtet 1968 lobend \u00fcber Van Beek - Van Beek Schroeftransport","og_description":"Improvisationstalent, Innovationsgeist und der Anspruch Qualit&auml;tsprodukte&nbsp;herstellen zu wollen, verhalfen Van Beek bereits in den 1960er Jahren zu Weltruhm. So wurden unsere Schneckenf&ouml;rderer auf internationalen Messen, u. a. in Nairobi, gezeigt, und potenzielle K&auml;ufer aus L&auml;ndern wie Japan und Pakistan zeigten ihr Interesse. Dies geht aus einem Artikel hervor, der am 18. November 1968 in der Zeitung &bdquo;Echo van het Zuiden, de Waalwijkse en Langstraatse Courant&ldquo; ver&ouml;ffentlicht wurde. Darin wird lobend und voller Bewunderung &uuml;ber den Gr&uuml;nder von Van Beek Schroeftransport, Marinus van Beek, berichtet. &nbsp;","og_url":"https:\/\/www.van-beek.nl\/de\/die-zeitung-echo-van-het-zuiden-berichtet-1968-lobend-ueber-van-beek\/","og_site_name":"Van Beek Schroeftransport","article_published_time":"2021-09-16T09:04:21+00:00","article_modified_time":"2021-09-29T08:41:39+00:00","og_image":[{"width":150,"height":150,"url":"https:\/\/www.van-beek.nl\/wp-content\/uploads\/2021\/04\/1594114665-De-Echo-van-het-zuiden-van-beek-150.jpg","type":"image\/jpeg"}],"author":"janssen","twitter_card":"summary_large_image","twitter_misc":{"Verfasst von":"janssen","Gesch\u00e4tzte Lesezeit":"3\u00a0Minuten"},"schema":{"@context":"https:\/\/schema.org","@graph":[{"@type":"Article","@id":"https:\/\/www.van-beek.nl\/de\/die-zeitung-echo-van-het-zuiden-berichtet-1968-lobend-ueber-van-beek\/#article","isPartOf":{"@id":"https:\/\/www.van-beek.nl\/de\/die-zeitung-echo-van-het-zuiden-berichtet-1968-lobend-ueber-van-beek\/"},"author":{"name":"janssen","@id":"https:\/\/www.van-beek.nl\/de\/#\/schema\/person\/d9dfeecd72ae15b7f694c5972fe9dabb"},"headline":"Die Zeitung &#8218;Echo van het Zuiden&#8216; berichtet 1968 lobend \u00fcber Van Beek","datePublished":"2021-09-16T09:04:21+00:00","dateModified":"2021-09-29T08:41:39+00:00","mainEntityOfPage":{"@id":"https:\/\/www.van-beek.nl\/de\/die-zeitung-echo-van-het-zuiden-berichtet-1968-lobend-ueber-van-beek\/"},"wordCount":648,"publisher":{"@id":"https:\/\/www.van-beek.nl\/de\/#organization"},"image":{"@id":"https:\/\/www.van-beek.nl\/de\/die-zeitung-echo-van-het-zuiden-berichtet-1968-lobend-ueber-van-beek\/#primaryimage"},"thumbnailUrl":"https:\/\/www.van-beek.nl\/wp-content\/uploads\/2021\/04\/1594114665-De-Echo-van-het-zuiden-van-beek-150.jpg","articleSection":["Beek"],"inLanguage":"de"},{"@type":"WebPage","@id":"https:\/\/www.van-beek.nl\/de\/die-zeitung-echo-van-het-zuiden-berichtet-1968-lobend-ueber-van-beek\/","url":"https:\/\/www.van-beek.nl\/de\/die-zeitung-echo-van-het-zuiden-berichtet-1968-lobend-ueber-van-beek\/","name":"Die Zeitung 'Echo van het Zuiden' berichtet 1968 lobend \u00fcber Van Beek - Van Beek Schroeftransport","isPartOf":{"@id":"https:\/\/www.van-beek.nl\/de\/#website"},"primaryImageOfPage":{"@id":"https:\/\/www.van-beek.nl\/de\/die-zeitung-echo-van-het-zuiden-berichtet-1968-lobend-ueber-van-beek\/#primaryimage"},"image":{"@id":"https:\/\/www.van-beek.nl\/de\/die-zeitung-echo-van-het-zuiden-berichtet-1968-lobend-ueber-van-beek\/#primaryimage"},"thumbnailUrl":"https:\/\/www.van-beek.nl\/wp-content\/uploads\/2021\/04\/1594114665-De-Echo-van-het-zuiden-van-beek-150.jpg","datePublished":"2021-09-16T09:04:21+00:00","dateModified":"2021-09-29T08:41:39+00:00","breadcrumb":{"@id":"https:\/\/www.van-beek.nl\/de\/die-zeitung-echo-van-het-zuiden-berichtet-1968-lobend-ueber-van-beek\/#breadcrumb"},"inLanguage":"de","potentialAction":[{"@type":"ReadAction","target":["https:\/\/www.van-beek.nl\/de\/die-zeitung-echo-van-het-zuiden-berichtet-1968-lobend-ueber-van-beek\/"]}]},{"@type":"ImageObject","inLanguage":"de","@id":"https:\/\/www.van-beek.nl\/de\/die-zeitung-echo-van-het-zuiden-berichtet-1968-lobend-ueber-van-beek\/#primaryimage","url":"https:\/\/www.van-beek.nl\/wp-content\/uploads\/2021\/04\/1594114665-De-Echo-van-het-zuiden-van-beek-150.jpg","contentUrl":"https:\/\/www.van-beek.nl\/wp-content\/uploads\/2021\/04\/1594114665-De-Echo-van-het-zuiden-van-beek-150.jpg","width":150,"height":150},{"@type":"BreadcrumbList","@id":"https:\/\/www.van-beek.nl\/de\/die-zeitung-echo-van-het-zuiden-berichtet-1968-lobend-ueber-van-beek\/#breadcrumb","itemListElement":[{"@type":"ListItem","position":1,"name":"Home","item":"https:\/\/www.van-beek.nl\/de\/"},{"@type":"ListItem","position":2,"name":"Die Zeitung &#8216;Echo van het Zuiden&#8217; berichtet 1968 lobend \u00fcber Van Beek"}]},{"@type":"WebSite","@id":"https:\/\/www.van-beek.nl\/de\/#website","url":"https:\/\/www.van-beek.nl\/de\/","name":"Van Beek Schroeftransport","description":"","publisher":{"@id":"https:\/\/www.van-beek.nl\/de\/#organization"},"potentialAction":[{"@type":"SearchAction","target":{"@type":"EntryPoint","urlTemplate":"https:\/\/www.van-beek.nl\/de\/?s={search_term_string}"},"query-input":{"@type":"PropertyValueSpecification","valueRequired":true,"valueName":"search_term_string"}}],"inLanguage":"de"},{"@type":"Organization","@id":"https:\/\/www.van-beek.nl\/de\/#organization","name":"Transportschroeven- en machinefabriek Van Beek B.V.","url":"https:\/\/www.van-beek.nl\/de\/","logo":{"@type":"ImageObject","inLanguage":"de","@id":"https:\/\/www.van-beek.nl\/de\/#\/schema\/logo\/image\/","url":"https:\/\/van-beek.nl\/wp-content\/uploads\/2020\/04\/VanBeek-logo.png","contentUrl":"https:\/\/van-beek.nl\/wp-content\/uploads\/2020\/04\/VanBeek-logo.png","width":116,"height":22,"caption":"Transportschroeven- en machinefabriek Van Beek B.V."},"image":{"@id":"https:\/\/www.van-beek.nl\/de\/#\/schema\/logo\/image\/"}},{"@type":"Person","@id":"https:\/\/www.van-beek.nl\/de\/#\/schema\/person\/d9dfeecd72ae15b7f694c5972fe9dabb","name":"janssen","image":{"@type":"ImageObject","inLanguage":"de","@id":"https:\/\/secure.gravatar.com\/avatar\/8a1fa2275de352d3a0754e90447a63ca38079c7fa3bed6dcd83dba675d80ab18?s=96&d=mm&r=g","url":"https:\/\/secure.gravatar.com\/avatar\/8a1fa2275de352d3a0754e90447a63ca38079c7fa3bed6dcd83dba675d80ab18?s=96&d=mm&r=g","contentUrl":"https:\/\/secure.gravatar.com\/avatar\/8a1fa2275de352d3a0754e90447a63ca38079c7fa3bed6dcd83dba675d80ab18?s=96&d=mm&r=g","caption":"janssen"}}]}},"_links":{"self":[{"href":"https:\/\/www.van-beek.nl\/de\/wp-json\/wp\/v2\/posts\/8674","targetHints":{"allow":["GET"]}}],"collection":[{"href":"https:\/\/www.van-beek.nl\/de\/wp-json\/wp\/v2\/posts"}],"about":[{"href":"https:\/\/www.van-beek.nl\/de\/wp-json\/wp\/v2\/types\/post"}],"author":[{"embeddable":true,"href":"https:\/\/www.van-beek.nl\/de\/wp-json\/wp\/v2\/users\/1"}],"replies":[{"embeddable":true,"href":"https:\/\/www.van-beek.nl\/de\/wp-json\/wp\/v2\/comments?post=8674"}],"version-history":[{"count":3,"href":"https:\/\/www.van-beek.nl\/de\/wp-json\/wp\/v2\/posts\/8674\/revisions"}],"predecessor-version":[{"id":9338,"href":"https:\/\/www.van-beek.nl\/de\/wp-json\/wp\/v2\/posts\/8674\/revisions\/9338"}],"wp:featuredmedia":[{"embeddable":true,"href":"https:\/\/www.van-beek.nl\/de\/wp-json\/wp\/v2\/media\/5249"}],"wp:attachment":[{"href":"https:\/\/www.van-beek.nl\/de\/wp-json\/wp\/v2\/media?parent=8674"}],"wp:term":[{"taxonomy":"category","embeddable":true,"href":"https:\/\/www.van-beek.nl\/de\/wp-json\/wp\/v2\/categories?post=8674"},{"taxonomy":"post_tag","embeddable":true,"href":"https:\/\/www.van-beek.nl\/de\/wp-json\/wp\/v2\/tags?post=8674"}],"curies":[{"name":"wp","href":"https:\/\/api.w.org\/{rel}","templated":true}]}}