{"id":8676,"date":"2021-09-16T09:04:28","date_gmt":"2021-09-16T09:04:28","guid":{"rendered":"https:\/\/van-beek.nl\/krafton-und-van-beek-entwickeln-recyclingstrasse-fuer-das-recycling-von-produktionsabfaellen\/"},"modified":"2021-09-16T09:04:28","modified_gmt":"2021-09-16T09:04:28","slug":"krafton-und-van-beek-entwickeln-recyclingstrasse-fuer-das-recycling-von-produktionsabfaellen","status":"publish","type":"post","link":"https:\/\/www.van-beek.nl\/de\/krafton-und-van-beek-entwickeln-recyclingstrasse-fuer-das-recycling-von-produktionsabfaellen\/","title":{"rendered":"Krafton und Van Beek entwickeln Recyclingstra\u00dfe f\u00fcr das Recycling von Produktionsabf\u00e4llen"},"content":{"rendered":"<h4><em>&bdquo;Hohlprofile gef&uuml;llt mit zerkleinerten Windturbinenbl&auml;ttern&ldquo;<\/em><\/h4>\n<p class=\"HoofdtekstA\"><img loading=\"lazy\" decoding=\"async\" src=\"https:\/\/van-beek.nl\/wp-content\/uploads\/newsimages\/1594115928-Krafton_en_Van_Beek_ontwikkelen_recycle_straat_voor_hergebruik_productieafval.jpg\" border=\"0\" width=\"330\" height=\"205\" \/>Krafton, das ehemalige Bijl Profielen aus Heijningen in der Provinz Nordbrabant, hat zusammen mit Van Beek eine einzigartige, zirkul&auml;re L&ouml;sung entwickelt, wobei Produktionsabf&auml;lle vollst&auml;ndig in einem Endprodukt verarbeitet werden. Im Rahmen dieser nachhaltigen L&ouml;sung wird der Hohlraum in einem Polyesterprofil unter Verwendung einer Pressschnecke mit Polyesterchips gef&uuml;llt. &bdquo;Bei uns fallen j&auml;hrlich &uuml;ber hundert Tonnen Polyesterabfall an, die wir jetzt vollst&auml;ndig wiederverwerten k&ouml;nnen&ldquo;, sagt ein Sprecher des Spezialisten f&uuml;r die Herstellung von glasfaserverst&auml;rktem Kunststoff (GFK) im Pultrusionsverfahren, Krafton.<\/p>\n<p class=\"HoofdtekstA\">Im Produktionsprozess ist Restmaterial unvermeidlich. In der Regel wird dies einer gro&szlig;en Abfallhalde zugef&uuml;hrt und anschlie&szlig;end von einem spezialisierten Recyclingunternehmen entsorgt, verbrannt oder anderweitig verarbeitet. Was aber, wenn das Abfallmaterial zu 100 Prozent in einem Endprodukt verarbeitet werden und dadurch das bestehende Sortiment um ein neues, hochwertiges und robustes Produkt erweitert werden k&ouml;nnte? Krafton und Van Beek b&uuml;ndelten ihr Know-how und fanden die passende L&ouml;sung.<\/p>\n<p class=\"HoofdtekstA\"><strong>Wiederverwendung von Polyester<br \/><\/strong>Der weltweit wachsende Polyester-Abfallstrom von u. a. ausgedienten Booten und Windturbinenbl&auml;ttern regte Krafton zum Nachdenken an. Insbesondere als ein gro&szlig;er Windpark an die Firma herantrat und sich nach einer L&ouml;sung f&uuml;r ihre ausgedienten Rotorbl&auml;tter erkundigte. Die Abfallprodukte sind aus Polyester, einem glasfaserverst&auml;rkten Kunststoff, hergestellt. Es w&auml;re deshalb bedauerlich, die Rohstoffe nicht wiederzuverwenden. Das Zerkleinern von Polyesterprodukten zur Verarbeitung in anderen Produkten findet deshalb immer h&auml;ufiger Interesse. Nach Angaben des Sprechers entschied sich Krafton, nicht l&auml;nger zu warten und selbst aktiv zu werden: &bdquo;Wir stellten fest, dass alle daran interessiert waren, aber keiner wirklich etwas unternahm. Also dachten wir uns: &sbquo;Wir machen den ersten Schritt&lsquo;!&ldquo;<\/p>\n<p class=\"HoofdtekstA\"><strong>Dosierung mit Wiegefunktion<br \/><\/strong>Gemeinsam mit Van Beek gelang es Krafton, eine schon lang gehegte Idee in eine praxistaugliche L&ouml;sung umzusetzen; und die betreffenden ersten Tests sind sehr zufriedenstellend verlaufen. Und was ist das Ergebnis? Ein &auml;u&szlig;erst stabiles, gef&uuml;lltes Profil, das mit so wenig Material wie m&ouml;glich hergestellt wurde. &bdquo;Wir recyceln unsere eigenen Abf&auml;lle. Zur genauen Dosierung werden die Polyesterfasern in eine Dosierschnecke mit Hopper und Wiegefunktion gef&uuml;llt und anschlie&szlig;end zu einer doppelten Pressschnecke transportiert. &Uuml;ber ein beheiztes Rohr wird Harz in die Pressschnecke eingeleitet. Die entstandene Substanz wird anschlie&szlig;end mithilfe der Schnecke in das Hohlkastenprofil gepresst. Dadurch entsteht ein wesentlich stabileres Vollmaterialprofil&ldquo;, erkl&auml;rt der Sprecher. Die neu entwickelten Vollmaterialprofile k&ouml;nnen aufgrund ihrer Festigkeit in Br&uuml;ckendecks, Spundw&auml;nden im Boden als Bodensperre oder z. B. als Schleppkettenschott eingesetzt werden.<\/p>\n<p class=\"HoofdtekstA\">Das mit der Dosierschnecke verbundene Wiegemodul erfasst nicht nur, wie viele Polyesterfasern verarbeitet wurden, sondern registriert zudem die w&auml;hrend des Produktionsprozesses selbst dosierte Menge, damit die Dosierschnecke bei Bedarf die Geschwindigkeit anpassen kann. Dies gilt &uuml;brigens auch f&uuml;r den Beh&auml;lter mit fl&uuml;ssigem Harz, der ebenfalls &uuml;ber ein eigenes Wiegemodul verf&uuml;gt. Um die Vermischung der Polyesterfasern mit dem Harz zu optimieren, ist die Pressschnecke mit zwei parallelen, teilweise ineinandergreifenden Schnecken ausgestattet.<\/p>\n<p class=\"HoofdtekstA\"><strong>Ausgekl&uuml;gelte Ma&szlig;arbeit<br \/><\/strong>Joram van der Heijden, Vertriebsingenieur bei Van Beek, ist stolz darauf, dass Van Beek an diesem einzigartigen Projekt beteiligt ist. &bdquo;Wir l&ouml;sen nicht nur ein Transportproblem, wir tragen auch zur Kreislaufwirtschaft bei. Es ist au&szlig;ergew&ouml;hnlich, dass wir so fr&uuml;h im Prozess hinzugezogen werden, um nicht nur den Transport, sondern auch das Recycling zu optimieren.&ldquo; Van Beek arbeitet derzeit an der Fertigstellung der vollst&auml;ndigen Pilotanlage, die Krafton diesen Sommer in Betrieb nehmen wird. Wie alle von Van Beek angebotenen L&ouml;sungen umfasst auch diese Anlage ausgekl&uuml;gelte Ma&szlig;arbeit. &bdquo;Zerkleinerter Polyester l&auml;sst sich ziemlich schwierig transportieren. Das zerkleinerte Material leicht, flie&szlig;t nicht besonders gut und ist &sbquo;br&uuml;ckenbildend&lsquo;, was schnell zu einem Materialstau f&uuml;hren kann. Wir haben das jetzt gel&ouml;st, indem wir einen Hopper mit zwei rotierenden Wellen mit Schaufeln im unteren Bereich angeordnet haben, die die Polyesterchips st&auml;ndig in Bewegung halten und in die darunter liegende Schnecke laufen k&ouml;nnen&ldquo;, erkl&auml;rt Van der Heijden.<\/p>\n<p class=\"HoofdtekstA\">Nach einer erfolgreichen Pilotphase k&ouml;nnte sich der Spezialist f&uuml;r GFK-Pultrusion in Zukunft u. a. auf die gro&szlig;fl&auml;chige Einsammlung zerkleinerter Windturbinenbl&auml;tter konzentrieren. Heimlich tr&auml;umt man deshalb auch von einer Expansion. &bdquo;Die F&ouml;rderschnecke, der Hopper und die Pressschnecke von Van Beek k&ouml;nnen mindestens mehrere Tausend Tonnen Produktionsabf&auml;lle verarbeiten; dies &uuml;bersteigt unsere eigenen Abf&auml;lle bei Weitem. Aus Abf&auml;llen muss man etwas machen, wieder dem Kreislauf zuf&uuml;hren. Wenn wir Rotorbl&auml;tter verarbeiten k&ouml;nnen, k&ouml;nnen wir vielleicht auch andere synthetische Fasern verarbeiten&ldquo;, sagt der Sprecher.<\/p>\n","protected":false},"excerpt":{"rendered":"<p class=\"HoofdtekstA\">Krafton, das ehemalige Bijl Profielen aus Heijningen in der Provinz Nordbrabant, hat zusammen mit Van Beek eine einzigartige, zirkul&auml;re L&ouml;sung entwickelt, wobei Produktionsabf&auml;lle vollst&auml;ndig in einem Endprodukt verarbeitet werden. Im Rahmen dieser nachhaltigen L&ouml;sung wird der Hohlraum in einem Polyesterprofil unter Verwendung einer Pressschnecke mit Polyesterchips gef&uuml;llt. &bdquo;Bei uns fallen j&auml;hrlich &uuml;ber hundert Tonnen Polyesterabfall an, die wir jetzt vollst&auml;ndig wiederverwerten k&ouml;nnen&ldquo;, sagt ein Sprecher des Spezialisten f&uuml;r die Herstellung von glasfaserverst&auml;rktem Kunststoff (GFK) im Pultrusionsverfahren, Krafton.<strong><\/strong><\/p>\n","protected":false},"author":1,"featured_media":5257,"comment_status":"closed","ping_status":"closed","sticky":false,"template":"","format":"standard","meta":{"_acf_changed":false,"content-type":"","inline_featured_image":false,"footnotes":""},"categories":[19],"tags":[],"class_list":["post-8676","post","type-post","status-publish","format-standard","has-post-thumbnail","hentry","category-beek"],"acf":[],"yoast_head":"<!-- This site is optimized with the Yoast SEO plugin v27.5 - https:\/\/yoast.com\/product\/yoast-seo-wordpress\/ -->\n<title>Krafton und Van Beek entwickeln Recyclingstra\u00dfe f\u00fcr das Recycling von Produktionsabf\u00e4llen - Van Beek Schroeftransport<\/title>\n<meta name=\"robots\" content=\"index, follow, max-snippet:-1, max-image-preview:large, max-video-preview:-1\" \/>\n<link rel=\"canonical\" href=\"https:\/\/www.van-beek.nl\/de\/krafton-und-van-beek-entwickeln-recyclingstrasse-fuer-das-recycling-von-produktionsabfaellen\/\" \/>\n<meta property=\"og:locale\" content=\"de_DE\" \/>\n<meta property=\"og:type\" content=\"article\" \/>\n<meta property=\"og:title\" content=\"Krafton und Van Beek entwickeln Recyclingstra\u00dfe f\u00fcr das Recycling von Produktionsabf\u00e4llen - Van Beek Schroeftransport\" \/>\n<meta property=\"og:description\" content=\"Krafton, das ehemalige Bijl Profielen aus Heijningen in der Provinz Nordbrabant, hat zusammen mit Van Beek eine einzigartige, zirkul&auml;re L&ouml;sung entwickelt, wobei Produktionsabf&auml;lle vollst&auml;ndig in einem Endprodukt verarbeitet werden. Im Rahmen dieser nachhaltigen L&ouml;sung wird der Hohlraum in einem Polyesterprofil unter Verwendung einer Pressschnecke mit Polyesterchips gef&uuml;llt. &bdquo;Bei uns fallen j&auml;hrlich &uuml;ber hundert Tonnen Polyesterabfall an, die wir jetzt vollst&auml;ndig wiederverwerten k&ouml;nnen&ldquo;, sagt ein Sprecher des Spezialisten f&uuml;r die Herstellung von glasfaserverst&auml;rktem Kunststoff (GFK) im Pultrusionsverfahren, Krafton.\" \/>\n<meta property=\"og:url\" content=\"https:\/\/www.van-beek.nl\/de\/krafton-und-van-beek-entwickeln-recyclingstrasse-fuer-das-recycling-von-produktionsabfaellen\/\" \/>\n<meta property=\"og:site_name\" content=\"Van Beek Schroeftransport\" \/>\n<meta property=\"article:published_time\" content=\"2021-09-16T09:04:28+00:00\" \/>\n<meta property=\"og:image\" content=\"https:\/\/www.van-beek.nl\/wp-content\/uploads\/2021\/04\/1594115713-Krafton_en_Van_Beek_ontwikkelen_recycle_straat_voor_hergebruik_productieafval-150.jpg\" \/>\n\t<meta property=\"og:image:width\" content=\"150\" \/>\n\t<meta property=\"og:image:height\" content=\"150\" \/>\n\t<meta property=\"og:image:type\" content=\"image\/jpeg\" \/>\n<meta name=\"author\" content=\"janssen\" \/>\n<meta name=\"twitter:card\" content=\"summary_large_image\" \/>\n<meta name=\"twitter:label1\" content=\"Verfasst von\" \/>\n\t<meta name=\"twitter:data1\" content=\"janssen\" \/>\n\t<meta name=\"twitter:label2\" content=\"Gesch\u00e4tzte Lesezeit\" \/>\n\t<meta name=\"twitter:data2\" content=\"4\u00a0Minuten\" \/>\n<script type=\"application\/ld+json\" class=\"yoast-schema-graph\">{\"@context\":\"https:\\\/\\\/schema.org\",\"@graph\":[{\"@type\":\"Article\",\"@id\":\"https:\\\/\\\/www.van-beek.nl\\\/de\\\/krafton-und-van-beek-entwickeln-recyclingstrasse-fuer-das-recycling-von-produktionsabfaellen\\\/#article\",\"isPartOf\":{\"@id\":\"https:\\\/\\\/www.van-beek.nl\\\/de\\\/krafton-und-van-beek-entwickeln-recyclingstrasse-fuer-das-recycling-von-produktionsabfaellen\\\/\"},\"author\":{\"name\":\"janssen\",\"@id\":\"https:\\\/\\\/www.van-beek.nl\\\/de\\\/#\\\/schema\\\/person\\\/d9dfeecd72ae15b7f694c5972fe9dabb\"},\"headline\":\"Krafton und Van Beek entwickeln Recyclingstra\u00dfe f\u00fcr das Recycling von Produktionsabf\u00e4llen\",\"datePublished\":\"2021-09-16T09:04:28+00:00\",\"mainEntityOfPage\":{\"@id\":\"https:\\\/\\\/www.van-beek.nl\\\/de\\\/krafton-und-van-beek-entwickeln-recyclingstrasse-fuer-das-recycling-von-produktionsabfaellen\\\/\"},\"wordCount\":874,\"publisher\":{\"@id\":\"https:\\\/\\\/www.van-beek.nl\\\/de\\\/#organization\"},\"image\":{\"@id\":\"https:\\\/\\\/www.van-beek.nl\\\/de\\\/krafton-und-van-beek-entwickeln-recyclingstrasse-fuer-das-recycling-von-produktionsabfaellen\\\/#primaryimage\"},\"thumbnailUrl\":\"https:\\\/\\\/www.van-beek.nl\\\/wp-content\\\/uploads\\\/2021\\\/04\\\/1594115713-Krafton_en_Van_Beek_ontwikkelen_recycle_straat_voor_hergebruik_productieafval-150.jpg\",\"articleSection\":[\"Beek\"],\"inLanguage\":\"de\"},{\"@type\":\"WebPage\",\"@id\":\"https:\\\/\\\/www.van-beek.nl\\\/de\\\/krafton-und-van-beek-entwickeln-recyclingstrasse-fuer-das-recycling-von-produktionsabfaellen\\\/\",\"url\":\"https:\\\/\\\/www.van-beek.nl\\\/de\\\/krafton-und-van-beek-entwickeln-recyclingstrasse-fuer-das-recycling-von-produktionsabfaellen\\\/\",\"name\":\"Krafton und Van Beek entwickeln Recyclingstra\u00dfe f\u00fcr das Recycling von Produktionsabf\u00e4llen - Van Beek Schroeftransport\",\"isPartOf\":{\"@id\":\"https:\\\/\\\/www.van-beek.nl\\\/de\\\/#website\"},\"primaryImageOfPage\":{\"@id\":\"https:\\\/\\\/www.van-beek.nl\\\/de\\\/krafton-und-van-beek-entwickeln-recyclingstrasse-fuer-das-recycling-von-produktionsabfaellen\\\/#primaryimage\"},\"image\":{\"@id\":\"https:\\\/\\\/www.van-beek.nl\\\/de\\\/krafton-und-van-beek-entwickeln-recyclingstrasse-fuer-das-recycling-von-produktionsabfaellen\\\/#primaryimage\"},\"thumbnailUrl\":\"https:\\\/\\\/www.van-beek.nl\\\/wp-content\\\/uploads\\\/2021\\\/04\\\/1594115713-Krafton_en_Van_Beek_ontwikkelen_recycle_straat_voor_hergebruik_productieafval-150.jpg\",\"datePublished\":\"2021-09-16T09:04:28+00:00\",\"breadcrumb\":{\"@id\":\"https:\\\/\\\/www.van-beek.nl\\\/de\\\/krafton-und-van-beek-entwickeln-recyclingstrasse-fuer-das-recycling-von-produktionsabfaellen\\\/#breadcrumb\"},\"inLanguage\":\"de\",\"potentialAction\":[{\"@type\":\"ReadAction\",\"target\":[\"https:\\\/\\\/www.van-beek.nl\\\/de\\\/krafton-und-van-beek-entwickeln-recyclingstrasse-fuer-das-recycling-von-produktionsabfaellen\\\/\"]}]},{\"@type\":\"ImageObject\",\"inLanguage\":\"de\",\"@id\":\"https:\\\/\\\/www.van-beek.nl\\\/de\\\/krafton-und-van-beek-entwickeln-recyclingstrasse-fuer-das-recycling-von-produktionsabfaellen\\\/#primaryimage\",\"url\":\"https:\\\/\\\/www.van-beek.nl\\\/wp-content\\\/uploads\\\/2021\\\/04\\\/1594115713-Krafton_en_Van_Beek_ontwikkelen_recycle_straat_voor_hergebruik_productieafval-150.jpg\",\"contentUrl\":\"https:\\\/\\\/www.van-beek.nl\\\/wp-content\\\/uploads\\\/2021\\\/04\\\/1594115713-Krafton_en_Van_Beek_ontwikkelen_recycle_straat_voor_hergebruik_productieafval-150.jpg\",\"width\":150,\"height\":150},{\"@type\":\"BreadcrumbList\",\"@id\":\"https:\\\/\\\/www.van-beek.nl\\\/de\\\/krafton-und-van-beek-entwickeln-recyclingstrasse-fuer-das-recycling-von-produktionsabfaellen\\\/#breadcrumb\",\"itemListElement\":[{\"@type\":\"ListItem\",\"position\":1,\"name\":\"Home\",\"item\":\"https:\\\/\\\/www.van-beek.nl\\\/de\\\/\"},{\"@type\":\"ListItem\",\"position\":2,\"name\":\"Krafton und Van Beek entwickeln Recyclingstra\u00dfe f\u00fcr das Recycling von Produktionsabf\u00e4llen\"}]},{\"@type\":\"WebSite\",\"@id\":\"https:\\\/\\\/www.van-beek.nl\\\/de\\\/#website\",\"url\":\"https:\\\/\\\/www.van-beek.nl\\\/de\\\/\",\"name\":\"Van Beek Schroeftransport\",\"description\":\"\",\"publisher\":{\"@id\":\"https:\\\/\\\/www.van-beek.nl\\\/de\\\/#organization\"},\"potentialAction\":[{\"@type\":\"SearchAction\",\"target\":{\"@type\":\"EntryPoint\",\"urlTemplate\":\"https:\\\/\\\/www.van-beek.nl\\\/de\\\/?s={search_term_string}\"},\"query-input\":{\"@type\":\"PropertyValueSpecification\",\"valueRequired\":true,\"valueName\":\"search_term_string\"}}],\"inLanguage\":\"de\"},{\"@type\":\"Organization\",\"@id\":\"https:\\\/\\\/www.van-beek.nl\\\/de\\\/#organization\",\"name\":\"Transportschroeven- en machinefabriek Van Beek B.V.\",\"url\":\"https:\\\/\\\/www.van-beek.nl\\\/de\\\/\",\"logo\":{\"@type\":\"ImageObject\",\"inLanguage\":\"de\",\"@id\":\"https:\\\/\\\/www.van-beek.nl\\\/de\\\/#\\\/schema\\\/logo\\\/image\\\/\",\"url\":\"https:\\\/\\\/van-beek.nl\\\/wp-content\\\/uploads\\\/2020\\\/04\\\/VanBeek-logo.png\",\"contentUrl\":\"https:\\\/\\\/van-beek.nl\\\/wp-content\\\/uploads\\\/2020\\\/04\\\/VanBeek-logo.png\",\"width\":116,\"height\":22,\"caption\":\"Transportschroeven- en machinefabriek Van Beek B.V.\"},\"image\":{\"@id\":\"https:\\\/\\\/www.van-beek.nl\\\/de\\\/#\\\/schema\\\/logo\\\/image\\\/\"}},{\"@type\":\"Person\",\"@id\":\"https:\\\/\\\/www.van-beek.nl\\\/de\\\/#\\\/schema\\\/person\\\/d9dfeecd72ae15b7f694c5972fe9dabb\",\"name\":\"janssen\",\"image\":{\"@type\":\"ImageObject\",\"inLanguage\":\"de\",\"@id\":\"https:\\\/\\\/secure.gravatar.com\\\/avatar\\\/8a1fa2275de352d3a0754e90447a63ca38079c7fa3bed6dcd83dba675d80ab18?s=96&d=mm&r=g\",\"url\":\"https:\\\/\\\/secure.gravatar.com\\\/avatar\\\/8a1fa2275de352d3a0754e90447a63ca38079c7fa3bed6dcd83dba675d80ab18?s=96&d=mm&r=g\",\"contentUrl\":\"https:\\\/\\\/secure.gravatar.com\\\/avatar\\\/8a1fa2275de352d3a0754e90447a63ca38079c7fa3bed6dcd83dba675d80ab18?s=96&d=mm&r=g\",\"caption\":\"janssen\"}}]}<\/script>\n<!-- \/ Yoast SEO plugin. -->","yoast_head_json":{"title":"Krafton und Van Beek entwickeln Recyclingstra\u00dfe f\u00fcr das Recycling von Produktionsabf\u00e4llen - Van Beek Schroeftransport","robots":{"index":"index","follow":"follow","max-snippet":"max-snippet:-1","max-image-preview":"max-image-preview:large","max-video-preview":"max-video-preview:-1"},"canonical":"https:\/\/www.van-beek.nl\/de\/krafton-und-van-beek-entwickeln-recyclingstrasse-fuer-das-recycling-von-produktionsabfaellen\/","og_locale":"de_DE","og_type":"article","og_title":"Krafton und Van Beek entwickeln Recyclingstra\u00dfe f\u00fcr das Recycling von Produktionsabf\u00e4llen - Van Beek Schroeftransport","og_description":"Krafton, das ehemalige Bijl Profielen aus Heijningen in der Provinz Nordbrabant, hat zusammen mit Van Beek eine einzigartige, zirkul&auml;re L&ouml;sung entwickelt, wobei Produktionsabf&auml;lle vollst&auml;ndig in einem Endprodukt verarbeitet werden. Im Rahmen dieser nachhaltigen L&ouml;sung wird der Hohlraum in einem Polyesterprofil unter Verwendung einer Pressschnecke mit Polyesterchips gef&uuml;llt. &bdquo;Bei uns fallen j&auml;hrlich &uuml;ber hundert Tonnen Polyesterabfall an, die wir jetzt vollst&auml;ndig wiederverwerten k&ouml;nnen&ldquo;, sagt ein Sprecher des Spezialisten f&uuml;r die Herstellung von glasfaserverst&auml;rktem Kunststoff (GFK) im Pultrusionsverfahren, Krafton.","og_url":"https:\/\/www.van-beek.nl\/de\/krafton-und-van-beek-entwickeln-recyclingstrasse-fuer-das-recycling-von-produktionsabfaellen\/","og_site_name":"Van Beek Schroeftransport","article_published_time":"2021-09-16T09:04:28+00:00","og_image":[{"width":150,"height":150,"url":"https:\/\/www.van-beek.nl\/wp-content\/uploads\/2021\/04\/1594115713-Krafton_en_Van_Beek_ontwikkelen_recycle_straat_voor_hergebruik_productieafval-150.jpg","type":"image\/jpeg"}],"author":"janssen","twitter_card":"summary_large_image","twitter_misc":{"Verfasst von":"janssen","Gesch\u00e4tzte Lesezeit":"4\u00a0Minuten"},"schema":{"@context":"https:\/\/schema.org","@graph":[{"@type":"Article","@id":"https:\/\/www.van-beek.nl\/de\/krafton-und-van-beek-entwickeln-recyclingstrasse-fuer-das-recycling-von-produktionsabfaellen\/#article","isPartOf":{"@id":"https:\/\/www.van-beek.nl\/de\/krafton-und-van-beek-entwickeln-recyclingstrasse-fuer-das-recycling-von-produktionsabfaellen\/"},"author":{"name":"janssen","@id":"https:\/\/www.van-beek.nl\/de\/#\/schema\/person\/d9dfeecd72ae15b7f694c5972fe9dabb"},"headline":"Krafton und Van Beek entwickeln Recyclingstra\u00dfe f\u00fcr das Recycling von Produktionsabf\u00e4llen","datePublished":"2021-09-16T09:04:28+00:00","mainEntityOfPage":{"@id":"https:\/\/www.van-beek.nl\/de\/krafton-und-van-beek-entwickeln-recyclingstrasse-fuer-das-recycling-von-produktionsabfaellen\/"},"wordCount":874,"publisher":{"@id":"https:\/\/www.van-beek.nl\/de\/#organization"},"image":{"@id":"https:\/\/www.van-beek.nl\/de\/krafton-und-van-beek-entwickeln-recyclingstrasse-fuer-das-recycling-von-produktionsabfaellen\/#primaryimage"},"thumbnailUrl":"https:\/\/www.van-beek.nl\/wp-content\/uploads\/2021\/04\/1594115713-Krafton_en_Van_Beek_ontwikkelen_recycle_straat_voor_hergebruik_productieafval-150.jpg","articleSection":["Beek"],"inLanguage":"de"},{"@type":"WebPage","@id":"https:\/\/www.van-beek.nl\/de\/krafton-und-van-beek-entwickeln-recyclingstrasse-fuer-das-recycling-von-produktionsabfaellen\/","url":"https:\/\/www.van-beek.nl\/de\/krafton-und-van-beek-entwickeln-recyclingstrasse-fuer-das-recycling-von-produktionsabfaellen\/","name":"Krafton und Van Beek entwickeln Recyclingstra\u00dfe f\u00fcr das Recycling von Produktionsabf\u00e4llen - Van Beek Schroeftransport","isPartOf":{"@id":"https:\/\/www.van-beek.nl\/de\/#website"},"primaryImageOfPage":{"@id":"https:\/\/www.van-beek.nl\/de\/krafton-und-van-beek-entwickeln-recyclingstrasse-fuer-das-recycling-von-produktionsabfaellen\/#primaryimage"},"image":{"@id":"https:\/\/www.van-beek.nl\/de\/krafton-und-van-beek-entwickeln-recyclingstrasse-fuer-das-recycling-von-produktionsabfaellen\/#primaryimage"},"thumbnailUrl":"https:\/\/www.van-beek.nl\/wp-content\/uploads\/2021\/04\/1594115713-Krafton_en_Van_Beek_ontwikkelen_recycle_straat_voor_hergebruik_productieafval-150.jpg","datePublished":"2021-09-16T09:04:28+00:00","breadcrumb":{"@id":"https:\/\/www.van-beek.nl\/de\/krafton-und-van-beek-entwickeln-recyclingstrasse-fuer-das-recycling-von-produktionsabfaellen\/#breadcrumb"},"inLanguage":"de","potentialAction":[{"@type":"ReadAction","target":["https:\/\/www.van-beek.nl\/de\/krafton-und-van-beek-entwickeln-recyclingstrasse-fuer-das-recycling-von-produktionsabfaellen\/"]}]},{"@type":"ImageObject","inLanguage":"de","@id":"https:\/\/www.van-beek.nl\/de\/krafton-und-van-beek-entwickeln-recyclingstrasse-fuer-das-recycling-von-produktionsabfaellen\/#primaryimage","url":"https:\/\/www.van-beek.nl\/wp-content\/uploads\/2021\/04\/1594115713-Krafton_en_Van_Beek_ontwikkelen_recycle_straat_voor_hergebruik_productieafval-150.jpg","contentUrl":"https:\/\/www.van-beek.nl\/wp-content\/uploads\/2021\/04\/1594115713-Krafton_en_Van_Beek_ontwikkelen_recycle_straat_voor_hergebruik_productieafval-150.jpg","width":150,"height":150},{"@type":"BreadcrumbList","@id":"https:\/\/www.van-beek.nl\/de\/krafton-und-van-beek-entwickeln-recyclingstrasse-fuer-das-recycling-von-produktionsabfaellen\/#breadcrumb","itemListElement":[{"@type":"ListItem","position":1,"name":"Home","item":"https:\/\/www.van-beek.nl\/de\/"},{"@type":"ListItem","position":2,"name":"Krafton und Van Beek entwickeln Recyclingstra\u00dfe f\u00fcr das Recycling von Produktionsabf\u00e4llen"}]},{"@type":"WebSite","@id":"https:\/\/www.van-beek.nl\/de\/#website","url":"https:\/\/www.van-beek.nl\/de\/","name":"Van Beek Schroeftransport","description":"","publisher":{"@id":"https:\/\/www.van-beek.nl\/de\/#organization"},"potentialAction":[{"@type":"SearchAction","target":{"@type":"EntryPoint","urlTemplate":"https:\/\/www.van-beek.nl\/de\/?s={search_term_string}"},"query-input":{"@type":"PropertyValueSpecification","valueRequired":true,"valueName":"search_term_string"}}],"inLanguage":"de"},{"@type":"Organization","@id":"https:\/\/www.van-beek.nl\/de\/#organization","name":"Transportschroeven- en machinefabriek Van Beek B.V.","url":"https:\/\/www.van-beek.nl\/de\/","logo":{"@type":"ImageObject","inLanguage":"de","@id":"https:\/\/www.van-beek.nl\/de\/#\/schema\/logo\/image\/","url":"https:\/\/van-beek.nl\/wp-content\/uploads\/2020\/04\/VanBeek-logo.png","contentUrl":"https:\/\/van-beek.nl\/wp-content\/uploads\/2020\/04\/VanBeek-logo.png","width":116,"height":22,"caption":"Transportschroeven- en machinefabriek Van Beek B.V."},"image":{"@id":"https:\/\/www.van-beek.nl\/de\/#\/schema\/logo\/image\/"}},{"@type":"Person","@id":"https:\/\/www.van-beek.nl\/de\/#\/schema\/person\/d9dfeecd72ae15b7f694c5972fe9dabb","name":"janssen","image":{"@type":"ImageObject","inLanguage":"de","@id":"https:\/\/secure.gravatar.com\/avatar\/8a1fa2275de352d3a0754e90447a63ca38079c7fa3bed6dcd83dba675d80ab18?s=96&d=mm&r=g","url":"https:\/\/secure.gravatar.com\/avatar\/8a1fa2275de352d3a0754e90447a63ca38079c7fa3bed6dcd83dba675d80ab18?s=96&d=mm&r=g","contentUrl":"https:\/\/secure.gravatar.com\/avatar\/8a1fa2275de352d3a0754e90447a63ca38079c7fa3bed6dcd83dba675d80ab18?s=96&d=mm&r=g","caption":"janssen"}}]}},"_links":{"self":[{"href":"https:\/\/www.van-beek.nl\/de\/wp-json\/wp\/v2\/posts\/8676","targetHints":{"allow":["GET"]}}],"collection":[{"href":"https:\/\/www.van-beek.nl\/de\/wp-json\/wp\/v2\/posts"}],"about":[{"href":"https:\/\/www.van-beek.nl\/de\/wp-json\/wp\/v2\/types\/post"}],"author":[{"embeddable":true,"href":"https:\/\/www.van-beek.nl\/de\/wp-json\/wp\/v2\/users\/1"}],"replies":[{"embeddable":true,"href":"https:\/\/www.van-beek.nl\/de\/wp-json\/wp\/v2\/comments?post=8676"}],"version-history":[{"count":1,"href":"https:\/\/www.van-beek.nl\/de\/wp-json\/wp\/v2\/posts\/8676\/revisions"}],"predecessor-version":[{"id":9216,"href":"https:\/\/www.van-beek.nl\/de\/wp-json\/wp\/v2\/posts\/8676\/revisions\/9216"}],"wp:featuredmedia":[{"embeddable":true,"href":"https:\/\/www.van-beek.nl\/de\/wp-json\/wp\/v2\/media\/5257"}],"wp:attachment":[{"href":"https:\/\/www.van-beek.nl\/de\/wp-json\/wp\/v2\/media?parent=8676"}],"wp:term":[{"taxonomy":"category","embeddable":true,"href":"https:\/\/www.van-beek.nl\/de\/wp-json\/wp\/v2\/categories?post=8676"},{"taxonomy":"post_tag","embeddable":true,"href":"https:\/\/www.van-beek.nl\/de\/wp-json\/wp\/v2\/tags?post=8676"}],"curies":[{"name":"wp","href":"https:\/\/api.w.org\/{rel}","templated":true}]}}