{"id":8680,"date":"2021-09-16T09:04:28","date_gmt":"2021-09-16T09:04:28","guid":{"rendered":"https:\/\/van-beek.nl\/xeikon-und-van-beek-die-geschaeftliche-partnerschaft-von-zwei-innovativen-koepfen\/"},"modified":"2021-09-29T08:38:15","modified_gmt":"2021-09-29T08:38:15","slug":"xeikon-und-van-beek-die-geschaeftliche-partnerschaft-von-zwei-innovativen-koepfen","status":"publish","type":"post","link":"https:\/\/www.van-beek.nl\/de\/xeikon-und-van-beek-die-geschaeftliche-partnerschaft-von-zwei-innovativen-koepfen\/","title":{"rendered":"Xeikon und Van Beek: die gesch\u00e4ftliche Partnerschaft von zwei innovativen K\u00f6pfen"},"content":{"rendered":"<p class=\"HoofdtekstA\"><strong>Die ausgekl\u00fcgelten Einzelanfertigungen von Van Beek sorgen jedes Mal aufs Neue f\u00fcr optimierte Produktionsprozesse. So auch beim belgischen Unternehmen Xeikon, einem Innovator im Bereich der digitalen Drucktechnologie. Hier sch\u00fctzen seit Kurzem doppelt ausgef\u00fchrte Schneckenw\u00e4rmetauscher die hochwertigen Tonerpulver gegen kritische Schmelztemperaturen. \u201eUnsere Rohstoffe wurden ge\u00e4ndert, was auch zu einer \u00c4nderung des Schmelzverhaltens der Toner f\u00fchrte. Daher mussten wir eine in die Prozesslinie integrierte W\u00e4rmeableitung mit den f\u00fcr uns geeigneten Anlagen suchen\u201c, berichtete Mario Discart, Produktionsingenieur der Tonerfabrik von Xeikon in Heultje (Belgien).<\/strong><\/p>\n<p class=\"HoofdtekstA\"><strong>Zwei innovative K\u00f6pfe<br \/>\n<\/strong>Der ehemalige belgische Hersteller digitaler Druckmaschinen und Plattenbelichter f\u00fcr die Grafik- und Verpackungsbranche geh\u00f6rt seit 2015 zur Flint Group, dem weltweit zweitgr\u00f6\u00dften Hersteller f\u00fcr Farben. Inzwischen stellt Xeikon f\u00fcr den Bereich Flint Group Digital Printing Solutions j\u00e4hrlich 600\u00a0Tonnen Toner her. \u201eDie Tonerherstellung ist sehr komplex, wir m\u00fcssen unsere Maschinen selbst konstruieren\u201c, sagte Discart. Das Denken in L\u00f6sungen, die kurzen Wege und die Einzelanfertigung durch Van Beek sorgen nach Ansicht des Produktionsingenieurs f\u00fcr die ideale gesch\u00e4ftliche Partnerschaft zwischen zwei innovativen K\u00f6pfen.<\/p>\n<p class=\"HoofdtekstA\"><strong>Die Reinigung ist ausschlaggebend<br \/>\n<\/strong>Eine einfache und schnelle Reinigung ist f\u00fcr Xeikon unabdingbar. Van Beek konnte dies, so Discart, zur vollen Zufriedenheit l\u00f6sen. Der Tonerhersteller arbeitet mit hochwertigen Pigmenten. Aufgrund der hohen Qualit\u00e4tsanforderungen ist die gr\u00fcndliche Reinigung der Schneckenf\u00f6rderer ein entscheidender Faktor beim Wechsel der Farbe alle sechs Wochen. Discart: \u201eDie Reinigung erfolgt gr\u00f6\u00dftenteils automatisch mit Druckluft, wodurch gleich 90\u00a0Prozent des zur\u00fcckgebliebenen Pulvers weggeblasen werden. Danach l\u00e4sst sich der Schneckenf\u00f6rderer einfach demontieren\u201c. Um die optimale Reinigung zu erm\u00f6glichen, ist die Anlage mit einer ausziehbaren Schiene ausgestattet, sodass die\u00a0 Schraubenwellen z\u00fcgig und einfach f\u00fcr die schnelle und gr\u00fcndliche Reinigung entnehmbar sind. Die Inbetriebnahme der neuen Schneckenw\u00e4rmetauscher bringt dem Unternehmen beim erforderlichen Reinigungsprozess einen Zeitgewinn von einem halben Arbeitstag.<\/p>\n<p class=\"HoofdtekstA\"><strong>Keine Klumpenbildung<br \/>\n<\/strong>Zur gro\u00dfen Freude des Produktionsingenieurs besteht mit den doppelt ausgef\u00fchrten Schneckenw\u00e4rmetauschern zudem auch das Problem der Agglomeration nicht mehr. \u201eDie Pulverpartikel d\u00fcrfen auf keinen Fall aneinander haften, das f\u00fchrt zur Klumpenbildung. Fr\u00fcher hatten wir damit wegen der niedrigen Schmelztemperaturen der Pulver ein Problem. Die K\u00fchlung der Pulver hat dieses Problem gel\u00f6st, sagte Discart, der sehr mit der gebotenen L\u00f6sung zufrieden ist: \u201eF\u00fcr uns kam es auf die Kombination der Bef\u00f6rderung, K\u00fchlung und schnellen Reinigung an. Van Beek bietet definitiv einen Mehrwert im Bereich der Konstruktion, Einzelanfertigung, des Mitdenkens und der angenehmen Zusammenarbeit!\u201c<\/p>\n<p class=\"HoofdtekstA\"><strong>Musterbeispiel<br \/>\n<\/strong>Auch Perry Verberne, Gesch\u00e4ftsf\u00fchrer bei Van Beek, ist sehr von der Kooperation und dem nach seiner Meinung einzigartigen Projekt angetan. \u201eXeikon ist ein Musterbeispiel daf\u00fcr, wie Van Beek arbeiten will. Alle Aspekte, die f\u00fcr uns beim Entwerfen, der Herstellung und Weiterentwicklung eine Rolle spielen, kamen hier zusammen. Wir durften Testanlagen live in die Produktionslinie einbauen und die W\u00fcnsche des Kunden umfassend mit ihm besprechen, um schlie\u00dflich eine kundenspezifische Anlage zu fertigen.\u201c<\/p>\n","protected":false},"excerpt":{"rendered":"<p class=\"HoofdtekstA\">Die ausgekl&uuml;gelten Einzelanfertigungen von Van Beek sorgen jedes Mal aufs Neue f&uuml;r optimierte Produktionsprozesse. So auch beim belgischen Unternehmen Xeikon, einem Innovator im Bereich der digitalen Drucktechnologie. Hier sch&uuml;tzen seit Kurzem doppelt ausgef&uuml;hrte Schneckenw&auml;rmetauscher die hochwertigen Tonerpulver gegen kritische Schmelztemperaturen. <strong><\/strong><\/p>\n","protected":false},"author":1,"featured_media":5273,"comment_status":"closed","ping_status":"closed","sticky":false,"template":"","format":"standard","meta":{"_acf_changed":false,"content-type":"","inline_featured_image":false,"footnotes":""},"categories":[30],"tags":[],"class_list":["post-8680","post","type-post","status-publish","format-standard","has-post-thumbnail","hentry","category-celsius-de"],"acf":[],"yoast_head":"<!-- This site is optimized with the Yoast SEO plugin v27.5 - https:\/\/yoast.com\/product\/yoast-seo-wordpress\/ -->\n<title>Xeikon und Van Beek: die gesch\u00e4ftliche Partnerschaft von zwei innovativen K\u00f6pfen - Van Beek Schroeftransport<\/title>\n<meta name=\"robots\" content=\"index, follow, max-snippet:-1, max-image-preview:large, max-video-preview:-1\" \/>\n<link rel=\"canonical\" href=\"https:\/\/www.van-beek.nl\/de\/xeikon-und-van-beek-die-geschaeftliche-partnerschaft-von-zwei-innovativen-koepfen\/\" \/>\n<meta property=\"og:locale\" content=\"de_DE\" \/>\n<meta property=\"og:type\" content=\"article\" \/>\n<meta property=\"og:title\" content=\"Xeikon und Van Beek: die gesch\u00e4ftliche Partnerschaft von zwei innovativen K\u00f6pfen - Van Beek Schroeftransport\" \/>\n<meta property=\"og:description\" content=\"Die ausgekl&uuml;gelten Einzelanfertigungen von Van Beek sorgen jedes Mal aufs Neue f&uuml;r optimierte Produktionsprozesse. So auch beim belgischen Unternehmen Xeikon, einem Innovator im Bereich der digitalen Drucktechnologie. Hier sch&uuml;tzen seit Kurzem doppelt ausgef&uuml;hrte Schneckenw&auml;rmetauscher die hochwertigen Tonerpulver gegen kritische Schmelztemperaturen.\" \/>\n<meta property=\"og:url\" content=\"https:\/\/www.van-beek.nl\/de\/xeikon-und-van-beek-die-geschaeftliche-partnerschaft-von-zwei-innovativen-koepfen\/\" \/>\n<meta property=\"og:site_name\" content=\"Van Beek Schroeftransport\" \/>\n<meta property=\"article:published_time\" content=\"2021-09-16T09:04:28+00:00\" \/>\n<meta property=\"article:modified_time\" content=\"2021-09-29T08:38:15+00:00\" \/>\n<meta property=\"og:image\" content=\"https:\/\/www.van-beek.nl\/wp-content\/uploads\/2021\/04\/1613470701-Xeikon-en-Van-Beek-een-zakelijke-match-tussen-twee-innovatieve-geesten-150.png\" \/>\n\t<meta property=\"og:image:width\" content=\"150\" \/>\n\t<meta property=\"og:image:height\" content=\"150\" \/>\n\t<meta property=\"og:image:type\" content=\"image\/png\" \/>\n<meta name=\"author\" content=\"janssen\" \/>\n<meta name=\"twitter:card\" content=\"summary_large_image\" \/>\n<meta name=\"twitter:label1\" content=\"Verfasst von\" \/>\n\t<meta name=\"twitter:data1\" content=\"janssen\" \/>\n\t<meta name=\"twitter:label2\" content=\"Gesch\u00e4tzte Lesezeit\" \/>\n\t<meta name=\"twitter:data2\" content=\"2\u00a0Minuten\" \/>\n<script type=\"application\/ld+json\" class=\"yoast-schema-graph\">{\"@context\":\"https:\\\/\\\/schema.org\",\"@graph\":[{\"@type\":\"Article\",\"@id\":\"https:\\\/\\\/www.van-beek.nl\\\/de\\\/xeikon-und-van-beek-die-geschaeftliche-partnerschaft-von-zwei-innovativen-koepfen\\\/#article\",\"isPartOf\":{\"@id\":\"https:\\\/\\\/www.van-beek.nl\\\/de\\\/xeikon-und-van-beek-die-geschaeftliche-partnerschaft-von-zwei-innovativen-koepfen\\\/\"},\"author\":{\"name\":\"janssen\",\"@id\":\"https:\\\/\\\/www.van-beek.nl\\\/de\\\/#\\\/schema\\\/person\\\/d9dfeecd72ae15b7f694c5972fe9dabb\"},\"headline\":\"Xeikon und Van Beek: die gesch\u00e4ftliche Partnerschaft von zwei innovativen K\u00f6pfen\",\"datePublished\":\"2021-09-16T09:04:28+00:00\",\"dateModified\":\"2021-09-29T08:38:15+00:00\",\"mainEntityOfPage\":{\"@id\":\"https:\\\/\\\/www.van-beek.nl\\\/de\\\/xeikon-und-van-beek-die-geschaeftliche-partnerschaft-von-zwei-innovativen-koepfen\\\/\"},\"wordCount\":512,\"publisher\":{\"@id\":\"https:\\\/\\\/www.van-beek.nl\\\/de\\\/#organization\"},\"image\":{\"@id\":\"https:\\\/\\\/www.van-beek.nl\\\/de\\\/xeikon-und-van-beek-die-geschaeftliche-partnerschaft-von-zwei-innovativen-koepfen\\\/#primaryimage\"},\"thumbnailUrl\":\"https:\\\/\\\/www.van-beek.nl\\\/wp-content\\\/uploads\\\/2021\\\/04\\\/1613470701-Xeikon-en-Van-Beek-een-zakelijke-match-tussen-twee-innovatieve-geesten-150.png\",\"articleSection\":[\"Celsius\"],\"inLanguage\":\"de\"},{\"@type\":\"WebPage\",\"@id\":\"https:\\\/\\\/www.van-beek.nl\\\/de\\\/xeikon-und-van-beek-die-geschaeftliche-partnerschaft-von-zwei-innovativen-koepfen\\\/\",\"url\":\"https:\\\/\\\/www.van-beek.nl\\\/de\\\/xeikon-und-van-beek-die-geschaeftliche-partnerschaft-von-zwei-innovativen-koepfen\\\/\",\"name\":\"Xeikon und Van Beek: die gesch\u00e4ftliche Partnerschaft von zwei innovativen K\u00f6pfen - Van Beek Schroeftransport\",\"isPartOf\":{\"@id\":\"https:\\\/\\\/www.van-beek.nl\\\/de\\\/#website\"},\"primaryImageOfPage\":{\"@id\":\"https:\\\/\\\/www.van-beek.nl\\\/de\\\/xeikon-und-van-beek-die-geschaeftliche-partnerschaft-von-zwei-innovativen-koepfen\\\/#primaryimage\"},\"image\":{\"@id\":\"https:\\\/\\\/www.van-beek.nl\\\/de\\\/xeikon-und-van-beek-die-geschaeftliche-partnerschaft-von-zwei-innovativen-koepfen\\\/#primaryimage\"},\"thumbnailUrl\":\"https:\\\/\\\/www.van-beek.nl\\\/wp-content\\\/uploads\\\/2021\\\/04\\\/1613470701-Xeikon-en-Van-Beek-een-zakelijke-match-tussen-twee-innovatieve-geesten-150.png\",\"datePublished\":\"2021-09-16T09:04:28+00:00\",\"dateModified\":\"2021-09-29T08:38:15+00:00\",\"breadcrumb\":{\"@id\":\"https:\\\/\\\/www.van-beek.nl\\\/de\\\/xeikon-und-van-beek-die-geschaeftliche-partnerschaft-von-zwei-innovativen-koepfen\\\/#breadcrumb\"},\"inLanguage\":\"de\",\"potentialAction\":[{\"@type\":\"ReadAction\",\"target\":[\"https:\\\/\\\/www.van-beek.nl\\\/de\\\/xeikon-und-van-beek-die-geschaeftliche-partnerschaft-von-zwei-innovativen-koepfen\\\/\"]}]},{\"@type\":\"ImageObject\",\"inLanguage\":\"de\",\"@id\":\"https:\\\/\\\/www.van-beek.nl\\\/de\\\/xeikon-und-van-beek-die-geschaeftliche-partnerschaft-von-zwei-innovativen-koepfen\\\/#primaryimage\",\"url\":\"https:\\\/\\\/www.van-beek.nl\\\/wp-content\\\/uploads\\\/2021\\\/04\\\/1613470701-Xeikon-en-Van-Beek-een-zakelijke-match-tussen-twee-innovatieve-geesten-150.png\",\"contentUrl\":\"https:\\\/\\\/www.van-beek.nl\\\/wp-content\\\/uploads\\\/2021\\\/04\\\/1613470701-Xeikon-en-Van-Beek-een-zakelijke-match-tussen-twee-innovatieve-geesten-150.png\",\"width\":150,\"height\":150},{\"@type\":\"BreadcrumbList\",\"@id\":\"https:\\\/\\\/www.van-beek.nl\\\/de\\\/xeikon-und-van-beek-die-geschaeftliche-partnerschaft-von-zwei-innovativen-koepfen\\\/#breadcrumb\",\"itemListElement\":[{\"@type\":\"ListItem\",\"position\":1,\"name\":\"Home\",\"item\":\"https:\\\/\\\/www.van-beek.nl\\\/de\\\/\"},{\"@type\":\"ListItem\",\"position\":2,\"name\":\"Xeikon und Van Beek: die gesch\u00e4ftliche Partnerschaft von zwei innovativen K\u00f6pfen\"}]},{\"@type\":\"WebSite\",\"@id\":\"https:\\\/\\\/www.van-beek.nl\\\/de\\\/#website\",\"url\":\"https:\\\/\\\/www.van-beek.nl\\\/de\\\/\",\"name\":\"Van Beek Schroeftransport\",\"description\":\"\",\"publisher\":{\"@id\":\"https:\\\/\\\/www.van-beek.nl\\\/de\\\/#organization\"},\"potentialAction\":[{\"@type\":\"SearchAction\",\"target\":{\"@type\":\"EntryPoint\",\"urlTemplate\":\"https:\\\/\\\/www.van-beek.nl\\\/de\\\/?s={search_term_string}\"},\"query-input\":{\"@type\":\"PropertyValueSpecification\",\"valueRequired\":true,\"valueName\":\"search_term_string\"}}],\"inLanguage\":\"de\"},{\"@type\":\"Organization\",\"@id\":\"https:\\\/\\\/www.van-beek.nl\\\/de\\\/#organization\",\"name\":\"Transportschroeven- en machinefabriek Van Beek B.V.\",\"url\":\"https:\\\/\\\/www.van-beek.nl\\\/de\\\/\",\"logo\":{\"@type\":\"ImageObject\",\"inLanguage\":\"de\",\"@id\":\"https:\\\/\\\/www.van-beek.nl\\\/de\\\/#\\\/schema\\\/logo\\\/image\\\/\",\"url\":\"https:\\\/\\\/van-beek.nl\\\/wp-content\\\/uploads\\\/2020\\\/04\\\/VanBeek-logo.png\",\"contentUrl\":\"https:\\\/\\\/van-beek.nl\\\/wp-content\\\/uploads\\\/2020\\\/04\\\/VanBeek-logo.png\",\"width\":116,\"height\":22,\"caption\":\"Transportschroeven- en machinefabriek Van Beek B.V.\"},\"image\":{\"@id\":\"https:\\\/\\\/www.van-beek.nl\\\/de\\\/#\\\/schema\\\/logo\\\/image\\\/\"}},{\"@type\":\"Person\",\"@id\":\"https:\\\/\\\/www.van-beek.nl\\\/de\\\/#\\\/schema\\\/person\\\/d9dfeecd72ae15b7f694c5972fe9dabb\",\"name\":\"janssen\",\"image\":{\"@type\":\"ImageObject\",\"inLanguage\":\"de\",\"@id\":\"https:\\\/\\\/secure.gravatar.com\\\/avatar\\\/8a1fa2275de352d3a0754e90447a63ca38079c7fa3bed6dcd83dba675d80ab18?s=96&d=mm&r=g\",\"url\":\"https:\\\/\\\/secure.gravatar.com\\\/avatar\\\/8a1fa2275de352d3a0754e90447a63ca38079c7fa3bed6dcd83dba675d80ab18?s=96&d=mm&r=g\",\"contentUrl\":\"https:\\\/\\\/secure.gravatar.com\\\/avatar\\\/8a1fa2275de352d3a0754e90447a63ca38079c7fa3bed6dcd83dba675d80ab18?s=96&d=mm&r=g\",\"caption\":\"janssen\"}}]}<\/script>\n<!-- \/ Yoast SEO plugin. -->","yoast_head_json":{"title":"Xeikon und Van Beek: die gesch\u00e4ftliche Partnerschaft von zwei innovativen K\u00f6pfen - Van Beek Schroeftransport","robots":{"index":"index","follow":"follow","max-snippet":"max-snippet:-1","max-image-preview":"max-image-preview:large","max-video-preview":"max-video-preview:-1"},"canonical":"https:\/\/www.van-beek.nl\/de\/xeikon-und-van-beek-die-geschaeftliche-partnerschaft-von-zwei-innovativen-koepfen\/","og_locale":"de_DE","og_type":"article","og_title":"Xeikon und Van Beek: die gesch\u00e4ftliche Partnerschaft von zwei innovativen K\u00f6pfen - Van Beek Schroeftransport","og_description":"Die ausgekl&uuml;gelten Einzelanfertigungen von Van Beek sorgen jedes Mal aufs Neue f&uuml;r optimierte Produktionsprozesse. So auch beim belgischen Unternehmen Xeikon, einem Innovator im Bereich der digitalen Drucktechnologie. Hier sch&uuml;tzen seit Kurzem doppelt ausgef&uuml;hrte Schneckenw&auml;rmetauscher die hochwertigen Tonerpulver gegen kritische Schmelztemperaturen.","og_url":"https:\/\/www.van-beek.nl\/de\/xeikon-und-van-beek-die-geschaeftliche-partnerschaft-von-zwei-innovativen-koepfen\/","og_site_name":"Van Beek Schroeftransport","article_published_time":"2021-09-16T09:04:28+00:00","article_modified_time":"2021-09-29T08:38:15+00:00","og_image":[{"width":150,"height":150,"url":"https:\/\/www.van-beek.nl\/wp-content\/uploads\/2021\/04\/1613470701-Xeikon-en-Van-Beek-een-zakelijke-match-tussen-twee-innovatieve-geesten-150.png","type":"image\/png"}],"author":"janssen","twitter_card":"summary_large_image","twitter_misc":{"Verfasst von":"janssen","Gesch\u00e4tzte Lesezeit":"2\u00a0Minuten"},"schema":{"@context":"https:\/\/schema.org","@graph":[{"@type":"Article","@id":"https:\/\/www.van-beek.nl\/de\/xeikon-und-van-beek-die-geschaeftliche-partnerschaft-von-zwei-innovativen-koepfen\/#article","isPartOf":{"@id":"https:\/\/www.van-beek.nl\/de\/xeikon-und-van-beek-die-geschaeftliche-partnerschaft-von-zwei-innovativen-koepfen\/"},"author":{"name":"janssen","@id":"https:\/\/www.van-beek.nl\/de\/#\/schema\/person\/d9dfeecd72ae15b7f694c5972fe9dabb"},"headline":"Xeikon und Van Beek: die gesch\u00e4ftliche Partnerschaft von zwei innovativen K\u00f6pfen","datePublished":"2021-09-16T09:04:28+00:00","dateModified":"2021-09-29T08:38:15+00:00","mainEntityOfPage":{"@id":"https:\/\/www.van-beek.nl\/de\/xeikon-und-van-beek-die-geschaeftliche-partnerschaft-von-zwei-innovativen-koepfen\/"},"wordCount":512,"publisher":{"@id":"https:\/\/www.van-beek.nl\/de\/#organization"},"image":{"@id":"https:\/\/www.van-beek.nl\/de\/xeikon-und-van-beek-die-geschaeftliche-partnerschaft-von-zwei-innovativen-koepfen\/#primaryimage"},"thumbnailUrl":"https:\/\/www.van-beek.nl\/wp-content\/uploads\/2021\/04\/1613470701-Xeikon-en-Van-Beek-een-zakelijke-match-tussen-twee-innovatieve-geesten-150.png","articleSection":["Celsius"],"inLanguage":"de"},{"@type":"WebPage","@id":"https:\/\/www.van-beek.nl\/de\/xeikon-und-van-beek-die-geschaeftliche-partnerschaft-von-zwei-innovativen-koepfen\/","url":"https:\/\/www.van-beek.nl\/de\/xeikon-und-van-beek-die-geschaeftliche-partnerschaft-von-zwei-innovativen-koepfen\/","name":"Xeikon und Van Beek: die gesch\u00e4ftliche Partnerschaft von zwei innovativen K\u00f6pfen - Van Beek Schroeftransport","isPartOf":{"@id":"https:\/\/www.van-beek.nl\/de\/#website"},"primaryImageOfPage":{"@id":"https:\/\/www.van-beek.nl\/de\/xeikon-und-van-beek-die-geschaeftliche-partnerschaft-von-zwei-innovativen-koepfen\/#primaryimage"},"image":{"@id":"https:\/\/www.van-beek.nl\/de\/xeikon-und-van-beek-die-geschaeftliche-partnerschaft-von-zwei-innovativen-koepfen\/#primaryimage"},"thumbnailUrl":"https:\/\/www.van-beek.nl\/wp-content\/uploads\/2021\/04\/1613470701-Xeikon-en-Van-Beek-een-zakelijke-match-tussen-twee-innovatieve-geesten-150.png","datePublished":"2021-09-16T09:04:28+00:00","dateModified":"2021-09-29T08:38:15+00:00","breadcrumb":{"@id":"https:\/\/www.van-beek.nl\/de\/xeikon-und-van-beek-die-geschaeftliche-partnerschaft-von-zwei-innovativen-koepfen\/#breadcrumb"},"inLanguage":"de","potentialAction":[{"@type":"ReadAction","target":["https:\/\/www.van-beek.nl\/de\/xeikon-und-van-beek-die-geschaeftliche-partnerschaft-von-zwei-innovativen-koepfen\/"]}]},{"@type":"ImageObject","inLanguage":"de","@id":"https:\/\/www.van-beek.nl\/de\/xeikon-und-van-beek-die-geschaeftliche-partnerschaft-von-zwei-innovativen-koepfen\/#primaryimage","url":"https:\/\/www.van-beek.nl\/wp-content\/uploads\/2021\/04\/1613470701-Xeikon-en-Van-Beek-een-zakelijke-match-tussen-twee-innovatieve-geesten-150.png","contentUrl":"https:\/\/www.van-beek.nl\/wp-content\/uploads\/2021\/04\/1613470701-Xeikon-en-Van-Beek-een-zakelijke-match-tussen-twee-innovatieve-geesten-150.png","width":150,"height":150},{"@type":"BreadcrumbList","@id":"https:\/\/www.van-beek.nl\/de\/xeikon-und-van-beek-die-geschaeftliche-partnerschaft-von-zwei-innovativen-koepfen\/#breadcrumb","itemListElement":[{"@type":"ListItem","position":1,"name":"Home","item":"https:\/\/www.van-beek.nl\/de\/"},{"@type":"ListItem","position":2,"name":"Xeikon und Van Beek: die gesch\u00e4ftliche Partnerschaft von zwei innovativen K\u00f6pfen"}]},{"@type":"WebSite","@id":"https:\/\/www.van-beek.nl\/de\/#website","url":"https:\/\/www.van-beek.nl\/de\/","name":"Van Beek Schroeftransport","description":"","publisher":{"@id":"https:\/\/www.van-beek.nl\/de\/#organization"},"potentialAction":[{"@type":"SearchAction","target":{"@type":"EntryPoint","urlTemplate":"https:\/\/www.van-beek.nl\/de\/?s={search_term_string}"},"query-input":{"@type":"PropertyValueSpecification","valueRequired":true,"valueName":"search_term_string"}}],"inLanguage":"de"},{"@type":"Organization","@id":"https:\/\/www.van-beek.nl\/de\/#organization","name":"Transportschroeven- en machinefabriek Van Beek B.V.","url":"https:\/\/www.van-beek.nl\/de\/","logo":{"@type":"ImageObject","inLanguage":"de","@id":"https:\/\/www.van-beek.nl\/de\/#\/schema\/logo\/image\/","url":"https:\/\/van-beek.nl\/wp-content\/uploads\/2020\/04\/VanBeek-logo.png","contentUrl":"https:\/\/van-beek.nl\/wp-content\/uploads\/2020\/04\/VanBeek-logo.png","width":116,"height":22,"caption":"Transportschroeven- en machinefabriek Van Beek B.V."},"image":{"@id":"https:\/\/www.van-beek.nl\/de\/#\/schema\/logo\/image\/"}},{"@type":"Person","@id":"https:\/\/www.van-beek.nl\/de\/#\/schema\/person\/d9dfeecd72ae15b7f694c5972fe9dabb","name":"janssen","image":{"@type":"ImageObject","inLanguage":"de","@id":"https:\/\/secure.gravatar.com\/avatar\/8a1fa2275de352d3a0754e90447a63ca38079c7fa3bed6dcd83dba675d80ab18?s=96&d=mm&r=g","url":"https:\/\/secure.gravatar.com\/avatar\/8a1fa2275de352d3a0754e90447a63ca38079c7fa3bed6dcd83dba675d80ab18?s=96&d=mm&r=g","contentUrl":"https:\/\/secure.gravatar.com\/avatar\/8a1fa2275de352d3a0754e90447a63ca38079c7fa3bed6dcd83dba675d80ab18?s=96&d=mm&r=g","caption":"janssen"}}]}},"_links":{"self":[{"href":"https:\/\/www.van-beek.nl\/de\/wp-json\/wp\/v2\/posts\/8680","targetHints":{"allow":["GET"]}}],"collection":[{"href":"https:\/\/www.van-beek.nl\/de\/wp-json\/wp\/v2\/posts"}],"about":[{"href":"https:\/\/www.van-beek.nl\/de\/wp-json\/wp\/v2\/types\/post"}],"author":[{"embeddable":true,"href":"https:\/\/www.van-beek.nl\/de\/wp-json\/wp\/v2\/users\/1"}],"replies":[{"embeddable":true,"href":"https:\/\/www.van-beek.nl\/de\/wp-json\/wp\/v2\/comments?post=8680"}],"version-history":[{"count":3,"href":"https:\/\/www.van-beek.nl\/de\/wp-json\/wp\/v2\/posts\/8680\/revisions"}],"predecessor-version":[{"id":9336,"href":"https:\/\/www.van-beek.nl\/de\/wp-json\/wp\/v2\/posts\/8680\/revisions\/9336"}],"wp:featuredmedia":[{"embeddable":true,"href":"https:\/\/www.van-beek.nl\/de\/wp-json\/wp\/v2\/media\/5273"}],"wp:attachment":[{"href":"https:\/\/www.van-beek.nl\/de\/wp-json\/wp\/v2\/media?parent=8680"}],"wp:term":[{"taxonomy":"category","embeddable":true,"href":"https:\/\/www.van-beek.nl\/de\/wp-json\/wp\/v2\/categories?post=8680"},{"taxonomy":"post_tag","embeddable":true,"href":"https:\/\/www.van-beek.nl\/de\/wp-json\/wp\/v2\/tags?post=8680"}],"curies":[{"name":"wp","href":"https:\/\/api.w.org\/{rel}","templated":true}]}}