{"id":9259,"date":"2021-09-28T07:28:00","date_gmt":"2021-09-28T07:28:00","guid":{"rendered":"https:\/\/van-beek.nl\/?p=9259"},"modified":"2022-02-17T16:33:35","modified_gmt":"2022-02-17T15:33:35","slug":"endlich-die-gelegenheit-fuer-ein-wiedersehen-auf-der-solids-rotterdam","status":"publish","type":"post","link":"https:\/\/www.van-beek.nl\/de\/endlich-die-gelegenheit-fuer-ein-wiedersehen-auf-der-solids-rotterdam\/","title":{"rendered":"Endlich die Gelegenheit f\u00fcr ein Wiedersehen auf der Solids Rotterdam"},"content":{"rendered":"<p><strong>Nach fast zwei Jahren ohne Messen oder andere Veranstaltungen sind wir am 6. und 7. Oktober selbstverst\u00e4ndlich wieder in Ahoy Rotterdam vertreten. Dann findet wieder die Solids Rotterdam statt, die Fachmesse f\u00fcr die Massengutbranche. Dieses Jahr werden wir, wie auch 2019, wieder mit zwei St\u00e4nden vertreten sein.<\/strong><\/p>\n<p>An Stand E103 pr\u00e4sentieren wir unsere Steigschnecke. Diese Anlagen wurden speziell entwickelt, um Pulver und Granulate automatisch und sicher von einem niedrigeren auf ein h\u00f6heres Niveau zu transportieren. Sie werden h\u00e4ufig in der Lebensmittel-, Chemie-, Pharmazie- und Kunststoffindustrie eingesetzt.<\/p>\n<p>An Stand E101 pr\u00e4sentieren wir unsere Dino Silowagenf\u00fcllanlage. Silowagenf\u00fcllanlagen werden h\u00e4ufig in der Chemieindustrie, von logistischen Dienstleistern, Lager- und Umschlagbetrieben, Massengut-Transportunternehmen, Recyclingbetrieben sowie in der Zement- und Lebensmittelindustrie eingesetzt. Es ist nicht \u00fcberraschend. Die Anschaffung einer Ladeanlage zur sicheren und effizienten Verladung von Masseng\u00fctern ist eine gute und nachhaltige Investition mit einer kurzen Amortisationszeit.<\/p>\n<p>Das wollen Sie doch nicht verpassen? Wir treffen Sie gerne am 6. und 7. Oktober in Rotterdam.<\/p>\n","protected":false},"excerpt":{"rendered":"<p>Nach fast zwei Jahren ohne Messen oder andere Veranstaltungen sind wir am 6. und 7. Oktober selbstverst\u00e4ndlich wieder in Ahoy Rotterdam vertreten. Dann findet wieder die Solids Rotterdam statt, die Fachmesse f\u00fcr die Massengutbranche. Dieses Jahr werden wir, wie auch 2019, wieder mit zwei St\u00e4nden vertreten sein. An Stand E103 pr\u00e4sentieren wir unsere Steigschnecke. Diese [&hellip;]<\/p>\n","protected":false},"author":5,"featured_media":9255,"comment_status":"open","ping_status":"closed","sticky":false,"template":"","format":"standard","meta":{"_acf_changed":false,"content-type":"","inline_featured_image":false,"footnotes":""},"categories":[29,30,31],"tags":[],"class_list":["post-9259","post","type-post","status-publish","format-standard","has-post-thumbnail","hentry","category-beek-de","category-celsius-de","category-dino-de"],"acf":[],"yoast_head":"<!-- This site is optimized with the Yoast SEO plugin v27.5 - https:\/\/yoast.com\/product\/yoast-seo-wordpress\/ -->\n<title>Endlich die Gelegenheit f\u00fcr ein Wiedersehen auf der Solids Rotterdam - Van Beek Schroeftransport<\/title>\n<meta name=\"robots\" content=\"index, follow, max-snippet:-1, max-image-preview:large, max-video-preview:-1\" \/>\n<link rel=\"canonical\" href=\"https:\/\/www.van-beek.nl\/de\/endlich-die-gelegenheit-fuer-ein-wiedersehen-auf-der-solids-rotterdam\/\" \/>\n<meta property=\"og:locale\" content=\"de_DE\" \/>\n<meta property=\"og:type\" content=\"article\" \/>\n<meta property=\"og:title\" content=\"Endlich die Gelegenheit f\u00fcr ein Wiedersehen auf der Solids Rotterdam - Van Beek Schroeftransport\" \/>\n<meta property=\"og:description\" content=\"Nach fast zwei Jahren ohne Messen oder andere Veranstaltungen sind wir am 6. und 7. Oktober selbstverst\u00e4ndlich wieder in Ahoy Rotterdam vertreten. Dann findet wieder die Solids Rotterdam statt, die Fachmesse f\u00fcr die Massengutbranche. Dieses Jahr werden wir, wie auch 2019, wieder mit zwei St\u00e4nden vertreten sein. An Stand E103 pr\u00e4sentieren wir unsere Steigschnecke. Diese [&hellip;]\" \/>\n<meta property=\"og:url\" content=\"https:\/\/www.van-beek.nl\/de\/endlich-die-gelegenheit-fuer-ein-wiedersehen-auf-der-solids-rotterdam\/\" \/>\n<meta property=\"og:site_name\" content=\"Van Beek Schroeftransport\" \/>\n<meta property=\"article:published_time\" content=\"2021-09-28T07:28:00+00:00\" \/>\n<meta property=\"article:modified_time\" content=\"2022-02-17T15:33:35+00:00\" \/>\n<meta property=\"og:image\" content=\"https:\/\/www.van-beek.nl\/wp-content\/uploads\/2021\/09\/1632728756-Hoogvuller-en-Dino-bulkwagenvuller-op-Solids-Rotterdam.jpg\" \/>\n\t<meta property=\"og:image:width\" content=\"330\" \/>\n\t<meta property=\"og:image:height\" content=\"221\" \/>\n\t<meta property=\"og:image:type\" content=\"image\/jpeg\" \/>\n<meta name=\"author\" content=\"Birgit\" \/>\n<meta name=\"twitter:card\" content=\"summary_large_image\" \/>\n<meta name=\"twitter:label1\" content=\"Verfasst von\" \/>\n\t<meta name=\"twitter:data1\" content=\"Birgit\" \/>\n\t<meta name=\"twitter:label2\" content=\"Gesch\u00e4tzte Lesezeit\" \/>\n\t<meta name=\"twitter:data2\" content=\"1\u00a0Minute\" \/>\n<script type=\"application\/ld+json\" class=\"yoast-schema-graph\">{\"@context\":\"https:\\\/\\\/schema.org\",\"@graph\":[{\"@type\":\"Article\",\"@id\":\"https:\\\/\\\/www.van-beek.nl\\\/de\\\/endlich-die-gelegenheit-fuer-ein-wiedersehen-auf-der-solids-rotterdam\\\/#article\",\"isPartOf\":{\"@id\":\"https:\\\/\\\/www.van-beek.nl\\\/de\\\/endlich-die-gelegenheit-fuer-ein-wiedersehen-auf-der-solids-rotterdam\\\/\"},\"author\":{\"name\":\"Birgit\",\"@id\":\"https:\\\/\\\/www.van-beek.nl\\\/de\\\/#\\\/schema\\\/person\\\/1a0605f4f0a605c2997f2e484e274470\"},\"headline\":\"Endlich die Gelegenheit f\u00fcr ein Wiedersehen auf der Solids Rotterdam\",\"datePublished\":\"2021-09-28T07:28:00+00:00\",\"dateModified\":\"2022-02-17T15:33:35+00:00\",\"mainEntityOfPage\":{\"@id\":\"https:\\\/\\\/www.van-beek.nl\\\/de\\\/endlich-die-gelegenheit-fuer-ein-wiedersehen-auf-der-solids-rotterdam\\\/\"},\"wordCount\":174,\"commentCount\":0,\"publisher\":{\"@id\":\"https:\\\/\\\/www.van-beek.nl\\\/de\\\/#organization\"},\"image\":{\"@id\":\"https:\\\/\\\/www.van-beek.nl\\\/de\\\/endlich-die-gelegenheit-fuer-ein-wiedersehen-auf-der-solids-rotterdam\\\/#primaryimage\"},\"thumbnailUrl\":\"https:\\\/\\\/www.van-beek.nl\\\/wp-content\\\/uploads\\\/2021\\\/09\\\/1632728756-Hoogvuller-en-Dino-bulkwagenvuller-op-Solids-Rotterdam.jpg\",\"articleSection\":[\"Beek\",\"Celsius\",\"Dino\"],\"inLanguage\":\"de\",\"potentialAction\":[{\"@type\":\"CommentAction\",\"name\":\"Comment\",\"target\":[\"https:\\\/\\\/www.van-beek.nl\\\/de\\\/endlich-die-gelegenheit-fuer-ein-wiedersehen-auf-der-solids-rotterdam\\\/#respond\"]}]},{\"@type\":\"WebPage\",\"@id\":\"https:\\\/\\\/www.van-beek.nl\\\/de\\\/endlich-die-gelegenheit-fuer-ein-wiedersehen-auf-der-solids-rotterdam\\\/\",\"url\":\"https:\\\/\\\/www.van-beek.nl\\\/de\\\/endlich-die-gelegenheit-fuer-ein-wiedersehen-auf-der-solids-rotterdam\\\/\",\"name\":\"Endlich die Gelegenheit f\u00fcr ein Wiedersehen auf der Solids Rotterdam - Van Beek Schroeftransport\",\"isPartOf\":{\"@id\":\"https:\\\/\\\/www.van-beek.nl\\\/de\\\/#website\"},\"primaryImageOfPage\":{\"@id\":\"https:\\\/\\\/www.van-beek.nl\\\/de\\\/endlich-die-gelegenheit-fuer-ein-wiedersehen-auf-der-solids-rotterdam\\\/#primaryimage\"},\"image\":{\"@id\":\"https:\\\/\\\/www.van-beek.nl\\\/de\\\/endlich-die-gelegenheit-fuer-ein-wiedersehen-auf-der-solids-rotterdam\\\/#primaryimage\"},\"thumbnailUrl\":\"https:\\\/\\\/www.van-beek.nl\\\/wp-content\\\/uploads\\\/2021\\\/09\\\/1632728756-Hoogvuller-en-Dino-bulkwagenvuller-op-Solids-Rotterdam.jpg\",\"datePublished\":\"2021-09-28T07:28:00+00:00\",\"dateModified\":\"2022-02-17T15:33:35+00:00\",\"breadcrumb\":{\"@id\":\"https:\\\/\\\/www.van-beek.nl\\\/de\\\/endlich-die-gelegenheit-fuer-ein-wiedersehen-auf-der-solids-rotterdam\\\/#breadcrumb\"},\"inLanguage\":\"de\",\"potentialAction\":[{\"@type\":\"ReadAction\",\"target\":[\"https:\\\/\\\/www.van-beek.nl\\\/de\\\/endlich-die-gelegenheit-fuer-ein-wiedersehen-auf-der-solids-rotterdam\\\/\"]}]},{\"@type\":\"ImageObject\",\"inLanguage\":\"de\",\"@id\":\"https:\\\/\\\/www.van-beek.nl\\\/de\\\/endlich-die-gelegenheit-fuer-ein-wiedersehen-auf-der-solids-rotterdam\\\/#primaryimage\",\"url\":\"https:\\\/\\\/www.van-beek.nl\\\/wp-content\\\/uploads\\\/2021\\\/09\\\/1632728756-Hoogvuller-en-Dino-bulkwagenvuller-op-Solids-Rotterdam.jpg\",\"contentUrl\":\"https:\\\/\\\/www.van-beek.nl\\\/wp-content\\\/uploads\\\/2021\\\/09\\\/1632728756-Hoogvuller-en-Dino-bulkwagenvuller-op-Solids-Rotterdam.jpg\",\"width\":330,\"height\":221},{\"@type\":\"BreadcrumbList\",\"@id\":\"https:\\\/\\\/www.van-beek.nl\\\/de\\\/endlich-die-gelegenheit-fuer-ein-wiedersehen-auf-der-solids-rotterdam\\\/#breadcrumb\",\"itemListElement\":[{\"@type\":\"ListItem\",\"position\":1,\"name\":\"Home\",\"item\":\"https:\\\/\\\/www.van-beek.nl\\\/de\\\/\"},{\"@type\":\"ListItem\",\"position\":2,\"name\":\"Endlich die Gelegenheit f\u00fcr ein Wiedersehen auf der Solids Rotterdam\"}]},{\"@type\":\"WebSite\",\"@id\":\"https:\\\/\\\/www.van-beek.nl\\\/de\\\/#website\",\"url\":\"https:\\\/\\\/www.van-beek.nl\\\/de\\\/\",\"name\":\"Van Beek Schroeftransport\",\"description\":\"\",\"publisher\":{\"@id\":\"https:\\\/\\\/www.van-beek.nl\\\/de\\\/#organization\"},\"potentialAction\":[{\"@type\":\"SearchAction\",\"target\":{\"@type\":\"EntryPoint\",\"urlTemplate\":\"https:\\\/\\\/www.van-beek.nl\\\/de\\\/?s={search_term_string}\"},\"query-input\":{\"@type\":\"PropertyValueSpecification\",\"valueRequired\":true,\"valueName\":\"search_term_string\"}}],\"inLanguage\":\"de\"},{\"@type\":\"Organization\",\"@id\":\"https:\\\/\\\/www.van-beek.nl\\\/de\\\/#organization\",\"name\":\"Transportschroeven- en machinefabriek Van Beek B.V.\",\"url\":\"https:\\\/\\\/www.van-beek.nl\\\/de\\\/\",\"logo\":{\"@type\":\"ImageObject\",\"inLanguage\":\"de\",\"@id\":\"https:\\\/\\\/www.van-beek.nl\\\/de\\\/#\\\/schema\\\/logo\\\/image\\\/\",\"url\":\"https:\\\/\\\/van-beek.nl\\\/wp-content\\\/uploads\\\/2020\\\/04\\\/VanBeek-logo.png\",\"contentUrl\":\"https:\\\/\\\/van-beek.nl\\\/wp-content\\\/uploads\\\/2020\\\/04\\\/VanBeek-logo.png\",\"width\":116,\"height\":22,\"caption\":\"Transportschroeven- en machinefabriek Van Beek B.V.\"},\"image\":{\"@id\":\"https:\\\/\\\/www.van-beek.nl\\\/de\\\/#\\\/schema\\\/logo\\\/image\\\/\"}},{\"@type\":\"Person\",\"@id\":\"https:\\\/\\\/www.van-beek.nl\\\/de\\\/#\\\/schema\\\/person\\\/1a0605f4f0a605c2997f2e484e274470\",\"name\":\"Birgit\",\"image\":{\"@type\":\"ImageObject\",\"inLanguage\":\"de\",\"@id\":\"https:\\\/\\\/secure.gravatar.com\\\/avatar\\\/02b3dab0a329e4add93a0160a1588896c20ecbe51cf814ca65eb69d16af71b4c?s=96&d=mm&r=g\",\"url\":\"https:\\\/\\\/secure.gravatar.com\\\/avatar\\\/02b3dab0a329e4add93a0160a1588896c20ecbe51cf814ca65eb69d16af71b4c?s=96&d=mm&r=g\",\"contentUrl\":\"https:\\\/\\\/secure.gravatar.com\\\/avatar\\\/02b3dab0a329e4add93a0160a1588896c20ecbe51cf814ca65eb69d16af71b4c?s=96&d=mm&r=g\",\"caption\":\"Birgit\"}}]}<\/script>\n<!-- \/ Yoast SEO plugin. -->","yoast_head_json":{"title":"Endlich die Gelegenheit f\u00fcr ein Wiedersehen auf der Solids Rotterdam - Van Beek Schroeftransport","robots":{"index":"index","follow":"follow","max-snippet":"max-snippet:-1","max-image-preview":"max-image-preview:large","max-video-preview":"max-video-preview:-1"},"canonical":"https:\/\/www.van-beek.nl\/de\/endlich-die-gelegenheit-fuer-ein-wiedersehen-auf-der-solids-rotterdam\/","og_locale":"de_DE","og_type":"article","og_title":"Endlich die Gelegenheit f\u00fcr ein Wiedersehen auf der Solids Rotterdam - Van Beek Schroeftransport","og_description":"Nach fast zwei Jahren ohne Messen oder andere Veranstaltungen sind wir am 6. und 7. Oktober selbstverst\u00e4ndlich wieder in Ahoy Rotterdam vertreten. Dann findet wieder die Solids Rotterdam statt, die Fachmesse f\u00fcr die Massengutbranche. Dieses Jahr werden wir, wie auch 2019, wieder mit zwei St\u00e4nden vertreten sein. An Stand E103 pr\u00e4sentieren wir unsere Steigschnecke. Diese [&hellip;]","og_url":"https:\/\/www.van-beek.nl\/de\/endlich-die-gelegenheit-fuer-ein-wiedersehen-auf-der-solids-rotterdam\/","og_site_name":"Van Beek Schroeftransport","article_published_time":"2021-09-28T07:28:00+00:00","article_modified_time":"2022-02-17T15:33:35+00:00","og_image":[{"width":330,"height":221,"url":"https:\/\/www.van-beek.nl\/wp-content\/uploads\/2021\/09\/1632728756-Hoogvuller-en-Dino-bulkwagenvuller-op-Solids-Rotterdam.jpg","type":"image\/jpeg"}],"author":"Birgit","twitter_card":"summary_large_image","twitter_misc":{"Verfasst von":"Birgit","Gesch\u00e4tzte Lesezeit":"1\u00a0Minute"},"schema":{"@context":"https:\/\/schema.org","@graph":[{"@type":"Article","@id":"https:\/\/www.van-beek.nl\/de\/endlich-die-gelegenheit-fuer-ein-wiedersehen-auf-der-solids-rotterdam\/#article","isPartOf":{"@id":"https:\/\/www.van-beek.nl\/de\/endlich-die-gelegenheit-fuer-ein-wiedersehen-auf-der-solids-rotterdam\/"},"author":{"name":"Birgit","@id":"https:\/\/www.van-beek.nl\/de\/#\/schema\/person\/1a0605f4f0a605c2997f2e484e274470"},"headline":"Endlich die Gelegenheit f\u00fcr ein Wiedersehen auf der Solids Rotterdam","datePublished":"2021-09-28T07:28:00+00:00","dateModified":"2022-02-17T15:33:35+00:00","mainEntityOfPage":{"@id":"https:\/\/www.van-beek.nl\/de\/endlich-die-gelegenheit-fuer-ein-wiedersehen-auf-der-solids-rotterdam\/"},"wordCount":174,"commentCount":0,"publisher":{"@id":"https:\/\/www.van-beek.nl\/de\/#organization"},"image":{"@id":"https:\/\/www.van-beek.nl\/de\/endlich-die-gelegenheit-fuer-ein-wiedersehen-auf-der-solids-rotterdam\/#primaryimage"},"thumbnailUrl":"https:\/\/www.van-beek.nl\/wp-content\/uploads\/2021\/09\/1632728756-Hoogvuller-en-Dino-bulkwagenvuller-op-Solids-Rotterdam.jpg","articleSection":["Beek","Celsius","Dino"],"inLanguage":"de","potentialAction":[{"@type":"CommentAction","name":"Comment","target":["https:\/\/www.van-beek.nl\/de\/endlich-die-gelegenheit-fuer-ein-wiedersehen-auf-der-solids-rotterdam\/#respond"]}]},{"@type":"WebPage","@id":"https:\/\/www.van-beek.nl\/de\/endlich-die-gelegenheit-fuer-ein-wiedersehen-auf-der-solids-rotterdam\/","url":"https:\/\/www.van-beek.nl\/de\/endlich-die-gelegenheit-fuer-ein-wiedersehen-auf-der-solids-rotterdam\/","name":"Endlich die Gelegenheit f\u00fcr ein Wiedersehen auf der Solids Rotterdam - Van Beek Schroeftransport","isPartOf":{"@id":"https:\/\/www.van-beek.nl\/de\/#website"},"primaryImageOfPage":{"@id":"https:\/\/www.van-beek.nl\/de\/endlich-die-gelegenheit-fuer-ein-wiedersehen-auf-der-solids-rotterdam\/#primaryimage"},"image":{"@id":"https:\/\/www.van-beek.nl\/de\/endlich-die-gelegenheit-fuer-ein-wiedersehen-auf-der-solids-rotterdam\/#primaryimage"},"thumbnailUrl":"https:\/\/www.van-beek.nl\/wp-content\/uploads\/2021\/09\/1632728756-Hoogvuller-en-Dino-bulkwagenvuller-op-Solids-Rotterdam.jpg","datePublished":"2021-09-28T07:28:00+00:00","dateModified":"2022-02-17T15:33:35+00:00","breadcrumb":{"@id":"https:\/\/www.van-beek.nl\/de\/endlich-die-gelegenheit-fuer-ein-wiedersehen-auf-der-solids-rotterdam\/#breadcrumb"},"inLanguage":"de","potentialAction":[{"@type":"ReadAction","target":["https:\/\/www.van-beek.nl\/de\/endlich-die-gelegenheit-fuer-ein-wiedersehen-auf-der-solids-rotterdam\/"]}]},{"@type":"ImageObject","inLanguage":"de","@id":"https:\/\/www.van-beek.nl\/de\/endlich-die-gelegenheit-fuer-ein-wiedersehen-auf-der-solids-rotterdam\/#primaryimage","url":"https:\/\/www.van-beek.nl\/wp-content\/uploads\/2021\/09\/1632728756-Hoogvuller-en-Dino-bulkwagenvuller-op-Solids-Rotterdam.jpg","contentUrl":"https:\/\/www.van-beek.nl\/wp-content\/uploads\/2021\/09\/1632728756-Hoogvuller-en-Dino-bulkwagenvuller-op-Solids-Rotterdam.jpg","width":330,"height":221},{"@type":"BreadcrumbList","@id":"https:\/\/www.van-beek.nl\/de\/endlich-die-gelegenheit-fuer-ein-wiedersehen-auf-der-solids-rotterdam\/#breadcrumb","itemListElement":[{"@type":"ListItem","position":1,"name":"Home","item":"https:\/\/www.van-beek.nl\/de\/"},{"@type":"ListItem","position":2,"name":"Endlich die Gelegenheit f\u00fcr ein Wiedersehen auf der Solids Rotterdam"}]},{"@type":"WebSite","@id":"https:\/\/www.van-beek.nl\/de\/#website","url":"https:\/\/www.van-beek.nl\/de\/","name":"Van Beek Schroeftransport","description":"","publisher":{"@id":"https:\/\/www.van-beek.nl\/de\/#organization"},"potentialAction":[{"@type":"SearchAction","target":{"@type":"EntryPoint","urlTemplate":"https:\/\/www.van-beek.nl\/de\/?s={search_term_string}"},"query-input":{"@type":"PropertyValueSpecification","valueRequired":true,"valueName":"search_term_string"}}],"inLanguage":"de"},{"@type":"Organization","@id":"https:\/\/www.van-beek.nl\/de\/#organization","name":"Transportschroeven- en machinefabriek Van Beek B.V.","url":"https:\/\/www.van-beek.nl\/de\/","logo":{"@type":"ImageObject","inLanguage":"de","@id":"https:\/\/www.van-beek.nl\/de\/#\/schema\/logo\/image\/","url":"https:\/\/van-beek.nl\/wp-content\/uploads\/2020\/04\/VanBeek-logo.png","contentUrl":"https:\/\/van-beek.nl\/wp-content\/uploads\/2020\/04\/VanBeek-logo.png","width":116,"height":22,"caption":"Transportschroeven- en machinefabriek Van Beek B.V."},"image":{"@id":"https:\/\/www.van-beek.nl\/de\/#\/schema\/logo\/image\/"}},{"@type":"Person","@id":"https:\/\/www.van-beek.nl\/de\/#\/schema\/person\/1a0605f4f0a605c2997f2e484e274470","name":"Birgit","image":{"@type":"ImageObject","inLanguage":"de","@id":"https:\/\/secure.gravatar.com\/avatar\/02b3dab0a329e4add93a0160a1588896c20ecbe51cf814ca65eb69d16af71b4c?s=96&d=mm&r=g","url":"https:\/\/secure.gravatar.com\/avatar\/02b3dab0a329e4add93a0160a1588896c20ecbe51cf814ca65eb69d16af71b4c?s=96&d=mm&r=g","contentUrl":"https:\/\/secure.gravatar.com\/avatar\/02b3dab0a329e4add93a0160a1588896c20ecbe51cf814ca65eb69d16af71b4c?s=96&d=mm&r=g","caption":"Birgit"}}]}},"_links":{"self":[{"href":"https:\/\/www.van-beek.nl\/de\/wp-json\/wp\/v2\/posts\/9259","targetHints":{"allow":["GET"]}}],"collection":[{"href":"https:\/\/www.van-beek.nl\/de\/wp-json\/wp\/v2\/posts"}],"about":[{"href":"https:\/\/www.van-beek.nl\/de\/wp-json\/wp\/v2\/types\/post"}],"author":[{"embeddable":true,"href":"https:\/\/www.van-beek.nl\/de\/wp-json\/wp\/v2\/users\/5"}],"replies":[{"embeddable":true,"href":"https:\/\/www.van-beek.nl\/de\/wp-json\/wp\/v2\/comments?post=9259"}],"version-history":[{"count":2,"href":"https:\/\/www.van-beek.nl\/de\/wp-json\/wp\/v2\/posts\/9259\/revisions"}],"predecessor-version":[{"id":10300,"href":"https:\/\/www.van-beek.nl\/de\/wp-json\/wp\/v2\/posts\/9259\/revisions\/10300"}],"wp:featuredmedia":[{"embeddable":true,"href":"https:\/\/www.van-beek.nl\/de\/wp-json\/wp\/v2\/media\/9255"}],"wp:attachment":[{"href":"https:\/\/www.van-beek.nl\/de\/wp-json\/wp\/v2\/media?parent=9259"}],"wp:term":[{"taxonomy":"category","embeddable":true,"href":"https:\/\/www.van-beek.nl\/de\/wp-json\/wp\/v2\/categories?post=9259"},{"taxonomy":"post_tag","embeddable":true,"href":"https:\/\/www.van-beek.nl\/de\/wp-json\/wp\/v2\/tags?post=9259"}],"curies":[{"name":"wp","href":"https:\/\/api.w.org\/{rel}","templated":true}]}}