{"id":9272,"date":"2021-09-28T08:12:48","date_gmt":"2021-09-28T08:12:48","guid":{"rendered":"https:\/\/van-beek.nl\/?p=9272"},"modified":"2021-09-29T08:35:43","modified_gmt":"2021-09-29T08:35:43","slug":"van-beek-realisiert-mit-1-300-sonnenkollektoren-den-naechsten-schritt-in-sachen-nachhaltigkeit","status":"publish","type":"post","link":"https:\/\/www.van-beek.nl\/de\/van-beek-realisiert-mit-1-300-sonnenkollektoren-den-naechsten-schritt-in-sachen-nachhaltigkeit\/","title":{"rendered":"Van Beek realisiert mit 1.300 Sonnenkollektoren den n\u00e4chsten Schritt in Sachen Nachhaltigkeit"},"content":{"rendered":"<p><strong>Seit diesem Sommer strahlen 1.300 Sonnenkollektoren auf dem Dach von Van Beek. Nach u. a. W\u00e4rmer\u00fcckgewinnung aus Abluft, M\u00fclltrennung und Reduzierung des Kunststoffverbrauchs unternimmt das Unternehmen nun einen weiteren Schritt, um seinen Standort in Drunen nachhaltiger zu gestalten. \u201eDies entspricht unserem Bestreben, die Wirtschaft nachhaltig zu gestalten\u201c, sagt Gesch\u00e4ftsf\u00fchrer Perry Verberne.<\/strong><\/p>\n<p>Bei der stattlichen Anzahl von 1.300 Sonnenkollektoren handelt es sich nicht nur um eine nachhaltige, sondern auch um eine rentable Investition. Van Beek erzeugt damit nicht nur \u00d6kostrom f\u00fcr den Eigenbedarf, sondern liefert auch einen erheblichen Teil der \u00fcbersch\u00fcssigen Energie an das Stromnetz. Verberne: \u201eMit den jetzigen Sonnenkollektoren erzeugen wir 40 Prozent mehr Energie als wir selbst ben\u00f6tigen. Allerdings erwarten wir f\u00fcr die Zukunft einen Anstieg des Stromverbrauchs durch den Erwerb von Elektroautos und -maschinen. Und wenn wir unser Betriebsgeb\u00e4ude in Zukunft vermehrt elektrisch beheizen k\u00f6nnen, sind wir auch weniger abh\u00e4ngig von Erdgas.\u201c<\/p>\n<p><strong>Ein bedeutender Pfeiler des Gesch\u00e4ftsbetriebs\u00a0<\/strong><br \/>\nBei Van Beek ist Nachhaltigkeit inzwischen ein bedeutender Pfeiler des Gesch\u00e4ftsbetriebs. Nach Ansicht des Gesch\u00e4ftsf\u00fchrers, der in der Vergangenheit selbst im Bereich der erneuerbaren Energien t\u00e4tig war, steht Zukunftsorientierung keineswegs im Widerspruch zu erfolgreichem Wirtschaften. \u201eIch denke st\u00e4ndig dar\u00fcber nach, wie wir unsere Nachhaltigkeit noch steigern k\u00f6nnen. Dabei kam ich auf die Idee: \u201aWir haben ein gro\u00dfartiges Betriebsgeb\u00e4ude mit einer gro\u00dfen Dachfl\u00e4che, das sich hervorragend f\u00fcr die Installation einer Vielzahl von Sonnenkollektoren eigenen w\u00fcrde! Wir m\u00fcssen uns wirklich gemeinsam Gedanken dar\u00fcber machen, wie wir jetzt und in Zukunft m\u00f6glichst schonend mit der Natur und unserer Umwelt umgehen k\u00f6nnen\u201c, sagt Verberne, der uns au\u00dferdem mitteilt, dass auch die Mitarbeitenden, Kunden und Partner die Eigenerzeugung von \u00d6kostrom als positive Entwicklung betrachten.<\/p>\n<p><strong>Beschleunigung der Energiewende<\/strong><br \/>\nDie Energiewende schreitet in rasantem Tempo voran. Fr\u00fcher wurden erneuerbare Energien als ein Anliegen von Idealisten betrachtet, aber inzwischen hat sich dieses Thema etabliert und ist zu einem festen Bestandteil des Gesch\u00e4ftsbetriebs geworden. \u201eDie Energiewende schreitet schnell voran. Das kann bedeuten, dass wir an Grenzen sto\u00dfen, aber auch, dass die Dringlichkeit zunimmt\u201c, erkl\u00e4rt der Gesch\u00e4ftsf\u00fchrer und verweist unter anderem auf die Beschr\u00e4nkungen des Stromnetzes in den Niederlanden, die mitunter dazu f\u00fchren, dass \u00d6kostrom vor\u00fcbergehend nicht in das Stromnetz zur\u00fcck eingespeist werden kann. Dabei handelt es sich lediglich um Anfangsschwierigkeiten, f\u00fcr die sich auch eine L\u00f6sung finden wird. Deshalb appelliert Verberne an alle Beteiligten, die M\u00f6glichkeiten innerhalb des Unternehmens und des jeweiligen Budgets zu pr\u00fcfen. \u201eSchon der Verzicht auf Kaffeebecher aus Plastik ist ein erster Schritt!\u201c<\/p>\n","protected":false},"excerpt":{"rendered":"<p>Seit diesem Sommer strahlen 1.300 Sonnenkollektoren auf dem Dach von Van Beek. Nach u. a. W\u00e4rmer\u00fcckgewinnung aus Abluft, M\u00fclltrennung und Reduzierung des Kunststoffverbrauchs unternimmt das Unternehmen nun einen weiteren Schritt, um seinen Standort in Drunen nachhaltiger zu gestalten. \u201eDies entspricht unserem Bestreben, die Wirtschaft nachhaltig zu gestalten\u201c, sagt Gesch\u00e4ftsf\u00fchrer Perry Verberne. Bei der stattlichen Anzahl [&hellip;]<\/p>\n","protected":false},"author":5,"featured_media":9268,"comment_status":"open","ping_status":"closed","sticky":false,"template":"","format":"standard","meta":{"_acf_changed":false,"content-type":"","inline_featured_image":false,"footnotes":""},"categories":[29,30,31],"tags":[],"class_list":["post-9272","post","type-post","status-publish","format-standard","has-post-thumbnail","hentry","category-beek-de","category-celsius-de","category-dino-de"],"acf":[],"yoast_head":"<!-- This site is optimized with the Yoast SEO plugin v27.5 - https:\/\/yoast.com\/product\/yoast-seo-wordpress\/ -->\n<title>Van Beek realisiert mit 1.300 Sonnenkollektoren den n\u00e4chsten Schritt in Sachen Nachhaltigkeit - Van Beek Schroeftransport<\/title>\n<meta name=\"robots\" content=\"index, follow, max-snippet:-1, max-image-preview:large, max-video-preview:-1\" \/>\n<link rel=\"canonical\" href=\"https:\/\/www.van-beek.nl\/de\/van-beek-realisiert-mit-1-300-sonnenkollektoren-den-naechsten-schritt-in-sachen-nachhaltigkeit\/\" \/>\n<meta property=\"og:locale\" content=\"de_DE\" \/>\n<meta property=\"og:type\" content=\"article\" \/>\n<meta property=\"og:title\" content=\"Van Beek realisiert mit 1.300 Sonnenkollektoren den n\u00e4chsten Schritt in Sachen Nachhaltigkeit - Van Beek Schroeftransport\" \/>\n<meta property=\"og:description\" content=\"Seit diesem Sommer strahlen 1.300 Sonnenkollektoren auf dem Dach von Van Beek. Nach u. a. W\u00e4rmer\u00fcckgewinnung aus Abluft, M\u00fclltrennung und Reduzierung des Kunststoffverbrauchs unternimmt das Unternehmen nun einen weiteren Schritt, um seinen Standort in Drunen nachhaltiger zu gestalten. \u201eDies entspricht unserem Bestreben, die Wirtschaft nachhaltig zu gestalten\u201c, sagt Gesch\u00e4ftsf\u00fchrer Perry Verberne. Bei der stattlichen Anzahl [&hellip;]\" \/>\n<meta property=\"og:url\" content=\"https:\/\/www.van-beek.nl\/de\/van-beek-realisiert-mit-1-300-sonnenkollektoren-den-naechsten-schritt-in-sachen-nachhaltigkeit\/\" \/>\n<meta property=\"og:site_name\" content=\"Van Beek Schroeftransport\" \/>\n<meta property=\"article:published_time\" content=\"2021-09-28T08:12:48+00:00\" \/>\n<meta property=\"article:modified_time\" content=\"2021-09-29T08:35:43+00:00\" \/>\n<meta property=\"og:image\" content=\"https:\/\/www.van-beek.nl\/wp-content\/uploads\/2021\/09\/Zonnenpanelen-drone-scaled.jpg\" \/>\n\t<meta property=\"og:image:width\" content=\"2560\" \/>\n\t<meta property=\"og:image:height\" content=\"1440\" \/>\n\t<meta property=\"og:image:type\" content=\"image\/jpeg\" \/>\n<meta name=\"author\" content=\"Birgit\" \/>\n<meta name=\"twitter:card\" content=\"summary_large_image\" \/>\n<meta name=\"twitter:label1\" content=\"Verfasst von\" \/>\n\t<meta name=\"twitter:data1\" content=\"Birgit\" \/>\n\t<meta name=\"twitter:label2\" content=\"Gesch\u00e4tzte Lesezeit\" \/>\n\t<meta name=\"twitter:data2\" content=\"2\u00a0Minuten\" \/>\n<script type=\"application\/ld+json\" class=\"yoast-schema-graph\">{\"@context\":\"https:\\\/\\\/schema.org\",\"@graph\":[{\"@type\":\"Article\",\"@id\":\"https:\\\/\\\/www.van-beek.nl\\\/de\\\/van-beek-realisiert-mit-1-300-sonnenkollektoren-den-naechsten-schritt-in-sachen-nachhaltigkeit\\\/#article\",\"isPartOf\":{\"@id\":\"https:\\\/\\\/www.van-beek.nl\\\/de\\\/van-beek-realisiert-mit-1-300-sonnenkollektoren-den-naechsten-schritt-in-sachen-nachhaltigkeit\\\/\"},\"author\":{\"name\":\"Birgit\",\"@id\":\"https:\\\/\\\/www.van-beek.nl\\\/de\\\/#\\\/schema\\\/person\\\/1a0605f4f0a605c2997f2e484e274470\"},\"headline\":\"Van Beek realisiert mit 1.300 Sonnenkollektoren den n\u00e4chsten Schritt in Sachen Nachhaltigkeit\",\"datePublished\":\"2021-09-28T08:12:48+00:00\",\"dateModified\":\"2021-09-29T08:35:43+00:00\",\"mainEntityOfPage\":{\"@id\":\"https:\\\/\\\/www.van-beek.nl\\\/de\\\/van-beek-realisiert-mit-1-300-sonnenkollektoren-den-naechsten-schritt-in-sachen-nachhaltigkeit\\\/\"},\"wordCount\":450,\"commentCount\":0,\"publisher\":{\"@id\":\"https:\\\/\\\/www.van-beek.nl\\\/de\\\/#organization\"},\"image\":{\"@id\":\"https:\\\/\\\/www.van-beek.nl\\\/de\\\/van-beek-realisiert-mit-1-300-sonnenkollektoren-den-naechsten-schritt-in-sachen-nachhaltigkeit\\\/#primaryimage\"},\"thumbnailUrl\":\"https:\\\/\\\/www.van-beek.nl\\\/wp-content\\\/uploads\\\/2021\\\/09\\\/Zonnenpanelen-drone-scaled.jpg\",\"articleSection\":[\"Beek\",\"Celsius\",\"Dino\"],\"inLanguage\":\"de\",\"potentialAction\":[{\"@type\":\"CommentAction\",\"name\":\"Comment\",\"target\":[\"https:\\\/\\\/www.van-beek.nl\\\/de\\\/van-beek-realisiert-mit-1-300-sonnenkollektoren-den-naechsten-schritt-in-sachen-nachhaltigkeit\\\/#respond\"]}]},{\"@type\":\"WebPage\",\"@id\":\"https:\\\/\\\/www.van-beek.nl\\\/de\\\/van-beek-realisiert-mit-1-300-sonnenkollektoren-den-naechsten-schritt-in-sachen-nachhaltigkeit\\\/\",\"url\":\"https:\\\/\\\/www.van-beek.nl\\\/de\\\/van-beek-realisiert-mit-1-300-sonnenkollektoren-den-naechsten-schritt-in-sachen-nachhaltigkeit\\\/\",\"name\":\"Van Beek realisiert mit 1.300 Sonnenkollektoren den n\u00e4chsten Schritt in Sachen Nachhaltigkeit - Van Beek Schroeftransport\",\"isPartOf\":{\"@id\":\"https:\\\/\\\/www.van-beek.nl\\\/de\\\/#website\"},\"primaryImageOfPage\":{\"@id\":\"https:\\\/\\\/www.van-beek.nl\\\/de\\\/van-beek-realisiert-mit-1-300-sonnenkollektoren-den-naechsten-schritt-in-sachen-nachhaltigkeit\\\/#primaryimage\"},\"image\":{\"@id\":\"https:\\\/\\\/www.van-beek.nl\\\/de\\\/van-beek-realisiert-mit-1-300-sonnenkollektoren-den-naechsten-schritt-in-sachen-nachhaltigkeit\\\/#primaryimage\"},\"thumbnailUrl\":\"https:\\\/\\\/www.van-beek.nl\\\/wp-content\\\/uploads\\\/2021\\\/09\\\/Zonnenpanelen-drone-scaled.jpg\",\"datePublished\":\"2021-09-28T08:12:48+00:00\",\"dateModified\":\"2021-09-29T08:35:43+00:00\",\"breadcrumb\":{\"@id\":\"https:\\\/\\\/www.van-beek.nl\\\/de\\\/van-beek-realisiert-mit-1-300-sonnenkollektoren-den-naechsten-schritt-in-sachen-nachhaltigkeit\\\/#breadcrumb\"},\"inLanguage\":\"de\",\"potentialAction\":[{\"@type\":\"ReadAction\",\"target\":[\"https:\\\/\\\/www.van-beek.nl\\\/de\\\/van-beek-realisiert-mit-1-300-sonnenkollektoren-den-naechsten-schritt-in-sachen-nachhaltigkeit\\\/\"]}]},{\"@type\":\"ImageObject\",\"inLanguage\":\"de\",\"@id\":\"https:\\\/\\\/www.van-beek.nl\\\/de\\\/van-beek-realisiert-mit-1-300-sonnenkollektoren-den-naechsten-schritt-in-sachen-nachhaltigkeit\\\/#primaryimage\",\"url\":\"https:\\\/\\\/www.van-beek.nl\\\/wp-content\\\/uploads\\\/2021\\\/09\\\/Zonnenpanelen-drone-scaled.jpg\",\"contentUrl\":\"https:\\\/\\\/www.van-beek.nl\\\/wp-content\\\/uploads\\\/2021\\\/09\\\/Zonnenpanelen-drone-scaled.jpg\",\"width\":2560,\"height\":1440,\"caption\":\"DCIM100MEDIADJI_0006.JPG\"},{\"@type\":\"BreadcrumbList\",\"@id\":\"https:\\\/\\\/www.van-beek.nl\\\/de\\\/van-beek-realisiert-mit-1-300-sonnenkollektoren-den-naechsten-schritt-in-sachen-nachhaltigkeit\\\/#breadcrumb\",\"itemListElement\":[{\"@type\":\"ListItem\",\"position\":1,\"name\":\"Home\",\"item\":\"https:\\\/\\\/www.van-beek.nl\\\/de\\\/\"},{\"@type\":\"ListItem\",\"position\":2,\"name\":\"Van Beek realisiert mit 1.300 Sonnenkollektoren den n\u00e4chsten Schritt in Sachen Nachhaltigkeit\"}]},{\"@type\":\"WebSite\",\"@id\":\"https:\\\/\\\/www.van-beek.nl\\\/de\\\/#website\",\"url\":\"https:\\\/\\\/www.van-beek.nl\\\/de\\\/\",\"name\":\"Van Beek Schroeftransport\",\"description\":\"\",\"publisher\":{\"@id\":\"https:\\\/\\\/www.van-beek.nl\\\/de\\\/#organization\"},\"potentialAction\":[{\"@type\":\"SearchAction\",\"target\":{\"@type\":\"EntryPoint\",\"urlTemplate\":\"https:\\\/\\\/www.van-beek.nl\\\/de\\\/?s={search_term_string}\"},\"query-input\":{\"@type\":\"PropertyValueSpecification\",\"valueRequired\":true,\"valueName\":\"search_term_string\"}}],\"inLanguage\":\"de\"},{\"@type\":\"Organization\",\"@id\":\"https:\\\/\\\/www.van-beek.nl\\\/de\\\/#organization\",\"name\":\"Transportschroeven- en machinefabriek Van Beek B.V.\",\"url\":\"https:\\\/\\\/www.van-beek.nl\\\/de\\\/\",\"logo\":{\"@type\":\"ImageObject\",\"inLanguage\":\"de\",\"@id\":\"https:\\\/\\\/www.van-beek.nl\\\/de\\\/#\\\/schema\\\/logo\\\/image\\\/\",\"url\":\"https:\\\/\\\/van-beek.nl\\\/wp-content\\\/uploads\\\/2020\\\/04\\\/VanBeek-logo.png\",\"contentUrl\":\"https:\\\/\\\/van-beek.nl\\\/wp-content\\\/uploads\\\/2020\\\/04\\\/VanBeek-logo.png\",\"width\":116,\"height\":22,\"caption\":\"Transportschroeven- en machinefabriek Van Beek B.V.\"},\"image\":{\"@id\":\"https:\\\/\\\/www.van-beek.nl\\\/de\\\/#\\\/schema\\\/logo\\\/image\\\/\"}},{\"@type\":\"Person\",\"@id\":\"https:\\\/\\\/www.van-beek.nl\\\/de\\\/#\\\/schema\\\/person\\\/1a0605f4f0a605c2997f2e484e274470\",\"name\":\"Birgit\",\"image\":{\"@type\":\"ImageObject\",\"inLanguage\":\"de\",\"@id\":\"https:\\\/\\\/secure.gravatar.com\\\/avatar\\\/02b3dab0a329e4add93a0160a1588896c20ecbe51cf814ca65eb69d16af71b4c?s=96&d=mm&r=g\",\"url\":\"https:\\\/\\\/secure.gravatar.com\\\/avatar\\\/02b3dab0a329e4add93a0160a1588896c20ecbe51cf814ca65eb69d16af71b4c?s=96&d=mm&r=g\",\"contentUrl\":\"https:\\\/\\\/secure.gravatar.com\\\/avatar\\\/02b3dab0a329e4add93a0160a1588896c20ecbe51cf814ca65eb69d16af71b4c?s=96&d=mm&r=g\",\"caption\":\"Birgit\"}}]}<\/script>\n<!-- \/ Yoast SEO plugin. -->","yoast_head_json":{"title":"Van Beek realisiert mit 1.300 Sonnenkollektoren den n\u00e4chsten Schritt in Sachen Nachhaltigkeit - Van Beek Schroeftransport","robots":{"index":"index","follow":"follow","max-snippet":"max-snippet:-1","max-image-preview":"max-image-preview:large","max-video-preview":"max-video-preview:-1"},"canonical":"https:\/\/www.van-beek.nl\/de\/van-beek-realisiert-mit-1-300-sonnenkollektoren-den-naechsten-schritt-in-sachen-nachhaltigkeit\/","og_locale":"de_DE","og_type":"article","og_title":"Van Beek realisiert mit 1.300 Sonnenkollektoren den n\u00e4chsten Schritt in Sachen Nachhaltigkeit - Van Beek Schroeftransport","og_description":"Seit diesem Sommer strahlen 1.300 Sonnenkollektoren auf dem Dach von Van Beek. Nach u. a. W\u00e4rmer\u00fcckgewinnung aus Abluft, M\u00fclltrennung und Reduzierung des Kunststoffverbrauchs unternimmt das Unternehmen nun einen weiteren Schritt, um seinen Standort in Drunen nachhaltiger zu gestalten. \u201eDies entspricht unserem Bestreben, die Wirtschaft nachhaltig zu gestalten\u201c, sagt Gesch\u00e4ftsf\u00fchrer Perry Verberne. Bei der stattlichen Anzahl [&hellip;]","og_url":"https:\/\/www.van-beek.nl\/de\/van-beek-realisiert-mit-1-300-sonnenkollektoren-den-naechsten-schritt-in-sachen-nachhaltigkeit\/","og_site_name":"Van Beek Schroeftransport","article_published_time":"2021-09-28T08:12:48+00:00","article_modified_time":"2021-09-29T08:35:43+00:00","og_image":[{"width":2560,"height":1440,"url":"https:\/\/www.van-beek.nl\/wp-content\/uploads\/2021\/09\/Zonnenpanelen-drone-scaled.jpg","type":"image\/jpeg"}],"author":"Birgit","twitter_card":"summary_large_image","twitter_misc":{"Verfasst von":"Birgit","Gesch\u00e4tzte Lesezeit":"2\u00a0Minuten"},"schema":{"@context":"https:\/\/schema.org","@graph":[{"@type":"Article","@id":"https:\/\/www.van-beek.nl\/de\/van-beek-realisiert-mit-1-300-sonnenkollektoren-den-naechsten-schritt-in-sachen-nachhaltigkeit\/#article","isPartOf":{"@id":"https:\/\/www.van-beek.nl\/de\/van-beek-realisiert-mit-1-300-sonnenkollektoren-den-naechsten-schritt-in-sachen-nachhaltigkeit\/"},"author":{"name":"Birgit","@id":"https:\/\/www.van-beek.nl\/de\/#\/schema\/person\/1a0605f4f0a605c2997f2e484e274470"},"headline":"Van Beek realisiert mit 1.300 Sonnenkollektoren den n\u00e4chsten Schritt in Sachen Nachhaltigkeit","datePublished":"2021-09-28T08:12:48+00:00","dateModified":"2021-09-29T08:35:43+00:00","mainEntityOfPage":{"@id":"https:\/\/www.van-beek.nl\/de\/van-beek-realisiert-mit-1-300-sonnenkollektoren-den-naechsten-schritt-in-sachen-nachhaltigkeit\/"},"wordCount":450,"commentCount":0,"publisher":{"@id":"https:\/\/www.van-beek.nl\/de\/#organization"},"image":{"@id":"https:\/\/www.van-beek.nl\/de\/van-beek-realisiert-mit-1-300-sonnenkollektoren-den-naechsten-schritt-in-sachen-nachhaltigkeit\/#primaryimage"},"thumbnailUrl":"https:\/\/www.van-beek.nl\/wp-content\/uploads\/2021\/09\/Zonnenpanelen-drone-scaled.jpg","articleSection":["Beek","Celsius","Dino"],"inLanguage":"de","potentialAction":[{"@type":"CommentAction","name":"Comment","target":["https:\/\/www.van-beek.nl\/de\/van-beek-realisiert-mit-1-300-sonnenkollektoren-den-naechsten-schritt-in-sachen-nachhaltigkeit\/#respond"]}]},{"@type":"WebPage","@id":"https:\/\/www.van-beek.nl\/de\/van-beek-realisiert-mit-1-300-sonnenkollektoren-den-naechsten-schritt-in-sachen-nachhaltigkeit\/","url":"https:\/\/www.van-beek.nl\/de\/van-beek-realisiert-mit-1-300-sonnenkollektoren-den-naechsten-schritt-in-sachen-nachhaltigkeit\/","name":"Van Beek realisiert mit 1.300 Sonnenkollektoren den n\u00e4chsten Schritt in Sachen Nachhaltigkeit - Van Beek Schroeftransport","isPartOf":{"@id":"https:\/\/www.van-beek.nl\/de\/#website"},"primaryImageOfPage":{"@id":"https:\/\/www.van-beek.nl\/de\/van-beek-realisiert-mit-1-300-sonnenkollektoren-den-naechsten-schritt-in-sachen-nachhaltigkeit\/#primaryimage"},"image":{"@id":"https:\/\/www.van-beek.nl\/de\/van-beek-realisiert-mit-1-300-sonnenkollektoren-den-naechsten-schritt-in-sachen-nachhaltigkeit\/#primaryimage"},"thumbnailUrl":"https:\/\/www.van-beek.nl\/wp-content\/uploads\/2021\/09\/Zonnenpanelen-drone-scaled.jpg","datePublished":"2021-09-28T08:12:48+00:00","dateModified":"2021-09-29T08:35:43+00:00","breadcrumb":{"@id":"https:\/\/www.van-beek.nl\/de\/van-beek-realisiert-mit-1-300-sonnenkollektoren-den-naechsten-schritt-in-sachen-nachhaltigkeit\/#breadcrumb"},"inLanguage":"de","potentialAction":[{"@type":"ReadAction","target":["https:\/\/www.van-beek.nl\/de\/van-beek-realisiert-mit-1-300-sonnenkollektoren-den-naechsten-schritt-in-sachen-nachhaltigkeit\/"]}]},{"@type":"ImageObject","inLanguage":"de","@id":"https:\/\/www.van-beek.nl\/de\/van-beek-realisiert-mit-1-300-sonnenkollektoren-den-naechsten-schritt-in-sachen-nachhaltigkeit\/#primaryimage","url":"https:\/\/www.van-beek.nl\/wp-content\/uploads\/2021\/09\/Zonnenpanelen-drone-scaled.jpg","contentUrl":"https:\/\/www.van-beek.nl\/wp-content\/uploads\/2021\/09\/Zonnenpanelen-drone-scaled.jpg","width":2560,"height":1440,"caption":"DCIM100MEDIADJI_0006.JPG"},{"@type":"BreadcrumbList","@id":"https:\/\/www.van-beek.nl\/de\/van-beek-realisiert-mit-1-300-sonnenkollektoren-den-naechsten-schritt-in-sachen-nachhaltigkeit\/#breadcrumb","itemListElement":[{"@type":"ListItem","position":1,"name":"Home","item":"https:\/\/www.van-beek.nl\/de\/"},{"@type":"ListItem","position":2,"name":"Van Beek realisiert mit 1.300 Sonnenkollektoren den n\u00e4chsten Schritt in Sachen Nachhaltigkeit"}]},{"@type":"WebSite","@id":"https:\/\/www.van-beek.nl\/de\/#website","url":"https:\/\/www.van-beek.nl\/de\/","name":"Van Beek Schroeftransport","description":"","publisher":{"@id":"https:\/\/www.van-beek.nl\/de\/#organization"},"potentialAction":[{"@type":"SearchAction","target":{"@type":"EntryPoint","urlTemplate":"https:\/\/www.van-beek.nl\/de\/?s={search_term_string}"},"query-input":{"@type":"PropertyValueSpecification","valueRequired":true,"valueName":"search_term_string"}}],"inLanguage":"de"},{"@type":"Organization","@id":"https:\/\/www.van-beek.nl\/de\/#organization","name":"Transportschroeven- en machinefabriek Van Beek B.V.","url":"https:\/\/www.van-beek.nl\/de\/","logo":{"@type":"ImageObject","inLanguage":"de","@id":"https:\/\/www.van-beek.nl\/de\/#\/schema\/logo\/image\/","url":"https:\/\/van-beek.nl\/wp-content\/uploads\/2020\/04\/VanBeek-logo.png","contentUrl":"https:\/\/van-beek.nl\/wp-content\/uploads\/2020\/04\/VanBeek-logo.png","width":116,"height":22,"caption":"Transportschroeven- en machinefabriek Van Beek B.V."},"image":{"@id":"https:\/\/www.van-beek.nl\/de\/#\/schema\/logo\/image\/"}},{"@type":"Person","@id":"https:\/\/www.van-beek.nl\/de\/#\/schema\/person\/1a0605f4f0a605c2997f2e484e274470","name":"Birgit","image":{"@type":"ImageObject","inLanguage":"de","@id":"https:\/\/secure.gravatar.com\/avatar\/02b3dab0a329e4add93a0160a1588896c20ecbe51cf814ca65eb69d16af71b4c?s=96&d=mm&r=g","url":"https:\/\/secure.gravatar.com\/avatar\/02b3dab0a329e4add93a0160a1588896c20ecbe51cf814ca65eb69d16af71b4c?s=96&d=mm&r=g","contentUrl":"https:\/\/secure.gravatar.com\/avatar\/02b3dab0a329e4add93a0160a1588896c20ecbe51cf814ca65eb69d16af71b4c?s=96&d=mm&r=g","caption":"Birgit"}}]}},"_links":{"self":[{"href":"https:\/\/www.van-beek.nl\/de\/wp-json\/wp\/v2\/posts\/9272","targetHints":{"allow":["GET"]}}],"collection":[{"href":"https:\/\/www.van-beek.nl\/de\/wp-json\/wp\/v2\/posts"}],"about":[{"href":"https:\/\/www.van-beek.nl\/de\/wp-json\/wp\/v2\/types\/post"}],"author":[{"embeddable":true,"href":"https:\/\/www.van-beek.nl\/de\/wp-json\/wp\/v2\/users\/5"}],"replies":[{"embeddable":true,"href":"https:\/\/www.van-beek.nl\/de\/wp-json\/wp\/v2\/comments?post=9272"}],"version-history":[{"count":1,"href":"https:\/\/www.van-beek.nl\/de\/wp-json\/wp\/v2\/posts\/9272\/revisions"}],"predecessor-version":[{"id":9273,"href":"https:\/\/www.van-beek.nl\/de\/wp-json\/wp\/v2\/posts\/9272\/revisions\/9273"}],"wp:featuredmedia":[{"embeddable":true,"href":"https:\/\/www.van-beek.nl\/de\/wp-json\/wp\/v2\/media\/9268"}],"wp:attachment":[{"href":"https:\/\/www.van-beek.nl\/de\/wp-json\/wp\/v2\/media?parent=9272"}],"wp:term":[{"taxonomy":"category","embeddable":true,"href":"https:\/\/www.van-beek.nl\/de\/wp-json\/wp\/v2\/categories?post=9272"},{"taxonomy":"post_tag","embeddable":true,"href":"https:\/\/www.van-beek.nl\/de\/wp-json\/wp\/v2\/tags?post=9272"}],"curies":[{"name":"wp","href":"https:\/\/api.w.org\/{rel}","templated":true}]}}