{"id":9281,"date":"2021-09-28T08:53:16","date_gmt":"2021-09-28T08:53:16","guid":{"rendered":"https:\/\/van-beek.nl\/?p=9281"},"modified":"2021-09-29T08:34:13","modified_gmt":"2021-09-29T08:34:13","slug":"sensibilisierung-der-mitarbeiter-von-van-beek-fuer-risiken-und-sicherheit-durch-vca-zertifikat","status":"publish","type":"post","link":"https:\/\/www.van-beek.nl\/de\/sensibilisierung-der-mitarbeiter-von-van-beek-fuer-risiken-und-sicherheit-durch-vca-zertifikat\/","title":{"rendered":"Sensibilisierung der Mitarbeiter von Van Beek f\u00fcr Risiken und Sicherheit durch VCA-Zertifikat"},"content":{"rendered":"<p><strong>Sicherheit am Arbeitsplatz hatte f\u00fcr Van Beek schon immer einen hohen Stellenwert, aber die k\u00fcrzlich erfolgte Zertifizierung mit dem VCA*-Zertifikat (Veiligheid, gezondheid en milieu Checklist Aannemers, entsprechend dem in Deutschland verwendeten Sicherheits Certifikat Contraktoren, SCC) hat eine unvorhergesehene, positive Kettenreaktion bei unseren Mitarbeitenden ausgel\u00f6st. \u201eDas Thema ist aktueller denn je, jeder ist sich von der Bedeutung der Sicherheit am Arbeitsplatz bewusst\u201c, sagt Johan van Drongelen, Maschinenbauingenieur und Pr\u00e4ventionsbeauftragter bei Van Beek.<\/strong><\/p>\n<p>Arbeitsplatzinspektionen und Risikobestandsaufnahmen und -bewertungen sind bei Van Beek schon l\u00e4nger ein fester Bestandteil des betriebsinternen Sicherheitsmanagements. Diese wurden jedoch nicht immer auch offiziell dokumentiert, wie es die VCA*-Zertifizierung vorschreibt. Au\u00dferdem ist eine umfassende Liste von Sicherheits- und Gesundheitsaspekten und Arbeitsmethoden zu beachten. Das nach einer eingehenden Pr\u00fcfung von T\u00dcV Nederland ausgestellte Zertifikat dient der Sensibilisierung f\u00fcr Risiken und Sicherheitsaspekte innerhalb eines Unternehmens, um die Anzahl der Unf\u00e4lle zu verringern. Die Vorbereitung auf die VCA-Pr\u00fcfung nahm mehr als vier Monate in Anspruch. \u201eVieles wurde bereits dokumentiert, aber nicht alles, wie zum Beispiel die Arbeitsplatzinspektionen. Das Gleiche galt f\u00fcr die Risikoanalyse vor Ort. In diesem Zusammenhang haben wir bereits eine Untersuchung der Ebenheit der Bodenfl\u00e4chen durchgef\u00fchrt, um festzustellen, ob sichere Stellfl\u00e4chen verf\u00fcgbar oder zus\u00e4tzliche Hilfsmittel erforderlich sind. Auch dies wurde bis vor Kurzem nicht registriert\u201c, erkl\u00e4rt der Pr\u00e4ventionsbeauftragte und f\u00fcgt hinzu, dass jetzt alle Daten unmittelbar digital erfasst und gespeichert werden.<\/p>\n<p><strong>Alarmierung im Falle von Gefahrensituationen<\/strong><br \/>\n\u201eW\u00e4hrend der Vorbereitung auf das VCA-Audit konnten wir alle Mitarbeitenden f\u00fcr die Sicherheitsrisiken sensibilisieren und sie auch st\u00e4rker einbinden. Es entstand ein gemeinsames Verantwortungsgef\u00fchl. Anders als fr\u00fcher trauen sich die Mitarbeitenden jetzt auch, sich gegenseitig und Besucher auf unsichere Situationen aufmerksam zu machen\u201c, sagt Van Drongelen. So werden z. B. auch externe Arbeitskr\u00e4fte freundlich darauf hingewiesen, wenn sie vergessen haben, sich am Arbeitskorb der Arbeitsb\u00fchne zu sichern, bei einer Arbeitsplatzinspektion werden Ideen eingebracht, um das Arbeitsumfeld noch sicherer zu gestalten und es wird proaktiv darauf geachtet, ob ein Hebegurt aufgrund von Verschlei\u00dferscheinungen nicht fr\u00fcher als geplant ersetzt werden sollte. Auch die regelm\u00e4\u00dfig stattfindenden Toolbox-Meetings erfreuen sich zunehmender Beliebtheit. Bei diesen Meetings informieren Gastredner die Mitarbeitenden \u00fcber ein bestimmtes Sicherheitsthema, in der Regel geht es dabei um Werkzeuge und pers\u00f6nliche Schutzausr\u00fcstung.<\/p>\n<p><strong>Grundvoraussetzung f\u00fcr Auftraggeber<\/strong><br \/>\nDie VCA*-Zertifizierung sorgt nicht nur intern f\u00fcr eine Sensibilisierung der Mitarbeitenden f\u00fcr Sicherheitsrisiken. Auch f\u00fcr immer mehr Auftraggeber ist die Zertifizierung eine Grundvoraussetzung, insbesondere bei risikoreichen Arbeiten. Ein Unternehmen, das nicht VCA-zertifiziert ist, riskiert, den Auftrag nicht zu erhalten. Van Drongelen: \u201eIn der Vergangenheit konnte es vorkommen, dass unsere Mitarbeitenden von Mitarbeitenden unseres Kunden beaufsichtigt wurden. Verst\u00e4ndlicherweise stie\u00df dies manchmal auf Widerstand, da nicht wir, sondern der Kunde verantwortlich war. Die Verantwortung bei risikoreichen Arbeiten vor Ort liegt dank unserer VCA*-Zertifizierung jetzt vollst\u00e4ndig bei Van Beek!\u201c<\/p>\n<p>Van Drongelen ist stolz darauf, dass seine Kolleginnen und Kollegen mehr denn je auf ihre eigene Sicherheit und die Sicherheit anderer achten: \u201eWir m\u00fcssen nur daf\u00fcr sorgen, dass wir unsere Mitarbeitenden weiterhin motivieren, mit einbeziehen und sensibilisieren!\u201c<\/p>\n","protected":false},"excerpt":{"rendered":"<p>Sicherheit am Arbeitsplatz hatte f\u00fcr Van Beek schon immer einen hohen Stellenwert, aber die k\u00fcrzlich erfolgte Zertifizierung mit dem VCA*-Zertifikat (Veiligheid, gezondheid en milieu Checklist Aannemers, entsprechend dem in Deutschland verwendeten Sicherheits Certifikat Contraktoren, SCC) hat eine unvorhergesehene, positive Kettenreaktion bei unseren Mitarbeitenden ausgel\u00f6st. \u201eDas Thema ist aktueller denn je, jeder ist sich von der [&hellip;]<\/p>\n","protected":false},"author":5,"featured_media":9277,"comment_status":"open","ping_status":"closed","sticky":false,"template":"","format":"standard","meta":{"_acf_changed":false,"content-type":"","inline_featured_image":false,"footnotes":""},"categories":[29,30,31],"tags":[],"class_list":["post-9281","post","type-post","status-publish","format-standard","has-post-thumbnail","hentry","category-beek-de","category-celsius-de","category-dino-de"],"acf":[],"yoast_head":"<!-- This site is optimized with the Yoast SEO plugin v27.5 - https:\/\/yoast.com\/product\/yoast-seo-wordpress\/ -->\n<title>Sensibilisierung der Mitarbeiter von Van Beek f\u00fcr Risiken und Sicherheit durch VCA-Zertifikat - Van Beek Schroeftransport<\/title>\n<meta name=\"robots\" content=\"index, follow, max-snippet:-1, max-image-preview:large, max-video-preview:-1\" \/>\n<link rel=\"canonical\" href=\"https:\/\/www.van-beek.nl\/de\/sensibilisierung-der-mitarbeiter-von-van-beek-fuer-risiken-und-sicherheit-durch-vca-zertifikat\/\" \/>\n<meta property=\"og:locale\" content=\"de_DE\" \/>\n<meta property=\"og:type\" content=\"article\" \/>\n<meta property=\"og:title\" content=\"Sensibilisierung der Mitarbeiter von Van Beek f\u00fcr Risiken und Sicherheit durch VCA-Zertifikat - Van Beek Schroeftransport\" \/>\n<meta property=\"og:description\" content=\"Sicherheit am Arbeitsplatz hatte f\u00fcr Van Beek schon immer einen hohen Stellenwert, aber die k\u00fcrzlich erfolgte Zertifizierung mit dem VCA*-Zertifikat (Veiligheid, gezondheid en milieu Checklist Aannemers, entsprechend dem in Deutschland verwendeten Sicherheits Certifikat Contraktoren, SCC) hat eine unvorhergesehene, positive Kettenreaktion bei unseren Mitarbeitenden ausgel\u00f6st. \u201eDas Thema ist aktueller denn je, jeder ist sich von der [&hellip;]\" \/>\n<meta property=\"og:url\" content=\"https:\/\/www.van-beek.nl\/de\/sensibilisierung-der-mitarbeiter-von-van-beek-fuer-risiken-und-sicherheit-durch-vca-zertifikat\/\" \/>\n<meta property=\"og:site_name\" content=\"Van Beek Schroeftransport\" \/>\n<meta property=\"article:published_time\" content=\"2021-09-28T08:53:16+00:00\" \/>\n<meta property=\"article:modified_time\" content=\"2021-09-29T08:34:13+00:00\" \/>\n<meta property=\"og:image\" content=\"https:\/\/www.van-beek.nl\/wp-content\/uploads\/2021\/09\/690561_REKO_32.jpg\" \/>\n\t<meta property=\"og:image:width\" content=\"2400\" \/>\n\t<meta property=\"og:image:height\" content=\"1600\" \/>\n\t<meta property=\"og:image:type\" content=\"image\/jpeg\" \/>\n<meta name=\"author\" content=\"Birgit\" \/>\n<meta name=\"twitter:card\" content=\"summary_large_image\" \/>\n<meta name=\"twitter:label1\" content=\"Verfasst von\" \/>\n\t<meta name=\"twitter:data1\" content=\"Birgit\" \/>\n\t<meta name=\"twitter:label2\" content=\"Gesch\u00e4tzte Lesezeit\" \/>\n\t<meta name=\"twitter:data2\" content=\"3\u00a0Minuten\" \/>\n<script type=\"application\/ld+json\" class=\"yoast-schema-graph\">{\"@context\":\"https:\\\/\\\/schema.org\",\"@graph\":[{\"@type\":\"Article\",\"@id\":\"https:\\\/\\\/www.van-beek.nl\\\/de\\\/sensibilisierung-der-mitarbeiter-von-van-beek-fuer-risiken-und-sicherheit-durch-vca-zertifikat\\\/#article\",\"isPartOf\":{\"@id\":\"https:\\\/\\\/www.van-beek.nl\\\/de\\\/sensibilisierung-der-mitarbeiter-von-van-beek-fuer-risiken-und-sicherheit-durch-vca-zertifikat\\\/\"},\"author\":{\"name\":\"Birgit\",\"@id\":\"https:\\\/\\\/www.van-beek.nl\\\/de\\\/#\\\/schema\\\/person\\\/1a0605f4f0a605c2997f2e484e274470\"},\"headline\":\"Sensibilisierung der Mitarbeiter von Van Beek f\u00fcr Risiken und Sicherheit durch VCA-Zertifikat\",\"datePublished\":\"2021-09-28T08:53:16+00:00\",\"dateModified\":\"2021-09-29T08:34:13+00:00\",\"mainEntityOfPage\":{\"@id\":\"https:\\\/\\\/www.van-beek.nl\\\/de\\\/sensibilisierung-der-mitarbeiter-von-van-beek-fuer-risiken-und-sicherheit-durch-vca-zertifikat\\\/\"},\"wordCount\":539,\"commentCount\":0,\"publisher\":{\"@id\":\"https:\\\/\\\/www.van-beek.nl\\\/de\\\/#organization\"},\"image\":{\"@id\":\"https:\\\/\\\/www.van-beek.nl\\\/de\\\/sensibilisierung-der-mitarbeiter-von-van-beek-fuer-risiken-und-sicherheit-durch-vca-zertifikat\\\/#primaryimage\"},\"thumbnailUrl\":\"https:\\\/\\\/www.van-beek.nl\\\/wp-content\\\/uploads\\\/2021\\\/09\\\/690561_REKO_32.jpg\",\"articleSection\":[\"Beek\",\"Celsius\",\"Dino\"],\"inLanguage\":\"de\",\"potentialAction\":[{\"@type\":\"CommentAction\",\"name\":\"Comment\",\"target\":[\"https:\\\/\\\/www.van-beek.nl\\\/de\\\/sensibilisierung-der-mitarbeiter-von-van-beek-fuer-risiken-und-sicherheit-durch-vca-zertifikat\\\/#respond\"]}]},{\"@type\":\"WebPage\",\"@id\":\"https:\\\/\\\/www.van-beek.nl\\\/de\\\/sensibilisierung-der-mitarbeiter-von-van-beek-fuer-risiken-und-sicherheit-durch-vca-zertifikat\\\/\",\"url\":\"https:\\\/\\\/www.van-beek.nl\\\/de\\\/sensibilisierung-der-mitarbeiter-von-van-beek-fuer-risiken-und-sicherheit-durch-vca-zertifikat\\\/\",\"name\":\"Sensibilisierung der Mitarbeiter von Van Beek f\u00fcr Risiken und Sicherheit durch VCA-Zertifikat - Van Beek Schroeftransport\",\"isPartOf\":{\"@id\":\"https:\\\/\\\/www.van-beek.nl\\\/de\\\/#website\"},\"primaryImageOfPage\":{\"@id\":\"https:\\\/\\\/www.van-beek.nl\\\/de\\\/sensibilisierung-der-mitarbeiter-von-van-beek-fuer-risiken-und-sicherheit-durch-vca-zertifikat\\\/#primaryimage\"},\"image\":{\"@id\":\"https:\\\/\\\/www.van-beek.nl\\\/de\\\/sensibilisierung-der-mitarbeiter-von-van-beek-fuer-risiken-und-sicherheit-durch-vca-zertifikat\\\/#primaryimage\"},\"thumbnailUrl\":\"https:\\\/\\\/www.van-beek.nl\\\/wp-content\\\/uploads\\\/2021\\\/09\\\/690561_REKO_32.jpg\",\"datePublished\":\"2021-09-28T08:53:16+00:00\",\"dateModified\":\"2021-09-29T08:34:13+00:00\",\"breadcrumb\":{\"@id\":\"https:\\\/\\\/www.van-beek.nl\\\/de\\\/sensibilisierung-der-mitarbeiter-von-van-beek-fuer-risiken-und-sicherheit-durch-vca-zertifikat\\\/#breadcrumb\"},\"inLanguage\":\"de\",\"potentialAction\":[{\"@type\":\"ReadAction\",\"target\":[\"https:\\\/\\\/www.van-beek.nl\\\/de\\\/sensibilisierung-der-mitarbeiter-von-van-beek-fuer-risiken-und-sicherheit-durch-vca-zertifikat\\\/\"]}]},{\"@type\":\"ImageObject\",\"inLanguage\":\"de\",\"@id\":\"https:\\\/\\\/www.van-beek.nl\\\/de\\\/sensibilisierung-der-mitarbeiter-von-van-beek-fuer-risiken-und-sicherheit-durch-vca-zertifikat\\\/#primaryimage\",\"url\":\"https:\\\/\\\/www.van-beek.nl\\\/wp-content\\\/uploads\\\/2021\\\/09\\\/690561_REKO_32.jpg\",\"contentUrl\":\"https:\\\/\\\/www.van-beek.nl\\\/wp-content\\\/uploads\\\/2021\\\/09\\\/690561_REKO_32.jpg\",\"width\":2400,\"height\":1600},{\"@type\":\"BreadcrumbList\",\"@id\":\"https:\\\/\\\/www.van-beek.nl\\\/de\\\/sensibilisierung-der-mitarbeiter-von-van-beek-fuer-risiken-und-sicherheit-durch-vca-zertifikat\\\/#breadcrumb\",\"itemListElement\":[{\"@type\":\"ListItem\",\"position\":1,\"name\":\"Home\",\"item\":\"https:\\\/\\\/www.van-beek.nl\\\/de\\\/\"},{\"@type\":\"ListItem\",\"position\":2,\"name\":\"Sensibilisierung der Mitarbeiter von Van Beek f\u00fcr Risiken und Sicherheit durch VCA-Zertifikat\"}]},{\"@type\":\"WebSite\",\"@id\":\"https:\\\/\\\/www.van-beek.nl\\\/de\\\/#website\",\"url\":\"https:\\\/\\\/www.van-beek.nl\\\/de\\\/\",\"name\":\"Van Beek Schroeftransport\",\"description\":\"\",\"publisher\":{\"@id\":\"https:\\\/\\\/www.van-beek.nl\\\/de\\\/#organization\"},\"potentialAction\":[{\"@type\":\"SearchAction\",\"target\":{\"@type\":\"EntryPoint\",\"urlTemplate\":\"https:\\\/\\\/www.van-beek.nl\\\/de\\\/?s={search_term_string}\"},\"query-input\":{\"@type\":\"PropertyValueSpecification\",\"valueRequired\":true,\"valueName\":\"search_term_string\"}}],\"inLanguage\":\"de\"},{\"@type\":\"Organization\",\"@id\":\"https:\\\/\\\/www.van-beek.nl\\\/de\\\/#organization\",\"name\":\"Transportschroeven- en machinefabriek Van Beek B.V.\",\"url\":\"https:\\\/\\\/www.van-beek.nl\\\/de\\\/\",\"logo\":{\"@type\":\"ImageObject\",\"inLanguage\":\"de\",\"@id\":\"https:\\\/\\\/www.van-beek.nl\\\/de\\\/#\\\/schema\\\/logo\\\/image\\\/\",\"url\":\"https:\\\/\\\/van-beek.nl\\\/wp-content\\\/uploads\\\/2020\\\/04\\\/VanBeek-logo.png\",\"contentUrl\":\"https:\\\/\\\/van-beek.nl\\\/wp-content\\\/uploads\\\/2020\\\/04\\\/VanBeek-logo.png\",\"width\":116,\"height\":22,\"caption\":\"Transportschroeven- en machinefabriek Van Beek B.V.\"},\"image\":{\"@id\":\"https:\\\/\\\/www.van-beek.nl\\\/de\\\/#\\\/schema\\\/logo\\\/image\\\/\"}},{\"@type\":\"Person\",\"@id\":\"https:\\\/\\\/www.van-beek.nl\\\/de\\\/#\\\/schema\\\/person\\\/1a0605f4f0a605c2997f2e484e274470\",\"name\":\"Birgit\",\"image\":{\"@type\":\"ImageObject\",\"inLanguage\":\"de\",\"@id\":\"https:\\\/\\\/secure.gravatar.com\\\/avatar\\\/02b3dab0a329e4add93a0160a1588896c20ecbe51cf814ca65eb69d16af71b4c?s=96&d=mm&r=g\",\"url\":\"https:\\\/\\\/secure.gravatar.com\\\/avatar\\\/02b3dab0a329e4add93a0160a1588896c20ecbe51cf814ca65eb69d16af71b4c?s=96&d=mm&r=g\",\"contentUrl\":\"https:\\\/\\\/secure.gravatar.com\\\/avatar\\\/02b3dab0a329e4add93a0160a1588896c20ecbe51cf814ca65eb69d16af71b4c?s=96&d=mm&r=g\",\"caption\":\"Birgit\"}}]}<\/script>\n<!-- \/ Yoast SEO plugin. -->","yoast_head_json":{"title":"Sensibilisierung der Mitarbeiter von Van Beek f\u00fcr Risiken und Sicherheit durch VCA-Zertifikat - Van Beek Schroeftransport","robots":{"index":"index","follow":"follow","max-snippet":"max-snippet:-1","max-image-preview":"max-image-preview:large","max-video-preview":"max-video-preview:-1"},"canonical":"https:\/\/www.van-beek.nl\/de\/sensibilisierung-der-mitarbeiter-von-van-beek-fuer-risiken-und-sicherheit-durch-vca-zertifikat\/","og_locale":"de_DE","og_type":"article","og_title":"Sensibilisierung der Mitarbeiter von Van Beek f\u00fcr Risiken und Sicherheit durch VCA-Zertifikat - Van Beek Schroeftransport","og_description":"Sicherheit am Arbeitsplatz hatte f\u00fcr Van Beek schon immer einen hohen Stellenwert, aber die k\u00fcrzlich erfolgte Zertifizierung mit dem VCA*-Zertifikat (Veiligheid, gezondheid en milieu Checklist Aannemers, entsprechend dem in Deutschland verwendeten Sicherheits Certifikat Contraktoren, SCC) hat eine unvorhergesehene, positive Kettenreaktion bei unseren Mitarbeitenden ausgel\u00f6st. \u201eDas Thema ist aktueller denn je, jeder ist sich von der [&hellip;]","og_url":"https:\/\/www.van-beek.nl\/de\/sensibilisierung-der-mitarbeiter-von-van-beek-fuer-risiken-und-sicherheit-durch-vca-zertifikat\/","og_site_name":"Van Beek Schroeftransport","article_published_time":"2021-09-28T08:53:16+00:00","article_modified_time":"2021-09-29T08:34:13+00:00","og_image":[{"width":2400,"height":1600,"url":"https:\/\/www.van-beek.nl\/wp-content\/uploads\/2021\/09\/690561_REKO_32.jpg","type":"image\/jpeg"}],"author":"Birgit","twitter_card":"summary_large_image","twitter_misc":{"Verfasst von":"Birgit","Gesch\u00e4tzte Lesezeit":"3\u00a0Minuten"},"schema":{"@context":"https:\/\/schema.org","@graph":[{"@type":"Article","@id":"https:\/\/www.van-beek.nl\/de\/sensibilisierung-der-mitarbeiter-von-van-beek-fuer-risiken-und-sicherheit-durch-vca-zertifikat\/#article","isPartOf":{"@id":"https:\/\/www.van-beek.nl\/de\/sensibilisierung-der-mitarbeiter-von-van-beek-fuer-risiken-und-sicherheit-durch-vca-zertifikat\/"},"author":{"name":"Birgit","@id":"https:\/\/www.van-beek.nl\/de\/#\/schema\/person\/1a0605f4f0a605c2997f2e484e274470"},"headline":"Sensibilisierung der Mitarbeiter von Van Beek f\u00fcr Risiken und Sicherheit durch VCA-Zertifikat","datePublished":"2021-09-28T08:53:16+00:00","dateModified":"2021-09-29T08:34:13+00:00","mainEntityOfPage":{"@id":"https:\/\/www.van-beek.nl\/de\/sensibilisierung-der-mitarbeiter-von-van-beek-fuer-risiken-und-sicherheit-durch-vca-zertifikat\/"},"wordCount":539,"commentCount":0,"publisher":{"@id":"https:\/\/www.van-beek.nl\/de\/#organization"},"image":{"@id":"https:\/\/www.van-beek.nl\/de\/sensibilisierung-der-mitarbeiter-von-van-beek-fuer-risiken-und-sicherheit-durch-vca-zertifikat\/#primaryimage"},"thumbnailUrl":"https:\/\/www.van-beek.nl\/wp-content\/uploads\/2021\/09\/690561_REKO_32.jpg","articleSection":["Beek","Celsius","Dino"],"inLanguage":"de","potentialAction":[{"@type":"CommentAction","name":"Comment","target":["https:\/\/www.van-beek.nl\/de\/sensibilisierung-der-mitarbeiter-von-van-beek-fuer-risiken-und-sicherheit-durch-vca-zertifikat\/#respond"]}]},{"@type":"WebPage","@id":"https:\/\/www.van-beek.nl\/de\/sensibilisierung-der-mitarbeiter-von-van-beek-fuer-risiken-und-sicherheit-durch-vca-zertifikat\/","url":"https:\/\/www.van-beek.nl\/de\/sensibilisierung-der-mitarbeiter-von-van-beek-fuer-risiken-und-sicherheit-durch-vca-zertifikat\/","name":"Sensibilisierung der Mitarbeiter von Van Beek f\u00fcr Risiken und Sicherheit durch VCA-Zertifikat - Van Beek Schroeftransport","isPartOf":{"@id":"https:\/\/www.van-beek.nl\/de\/#website"},"primaryImageOfPage":{"@id":"https:\/\/www.van-beek.nl\/de\/sensibilisierung-der-mitarbeiter-von-van-beek-fuer-risiken-und-sicherheit-durch-vca-zertifikat\/#primaryimage"},"image":{"@id":"https:\/\/www.van-beek.nl\/de\/sensibilisierung-der-mitarbeiter-von-van-beek-fuer-risiken-und-sicherheit-durch-vca-zertifikat\/#primaryimage"},"thumbnailUrl":"https:\/\/www.van-beek.nl\/wp-content\/uploads\/2021\/09\/690561_REKO_32.jpg","datePublished":"2021-09-28T08:53:16+00:00","dateModified":"2021-09-29T08:34:13+00:00","breadcrumb":{"@id":"https:\/\/www.van-beek.nl\/de\/sensibilisierung-der-mitarbeiter-von-van-beek-fuer-risiken-und-sicherheit-durch-vca-zertifikat\/#breadcrumb"},"inLanguage":"de","potentialAction":[{"@type":"ReadAction","target":["https:\/\/www.van-beek.nl\/de\/sensibilisierung-der-mitarbeiter-von-van-beek-fuer-risiken-und-sicherheit-durch-vca-zertifikat\/"]}]},{"@type":"ImageObject","inLanguage":"de","@id":"https:\/\/www.van-beek.nl\/de\/sensibilisierung-der-mitarbeiter-von-van-beek-fuer-risiken-und-sicherheit-durch-vca-zertifikat\/#primaryimage","url":"https:\/\/www.van-beek.nl\/wp-content\/uploads\/2021\/09\/690561_REKO_32.jpg","contentUrl":"https:\/\/www.van-beek.nl\/wp-content\/uploads\/2021\/09\/690561_REKO_32.jpg","width":2400,"height":1600},{"@type":"BreadcrumbList","@id":"https:\/\/www.van-beek.nl\/de\/sensibilisierung-der-mitarbeiter-von-van-beek-fuer-risiken-und-sicherheit-durch-vca-zertifikat\/#breadcrumb","itemListElement":[{"@type":"ListItem","position":1,"name":"Home","item":"https:\/\/www.van-beek.nl\/de\/"},{"@type":"ListItem","position":2,"name":"Sensibilisierung der Mitarbeiter von Van Beek f\u00fcr Risiken und Sicherheit durch VCA-Zertifikat"}]},{"@type":"WebSite","@id":"https:\/\/www.van-beek.nl\/de\/#website","url":"https:\/\/www.van-beek.nl\/de\/","name":"Van Beek Schroeftransport","description":"","publisher":{"@id":"https:\/\/www.van-beek.nl\/de\/#organization"},"potentialAction":[{"@type":"SearchAction","target":{"@type":"EntryPoint","urlTemplate":"https:\/\/www.van-beek.nl\/de\/?s={search_term_string}"},"query-input":{"@type":"PropertyValueSpecification","valueRequired":true,"valueName":"search_term_string"}}],"inLanguage":"de"},{"@type":"Organization","@id":"https:\/\/www.van-beek.nl\/de\/#organization","name":"Transportschroeven- en machinefabriek Van Beek B.V.","url":"https:\/\/www.van-beek.nl\/de\/","logo":{"@type":"ImageObject","inLanguage":"de","@id":"https:\/\/www.van-beek.nl\/de\/#\/schema\/logo\/image\/","url":"https:\/\/van-beek.nl\/wp-content\/uploads\/2020\/04\/VanBeek-logo.png","contentUrl":"https:\/\/van-beek.nl\/wp-content\/uploads\/2020\/04\/VanBeek-logo.png","width":116,"height":22,"caption":"Transportschroeven- en machinefabriek Van Beek B.V."},"image":{"@id":"https:\/\/www.van-beek.nl\/de\/#\/schema\/logo\/image\/"}},{"@type":"Person","@id":"https:\/\/www.van-beek.nl\/de\/#\/schema\/person\/1a0605f4f0a605c2997f2e484e274470","name":"Birgit","image":{"@type":"ImageObject","inLanguage":"de","@id":"https:\/\/secure.gravatar.com\/avatar\/02b3dab0a329e4add93a0160a1588896c20ecbe51cf814ca65eb69d16af71b4c?s=96&d=mm&r=g","url":"https:\/\/secure.gravatar.com\/avatar\/02b3dab0a329e4add93a0160a1588896c20ecbe51cf814ca65eb69d16af71b4c?s=96&d=mm&r=g","contentUrl":"https:\/\/secure.gravatar.com\/avatar\/02b3dab0a329e4add93a0160a1588896c20ecbe51cf814ca65eb69d16af71b4c?s=96&d=mm&r=g","caption":"Birgit"}}]}},"_links":{"self":[{"href":"https:\/\/www.van-beek.nl\/de\/wp-json\/wp\/v2\/posts\/9281","targetHints":{"allow":["GET"]}}],"collection":[{"href":"https:\/\/www.van-beek.nl\/de\/wp-json\/wp\/v2\/posts"}],"about":[{"href":"https:\/\/www.van-beek.nl\/de\/wp-json\/wp\/v2\/types\/post"}],"author":[{"embeddable":true,"href":"https:\/\/www.van-beek.nl\/de\/wp-json\/wp\/v2\/users\/5"}],"replies":[{"embeddable":true,"href":"https:\/\/www.van-beek.nl\/de\/wp-json\/wp\/v2\/comments?post=9281"}],"version-history":[{"count":1,"href":"https:\/\/www.van-beek.nl\/de\/wp-json\/wp\/v2\/posts\/9281\/revisions"}],"predecessor-version":[{"id":9282,"href":"https:\/\/www.van-beek.nl\/de\/wp-json\/wp\/v2\/posts\/9281\/revisions\/9282"}],"wp:featuredmedia":[{"embeddable":true,"href":"https:\/\/www.van-beek.nl\/de\/wp-json\/wp\/v2\/media\/9277"}],"wp:attachment":[{"href":"https:\/\/www.van-beek.nl\/de\/wp-json\/wp\/v2\/media?parent=9281"}],"wp:term":[{"taxonomy":"category","embeddable":true,"href":"https:\/\/www.van-beek.nl\/de\/wp-json\/wp\/v2\/categories?post=9281"},{"taxonomy":"post_tag","embeddable":true,"href":"https:\/\/www.van-beek.nl\/de\/wp-json\/wp\/v2\/tags?post=9281"}],"curies":[{"name":"wp","href":"https:\/\/api.w.org\/{rel}","templated":true}]}}